{"id":17117,"date":"2025-07-21T07:31:03","date_gmt":"2025-07-21T11:31:03","guid":{"rendered":"https:\/\/agromt.news\/?p=17117"},"modified":"2025-07-21T07:31:03","modified_gmt":"2025-07-21T11:31:03","slug":"cultivo-de-pessego-tem-inicio-de-floracao","status":"publish","type":"post","link":"https:\/\/agromt.news\/?p=17117","title":{"rendered":"Cultivo de p\u00eassego tem in\u00edcio de flora\u00e7\u00e3o"},"content":{"rendered":"<p> <br \/>\n<\/p>\n<div>\n<div class=\"row\">\n<div class=\"col-lg col-infos mt-0 mt-lg-0\">\n<div class=\"section-sub-title\">\n<p itemprop=\"description\">&#13;<br \/>\n                                Regi\u00e3o Sul implanta cultivares tardias de p\u00eassego&#13;\n                            <\/p>\n<\/p><\/div>\n<div class=\"container\">\n<div class=\"row\">\n<div class=\"col-lg p-0\">\n<div>\n<div class=\"block-news-main-infos mt-3 text-start\">\n<p>                                            <strong class=\"fn\" itemprop=\"author\" style=\"color: rgb(112, 112, 112); \">&#13;<br \/>\n                                                <a href=\"https:\/\/www.agrolink.com.br\/noticias\/javascript:;\" class=\"text-uppercase\" target=\"_blank\" style=\"color: rgb(112, 112, 112); \" rel=\"noopener\">Agrolink<\/a>&#13;<br \/>\n&#13;<br \/>\n                                                    &#8211; Seane Lennon&#13;<br \/>\n&#13;<br \/>\n                                            <\/strong><br \/>\n                                        <\/p>\n<p>                                            <abbr><time datetime=\"2025-07-18T18:45\" itemprop=\"datePublished dateModified\">Publicado em 18\/07\/2025 \u00e0s 18:45h.<\/time><\/abbr><br \/>\n                                            <\/p><\/div>\n<\/p><\/div>\n<\/p><\/div>\n<div class=\"col-lg p-0 text-lg-end\">\n<div>\n<div id=\"mdEnviarPagina\" class=\"modal fade\" role=\"dialog\">\n<div class=\"modal-dialog\">\n<div class=\"modal-content\">\n<div class=\"modal-body\">\n<p><strong>Estimado usu\u00e1rio.<\/strong><br \/>Preencha o formul\u00e1rio abaixo para remeter a p\u00e1gina.<\/p>\n<\/p><\/div>\n<\/p><\/div>\n<\/p><\/div>\n<\/div><\/div>\n<\/p><\/div>\n<\/p><\/div>\n<\/p><\/div>\n<\/p><\/div>\n<\/p><\/div>\n<div class=\"row justify-content-md-center mt-3\">\n<div class=\"col-lg-auto col-image block-news-main-image\">\n<p>                                <img decoding=\"async\" src=\"https:\/\/www.agrolink.com.br\/upload\/imagens-resizes\/71e27e1e9d1f4ea4b0aab2dbee9bd18e_858x483.jpg\" class=\"lazyload img-fluid\"\/><br \/>\n                                                <span class=\"publicity-photo d-block mt-1\">Foto: Pixabay<\/span><\/p><\/div>\n<\/p><\/div>\n<div class=\"section-description section-description-noticias mt-3\">\n<p style=\"text-align:justify\">A Emater\/RS-Ascar informou, nesta quinta-feira (17), que a flora\u00e7\u00e3o dos pessegueiros de ciclo superprecoce e precoce j\u00e1 teve in\u00edcio na regi\u00e3o administrativa de Caxias do Sul. Conforme o Informativo Conjuntural divulgado pela entidade, os produtores t\u00eam realizado tratamentos fitossanit\u00e1rios voltados \u00e0 preven\u00e7\u00e3o da podrid\u00e3o-cinzenta durante a flora\u00e7\u00e3o e ao controle da crespeira-verdadeira.&#13;\n<\/p>\n<p style=\"text-align:justify\">Segundo a Emater\/RS-Ascar, as temperaturas mais amenas dos \u00faltimos dias favoreceram o in\u00edcio do intumescimento das gemas florais nos pomares de ciclo m\u00e9dio. Tamb\u00e9m foi registrada a presen\u00e7a de cochonilha-de-tronco em diversas propriedades da regi\u00e3o. \u201cProdutores adotaram controle localizado da praga, sem registro de perdas provocadas pelas geadas at\u00e9 o momento\u201d, relatou a entidade.&#13;\n<\/p>\n<p style=\"text-align:justify\">Na regi\u00e3o de Pelotas, o frio manteve as plantas em dorm\u00eancia, o que favoreceu a realiza\u00e7\u00e3o de pr\u00e1ticas culturais como poda, ro\u00e7ada e aplica\u00e7\u00e3o de tratamentos de inverno. Segundo a Emater\/RS-Ascar, esses tratos envolvem o uso de caldas fungicidas e produtos \u00e0 base de cobre, fundamentais para a sanidade dos pomares. Como parte do planejamento para renova\u00e7\u00e3o das \u00e1reas de cultivo, os agricultores da regi\u00e3o tamb\u00e9m t\u00eam realizado o preparo e a corre\u00e7\u00e3o do solo, formado camalh\u00f5es, semeado plantas de cobertura e adquirido mudas. \u201cCultivares de ciclo tardio, como a Eldorado, foram implantadas para atender demandas de mercado\u201d, informou a entidade.&#13;\n<\/p>\n<p style=\"text-align:justify\">Na regi\u00e3o de Erechim, tamb\u00e9m foi observado o in\u00edcio da flora\u00e7\u00e3o dos pessegueiros, com a poda j\u00e1 finalizada.<\/p>\n<\/p><\/div>\n<\/p><\/div>\n<p><script data-cfasync=\"false\">\n    !function (f, b, e, v, n, t, s) {\n        if (f.fbq) return; n = f.fbq = function () {\n            n.callMethod ?\n                n.callMethod.apply(n, arguments) : n.queue.push(arguments)\n        };\n        if (!f._fbq) f._fbq = n; n.push = n; n.loaded = !0; n.version = '2.0';\n        n.queue = []; t = b.createElement(e); t.async = !0;\n        t.src = v; s = b.getElementsByTagName(e)[0];\n        s.parentNode.insertBefore(t, s)\n    }(window, document, 'script',\n        'https:\/\/connect.facebook.net\/en_US\/fbevents.js');\n    fbq('init', '522546078623747');\n    fbq('track', 'PageView');\n<\/script><br \/>\n<br \/><br \/>\n<br \/><a href=\"https:\/\/www.agrolink.com.br\/noticias\/cultivo-de-pessego-tem-inicio-de-floracao_504101.html\">Source link <\/a><\/p>\n","protected":false},"excerpt":{"rendered":"<p>&#13; Regi\u00e3o Sul implanta cultivares tardias de p\u00eassego&#13; &#13; Agrolink&#13; &#13; &#8211; Seane Lennon&#13; &#13; Publicado em 18\/07\/2025 \u00e0s 18:45h.<\/p>\n","protected":false},"author":1,"featured_media":1143,"comment_status":"open","ping_status":"open","sticky":false,"template":"","format":"standard","meta":{"_monsterinsights_skip_tracking":false,"_monsterinsights_sitenote_active":false,"_monsterinsights_sitenote_note":"","_monsterinsights_sitenote_category":0,"_uf_show_specific_survey":0,"_uf_disable_surveys":false,"footnotes":""},"categories":[8,1,14],"tags":[],"class_list":["post-17117","post","type-post","status-publish","format-standard","has-post-thumbnail","hentry","category-agro","category-news","category-politica-agro"],"_links":{"self":[{"href":"https:\/\/agromt.news\/index.php?rest_route=\/wp\/v2\/posts\/17117"}],"collection":[{"href":"https:\/\/agromt.news\/index.php?rest_route=\/wp\/v2\/posts"}],"about":[{"href":"https:\/\/agromt.news\/index.php?rest_route=\/wp\/v2\/types\/post"}],"author":[{"embeddable":true,"href":"https:\/\/agromt.news\/index.php?rest_route=\/wp\/v2\/users\/1"}],"replies":[{"embeddable":true,"href":"https:\/\/agromt.news\/index.php?rest_route=%2Fwp%2Fv2%2Fcomments&post=17117"}],"version-history":[{"count":0,"href":"https:\/\/agromt.news\/index.php?rest_route=\/wp\/v2\/posts\/17117\/revisions"}],"wp:featuredmedia":[{"embeddable":true,"href":"https:\/\/agromt.news\/index.php?rest_route=\/wp\/v2\/media\/1143"}],"wp:attachment":[{"href":"https:\/\/agromt.news\/index.php?rest_route=%2Fwp%2Fv2%2Fmedia&parent=17117"}],"wp:term":[{"taxonomy":"category","embeddable":true,"href":"https:\/\/agromt.news\/index.php?rest_route=%2Fwp%2Fv2%2Fcategories&post=17117"},{"taxonomy":"post_tag","embeddable":true,"href":"https:\/\/agromt.news\/index.php?rest_route=%2Fwp%2Fv2%2Ftags&post=17117"}],"curies":[{"name":"wp","href":"https:\/\/api.w.org\/{rel}","templated":true}]}}