{"id":17112,"date":"2025-07-20T19:15:55","date_gmt":"2025-07-20T23:15:55","guid":{"rendered":"https:\/\/agromt.news\/?p=17112"},"modified":"2025-07-20T19:15:55","modified_gmt":"2025-07-20T23:15:55","slug":"arroba-do-boi-recuou-quase-5-na-semana-e-tombo-deve-ser-maior-no-curto-prazo","status":"publish","type":"post","link":"https:\/\/agromt.news\/?p=17112","title":{"rendered":"Arroba do boi recuou quase 5% na semana e tombo deve ser maior no curto prazo"},"content":{"rendered":"<p> <br \/>\n<\/p>\n<div>\n<pre class=\"wp-block-code\"><code>O mercado f\u00edsico do boi gordo apresentou queda de pre\u00e7os no decorrer da semana e o ambiente de neg\u00f3cios ainda sugere a continuidade deste movimento no curto prazo.<\/code><\/pre>\n<p>O analista de Safras &amp; Mercado Fernando Iglesias, ressalta que a baixa nas cota\u00e7\u00f5es \u2014 que chegou a quase 5% em Mato Grosso \u2014 considera os efeitos do adicional tarif\u00e1rio de 50% que pretende ser imposto pelos Estados Unidos para todos os produtores brasileiros a partir de 1\u00ba de agosto. <\/p>\n<p>\u201cIsso faz com que o Brasil deixe de ser competitivo para os Estados Unidos e a ind\u00fastria frigor\u00edfica <strong><a href=\"https:\/\/www.canalrural.com.br\/pecuaria\/brasil-pode-diluir-o-volume-de-carne-comprada-pelos-eua-a-outros-160-destinos-diz-assocon\/\">busca caminhos para suprir a aus\u00eancia do segundo grande importador de carne bovina do pa\u00eds em 2025<\/a><\/strong>\u201c, comenta.<\/p>\n<p>Segundo ele, outro ponto de press\u00e3o \u00e9 a entrada de animais confinados no mercado, que oferecem uma menor capacidade de reten\u00e7\u00e3o para o pecuarista. \u201cCom a queda nos pre\u00e7os, os frigor\u00edficos conseguiram avan\u00e7ar bem nas escalas de abate, que agora est\u00e3o fechadas entre oito e nove dias \u00fateis.\u201d<\/p>\n<h2 class=\"wp-block-heading\" id=\"h-variacao-de-precos-da-arroba-do-boi\">Varia\u00e7\u00e3o de pre\u00e7os da arroba do boi<\/h2>\n<p>Os pre\u00e7os m\u00e9dios da arroba do boi gordo na modalidade a prazo nas principais pra\u00e7as de comercializa\u00e7\u00e3o do Brasil estavam assim no dia 17 de julho em compara\u00e7\u00e3o ao dia 11:<\/p>\n<ul class=\"wp-block-list\">\n<li><strong>S\u00e3o Paulo (Capital):<\/strong> R$ 290, queda de 3,3% frente aos R$ 300<\/li>\n<li><strong>Goi\u00e1s (Goi\u00e2nia):<\/strong> R$ 280, recuo de 3,45% perante aos R$ 290<\/li>\n<li><strong>Minas Gerais (Uberaba):<\/strong> R$ 285, baixa de 3,39% em compara\u00e7\u00e3o aos R$ 295<\/li>\n<li><strong>Mato Grosso do Sul (Dourados):<\/strong> R$ 295, retra\u00e7\u00e3o de 3,28% em rela\u00e7\u00e3o aos R$ 305<\/li>\n<li><strong>Mato Grosso (Cuiab\u00e1):<\/strong> R$ 300, queda de 4,76% frente aos R$ 315<\/li>\n<li><strong>Rond\u00f4nia (Vilhena):<\/strong> R$ 265, perda de 3,64% frente aos R$ 275<\/li>\n<\/ul>\n<\/div>\n<div>\n<h2 class=\"wp-block-heading\" id=\"h-mercado-atacadista\">Mercado atacadista<\/h2>\n<p>O mercado atacadista se deparou com pre\u00e7os em queda no decorrer da semana. Segundo Iglesias, o ambiente de neg\u00f3cios sugere a continuidade do movimento de queda no curto prazo, em linha com o consumo mais lento no decorrer da segunda quinzena do m\u00eas.<\/p>\n<p>\u201cSoma-se a isso a menor competitividade da carne bovina se comparado as prote\u00ednas concorrentes, em especial da carne de frango\u201d, disse.<\/p>\n<p>O quarto do traseiro do boi foi cotado a R$ 21,80 o quilo, queda de 3,11% frente aos R$ 22,50 da semana passada. J\u00e1 o quarto do dianteiro do boi foi vendido por R$ 17,50 o quilo, recuo de 6,67% frente aos R$ 18,75 registrados na semana anterior.<\/p>\n<h2 class=\"wp-block-heading\" id=\"h-exportacoes-de-carne-bovina\">Exporta\u00e7\u00f5es de carne bovina<\/h2>\n<figure class=\"wp-block-image size-full\"><img fetchpriority=\"high\" decoding=\"async\" width=\"768\" height=\"467\" alt=\"carne\" class=\"wp-image-4039465\"  data-lazy- src=\"https:\/\/agromt.news\/wp-content\/uploads\/2024\/09\/Arroba-do-boi-supera-R-260-e-tendencia-e-de.jpg\"\/><img decoding=\"async\" width=\"768\" height=\"467\" src=\"https:\/\/agromt.news\/wp-content\/uploads\/2024\/09\/Arroba-do-boi-supera-R-260-e-tendencia-e-de.jpg\" alt=\"carne\" class=\"wp-image-4039465\"  \/><figcaption class=\"wp-element-caption\">Foto: arquivo Canal Rural<\/figcaption><\/figure>\n<p>As exporta\u00e7\u00f5es de carne bovina fresca, congelada ou refrigerada do Brasil renderam US$ 576,814 milh\u00f5es em julho (9 dias \u00fateis), com m\u00e9dia di\u00e1ria de US$ 64,090 milh\u00f5es, de acordo com a Secretaria de Com\u00e9rcio Exterior (Secex). <\/p>\n<p>A quantidade total exportada pelo pa\u00eds chegou a 104,193 mil toneladas, com m\u00e9dia di\u00e1ria de 11,577 mil toneladas. O pre\u00e7o m\u00e9dio da tonelada ficou em US$ 5.536,00. <\/p>\n<p>Em rela\u00e7\u00e3o a julho de 2024, houve alta de <strong>40,9%<\/strong> no valor m\u00e9dio di\u00e1rio da exporta\u00e7\u00e3o, ganho de <strong>12,2%<\/strong> na quantidade m\u00e9dia di\u00e1ria exportada e avan\u00e7o de<strong> 25,6% <\/strong>no pre\u00e7o m\u00e9dio. <\/p>\n<\/p><\/div>\n<p><br \/>\n<br \/><a href=\"https:\/\/www.canalrural.com.br\/pecuaria\/arroba-do-boi-recuou-quase-5-na-semana-e-tombo-deve-ser-maior-no-curto-prazo\/\">Source link <\/a><\/p>\n","protected":false},"excerpt":{"rendered":"<p>O mercado f\u00edsico do boi gordo apresentou queda de pre\u00e7os no decorrer da semana e o ambiente de neg\u00f3cios ainda<\/p>\n","protected":false},"author":1,"featured_media":2033,"comment_status":"open","ping_status":"open","sticky":false,"template":"","format":"standard","meta":{"_monsterinsights_skip_tracking":false,"_monsterinsights_sitenote_active":false,"_monsterinsights_sitenote_note":"","_monsterinsights_sitenote_category":0,"_uf_show_specific_survey":0,"_uf_disable_surveys":false,"footnotes":""},"categories":[1],"tags":[],"class_list":["post-17112","post","type-post","status-publish","format-standard","has-post-thumbnail","hentry","category-news"],"_links":{"self":[{"href":"https:\/\/agromt.news\/index.php?rest_route=\/wp\/v2\/posts\/17112"}],"collection":[{"href":"https:\/\/agromt.news\/index.php?rest_route=\/wp\/v2\/posts"}],"about":[{"href":"https:\/\/agromt.news\/index.php?rest_route=\/wp\/v2\/types\/post"}],"author":[{"embeddable":true,"href":"https:\/\/agromt.news\/index.php?rest_route=\/wp\/v2\/users\/1"}],"replies":[{"embeddable":true,"href":"https:\/\/agromt.news\/index.php?rest_route=%2Fwp%2Fv2%2Fcomments&post=17112"}],"version-history":[{"count":0,"href":"https:\/\/agromt.news\/index.php?rest_route=\/wp\/v2\/posts\/17112\/revisions"}],"wp:featuredmedia":[{"embeddable":true,"href":"https:\/\/agromt.news\/index.php?rest_route=\/wp\/v2\/media\/2033"}],"wp:attachment":[{"href":"https:\/\/agromt.news\/index.php?rest_route=%2Fwp%2Fv2%2Fmedia&parent=17112"}],"wp:term":[{"taxonomy":"category","embeddable":true,"href":"https:\/\/agromt.news\/index.php?rest_route=%2Fwp%2Fv2%2Fcategories&post=17112"},{"taxonomy":"post_tag","embeddable":true,"href":"https:\/\/agromt.news\/index.php?rest_route=%2Fwp%2Fv2%2Ftags&post=17112"}],"curies":[{"name":"wp","href":"https:\/\/api.w.org\/{rel}","templated":true}]}}