{"id":17106,"date":"2025-07-20T17:11:03","date_gmt":"2025-07-20T21:11:03","guid":{"rendered":"https:\/\/agromt.news\/?p=17106"},"modified":"2025-07-20T17:11:03","modified_gmt":"2025-07-20T21:11:03","slug":"produtores-de-mandioca-poderao-vender-fecula-e-farinha-para-o-governo-federal","status":"publish","type":"post","link":"https:\/\/agromt.news\/?p=17106","title":{"rendered":"Produtores de mandioca poder\u00e3o vender f\u00e9cula e farinha para o governo federal"},"content":{"rendered":"<p> <br \/>\n<br \/><img decoding=\"async\" src=\"https:\/\/agromt.news\/wp-content\/uploads\/2025\/07\/Produtores-de-mandioca-poderao-vender-fecula-e-farinha-para-o.jpg\" \/><\/p>\n<div>\n<p>Produtores de farinha e f\u00e9cula de mandioca j\u00e1 podem vender seus produtos para o governo federal. Isso porque a Companhia Nacional de Abastecimento <strong><a href=\"https:\/\/www.canalrural.com.br\/tag\/conab\/\">(Conab)<\/a><\/strong> est\u00e1 autorizada a comprar at\u00e9 3 mil toneladas de f\u00e9cula e 3,8 mil toneladas de farinha da raiz da safra de 2025.<\/p>\n<p>A compra foi autorizada pelos minist\u00e9rios da Agricultura e Pecu\u00e1ria (Mapa) e do Desenvolvimento Agr\u00e1rio e Agricultura Familiar (MDA) e da Fazenda (MF), e conta com recursos de <strong>R$ 20 milh\u00f5es.<\/strong><\/p>\n<p>De acordo com nota da Conab, a medida atende aos produtores do Paran\u00e1, Mato Grosso do Sul e de S\u00e3o Paulo. A aquisi\u00e7\u00e3o ser\u00e1 realizada por meio do mecanismo de Aquisi\u00e7\u00e3o do Governo Federal (AGF), previsto na Pol\u00edtica de Garantia de Pre\u00e7os M\u00ednimos (PGPM).<\/p>\n<p>A iniciativa tem como objetivo garantir aos produtores rurais o n\u00edvel de rentabilidade dado pelo pre\u00e7o m\u00ednimo, evitando que tenham que comercializar sua produ\u00e7\u00e3o a pre\u00e7os que inviabilizem a atividade econ\u00f4mica.<\/p>\n<h2 class=\"wp-block-heading\" id=\"h-limite-de-venda-por-produtor\">Limite de venda por produtor<\/h2>\n<p>O Manual de Opera\u00e7\u00e3o da Companhia prev\u00ea que o limite de venda por produtor \u00e9 de 105 toneladas de farinha, o equivalente a <strong>2.100 sacas de 50 quilos<\/strong>. <\/p>\n<p>J\u00e1 para a f\u00e9cula, o limite \u00e9 de 90 toneladas, o que representa <strong>3.600 sacas de 25 quilos<\/strong>. A compra s\u00f3 ser\u00e1 finalizada pela Conab se o produto atender aos padr\u00f5es exigidos. <\/p>\n<\/div>\n<div>\n<p>A estatal informa que o cereal adquirido dever\u00e1 ser estocado em unidades armazenadoras pr\u00f3prias ou credenciadas.<\/p>\n<p>Al\u00e9m disso, os interessados em vender a farinha ou a f\u00e9cula de mandioca para a Companhia devem estar cadastrados no Sistema de Cadastro Nacional de Produtores Rurais (Sican) e procurar a regional da Conab nos estados atendidos para orienta\u00e7\u00e3o sobre o preenchimento dos formul\u00e1rios exigidos para a opera\u00e7\u00e3o, bem como a apresenta\u00e7\u00e3o de documentos adicionais que se fizerem necess\u00e1rios.<\/p>\n<h2 class=\"wp-block-heading\" id=\"h-precos-da-mandioca-abaixo-do-minimo\">Pre\u00e7os da mandioca abaixo do m\u00ednimo<\/h2>\n<p>Tal opera\u00e7\u00e3o se desenrola no \u00e2mbito de retomada dos estoques p\u00fablicos no pa\u00eds. Segundo a Conab, a iniciativa tamb\u00e9m visa garantir o apoio aos produtores rurais em um cen\u00e1rio em que os pre\u00e7os da raiz e da f\u00e9cula de mandioca est\u00e3o abaixo do m\u00ednimo estabelecido pelo governo federal na regi\u00e3o Centro-Sul do pa\u00eds. <\/p>\n<p>\u201cEsse cen\u00e1rio \u00e9 explicado pelo aumento da oferta da raiz, uma vez que os agricultores intensificaram a colheita para liberar \u00e1reas para arrendamento, aliado aos elevados estoques industriais. Vale destacar que os estados do Paran\u00e1, Mato Grosso do Sul e S\u00e3o Paulo concentram, aproximadamente, 1\/3 da produ\u00e7\u00e3o nacional de raiz de mandioca e respondem por 95,3% da capacidade instalada de produ\u00e7\u00e3o de f\u00e9cula de mandioca no pa\u00eds\u201d, destaca a Companhia, em nota.<\/p>\n<\/p><\/div>\n<p><br \/>\n<br \/><a href=\"https:\/\/www.canalrural.com.br\/diversos\/produtores-de-mandioca-poderao-vender-fecula-e-farinha-para-o-governo-federal\/\">Source link <\/a><\/p>\n","protected":false},"excerpt":{"rendered":"<p>Produtores de farinha e f\u00e9cula de mandioca j\u00e1 podem vender seus produtos para o governo federal. Isso porque a Companhia<\/p>\n","protected":false},"author":1,"featured_media":17107,"comment_status":"open","ping_status":"open","sticky":false,"template":"","format":"standard","meta":{"_monsterinsights_skip_tracking":false,"_monsterinsights_sitenote_active":false,"_monsterinsights_sitenote_note":"","_monsterinsights_sitenote_category":0,"_uf_show_specific_survey":0,"_uf_disable_surveys":false,"footnotes":""},"categories":[1],"tags":[],"class_list":["post-17106","post","type-post","status-publish","format-standard","has-post-thumbnail","hentry","category-news"],"_links":{"self":[{"href":"https:\/\/agromt.news\/index.php?rest_route=\/wp\/v2\/posts\/17106"}],"collection":[{"href":"https:\/\/agromt.news\/index.php?rest_route=\/wp\/v2\/posts"}],"about":[{"href":"https:\/\/agromt.news\/index.php?rest_route=\/wp\/v2\/types\/post"}],"author":[{"embeddable":true,"href":"https:\/\/agromt.news\/index.php?rest_route=\/wp\/v2\/users\/1"}],"replies":[{"embeddable":true,"href":"https:\/\/agromt.news\/index.php?rest_route=%2Fwp%2Fv2%2Fcomments&post=17106"}],"version-history":[{"count":0,"href":"https:\/\/agromt.news\/index.php?rest_route=\/wp\/v2\/posts\/17106\/revisions"}],"wp:featuredmedia":[{"embeddable":true,"href":"https:\/\/agromt.news\/index.php?rest_route=\/wp\/v2\/media\/17107"}],"wp:attachment":[{"href":"https:\/\/agromt.news\/index.php?rest_route=%2Fwp%2Fv2%2Fmedia&parent=17106"}],"wp:term":[{"taxonomy":"category","embeddable":true,"href":"https:\/\/agromt.news\/index.php?rest_route=%2Fwp%2Fv2%2Fcategories&post=17106"},{"taxonomy":"post_tag","embeddable":true,"href":"https:\/\/agromt.news\/index.php?rest_route=%2Fwp%2Fv2%2Ftags&post=17106"}],"curies":[{"name":"wp","href":"https:\/\/api.w.org\/{rel}","templated":true}]}}