{"id":17105,"date":"2025-07-20T16:26:36","date_gmt":"2025-07-20T20:26:36","guid":{"rendered":"https:\/\/agromt.news\/?p=17105"},"modified":"2025-07-20T16:26:36","modified_gmt":"2025-07-20T20:26:36","slug":"massa-de-ar-frio-derruba-temperaturas-no-inicio-da-semana-veja-previsao-do-tempo-para-todo-o-pais","status":"publish","type":"post","link":"https:\/\/agromt.news\/?p=17105","title":{"rendered":"Massa de ar frio derruba temperaturas no in\u00edcio da semana; veja previs\u00e3o do tempo para todo o pa\u00eds"},"content":{"rendered":"<p> <br \/>\n<\/p>\n<div>\n<p>Uma nova semana come\u00e7a com destaque para o frio no Sul do Brasil e tempo seco em grande parte do pa\u00eds. Segundo a <strong><a href=\"https:\/\/www.canalrural.com.br\/autor\/climatempo\/\">Climatempo<\/a><\/strong>, uma massa de ar frio ainda atua sobre o Sul, enquanto o Centro-Oeste, o interior do Sudeste e parte do Nordeste seguem em alerta para umidade relativa do ar muito baixa.<\/p>\n<div data-icp-cta=\"1\" id=\"icp-cta-unique\">Voc\u00ea quer entender como usar o clima a seu favor?<b> <\/b><a href=\"https:\/\/climacampo.canalrural.com.br\/climacampo_-01\">Preparamos um e-book exclusivo<\/a> para ajudar produtores rurais a se antecipar \u00e0s mudan\u00e7as do tempo e planejar melhor suas a\u00e7\u00f5es. Com base em previs\u00f5es meteorol\u00f3gicas confi\u00e1veis, ele oferece orienta\u00e7\u00f5es pr\u00e1ticas para proteger sua lavoura e otimizar seus resultados.<\/div>\n<p>Confira como fica a previs\u00e3o do tempo para este in\u00edcio de semana em todas as regi\u00f5es do Brasil.<\/p>\n<p>No Sul, a segunda-feira (21) amanhece com temperaturas mais baixas, especialmente no Rio Grande do Sul, Vale do Itaja\u00ed (SC) e leste do Paran\u00e1. Nessas \u00e1reas, h\u00e1 forma\u00e7\u00e3o de nevoeiro, o que pode comprometer a visibilidade em Curitiba e no litoral.<\/p>\n<p>A geada ainda \u00e9 poss\u00edvel nas serras ga\u00facha e catarinense, al\u00e9m de cidades do extremo sul do Paran\u00e1, como General Carneiro. Apesar disso, n\u00e3o h\u00e1 previs\u00e3o de chuva ao longo do dia. <\/p>\n<p>A tardes continua fria em Porto Alegre e Florian\u00f3polis, e o ar permanece seco no noroeste e norte do Paran\u00e1, com umidade abaixo de 30%.<\/p>\n<h2 class=\"wp-block-heading\" id=\"h-sudeste-tem-manha-fria-e-ar-seco-no-interior\">Sudeste tem manh\u00e3 fria e ar seco no interior<\/h2>\n<p>No Sudeste, a massa de ar frio tamb\u00e9m influencia as temperaturas no in\u00edcio da semana. O frio se concentra no leste e sul de S\u00e3o Paulo e no sul de Minas Gerais. H\u00e1 risco de nevoeiro nas primeiras horas da manh\u00e3 em regi\u00f5es como a Grande S\u00e3o Paulo, Campinas (SP) e Zona da Mata Mineira.<\/p>\n<p>Nas \u00e1reas do interior, como o Tri\u00e2ngulo Mineiro, norte e oeste de S\u00e3o Paulo, a umidade relativa do ar varia entre 21% e 30%, indicando aten\u00e7\u00e3o para o tempo seco. <\/p>\n<\/div>\n<div>\n<p>Em S\u00e3o Paulo, Belo Horizonte, Rio de Janeiro e Vit\u00f3ria, o sol predomina e n\u00e3o h\u00e1 previs\u00e3o de chuva. As temperaturas sobem de forma gradual \u00e0 tarde, e a umidade se aproxima de 40%.<\/p>\n<p>O Centro-Oeste come\u00e7a a semana sob influ\u00eancia de ventos frios no extremo sul de Mato Grosso do Sul. A sensa\u00e7\u00e3o de frio marca o amanhecer, mas o sol retorna no per\u00edodo da tarde e ajuda a elevar as temperaturas.<\/p>\n<p>Toda a regi\u00e3o permanece sem previs\u00e3o de chuva. O tempo seco predomina em Goi\u00e1s, leste e nordeste de Mato Grosso, com umidade em estado de alerta \u2013 entre 20% e 12%. <\/p>\n<p>Em Goi\u00e2nia, Cuiab\u00e1, Campo Grande e Bras\u00edlia, a umidade \u00e0 tarde pode variar entre 21% e 30%, afetando a qualidade do ar.<\/p>\n<h2 class=\"wp-block-heading\" id=\"h-nordeste-tem-chuva-na-faixa-litoranea-e-tempo-seco-no-interior\">Nordeste tem chuva na faixa litor\u00e2nea e tempo seco no interior<\/h2>\n<p>No Nordeste, o vento \u00famido vindo do mar mant\u00e9m o tempo inst\u00e1vel no litoral da Bahia. Cidades como Salvador, Ilh\u00e9us e a regi\u00e3o do Rec\u00f4ncavo come\u00e7am a semana com aumento de nuvens e pancadas de chuva moderadas a fortes ao longo do dia.<\/p>\n<p>Outras capitais como Aracaju, Macei\u00f3, Recife, Jo\u00e3o Pessoa e S\u00e3o Lu\u00eds tamb\u00e9m podem registrar chuvas localizadas, com mais presen\u00e7a do sol. J\u00e1 o interior da regi\u00e3o enfrenta calor intenso e umidade relativa do ar muito baixa, al\u00e9m de ventos moderados com rajadas entre 40 e 50 km\/h, principalmente no sul do Maranh\u00e3o e Piau\u00ed.<\/p>\n<figure class=\"wp-block-image size-full\"><img fetchpriority=\"high\" decoding=\"async\" width=\"768\" height=\"768\" alt=\"\" class=\"wp-image-4111913\"  data-lazy- src=\"https:\/\/agromt.news\/wp-content\/uploads\/2025\/07\/Massa-de-ar-frio-derruba-temperaturas-no-inicio-da-semana.png\"\/><img decoding=\"async\" width=\"768\" height=\"768\" src=\"https:\/\/agromt.news\/wp-content\/uploads\/2025\/07\/Massa-de-ar-frio-derruba-temperaturas-no-inicio-da-semana.png\" alt=\"\" class=\"wp-image-4111913\"  \/><\/figure>\n<h2 class=\"wp-block-heading\" id=\"h-norte-tem-alerta-para-chuva-forte-em-roraima-para-e-amapa\">Norte tem alerta para chuva forte em Roraima, Par\u00e1 e Amap\u00e1<\/h2>\n<p>Na regi\u00e3o Norte, o tempo segue inst\u00e1vel, com chuvas fortes e trovoadas previstas para Roraima, oeste do Par\u00e1 e Amap\u00e1. J\u00e1 entre Rond\u00f4nia e Tocantins, o tempo permanece firme e seco.<\/p>\n<p>Em Palmas (TO), a umidade relativa do ar deve ficar abaixo de 20%, colocando a popula\u00e7\u00e3o em estado de alerta para os efeitos do tempo seco, como desconforto respirat\u00f3rio e risco de queimadas.<\/p>\n<\/p><\/div>\n<p><br \/>\n<br \/><a href=\"https:\/\/www.canalrural.com.br\/tempo\/massa-de-ar-frio-derruba-temperaturas-no-inicio-da-semana-veja-previsao-do-tempo-para-todo-o-pais\/\">Source link <\/a><\/p>\n","protected":false},"excerpt":{"rendered":"<p>Uma nova semana come\u00e7a com destaque para o frio no Sul do Brasil e tempo seco em grande parte do<\/p>\n","protected":false},"author":1,"featured_media":11728,"comment_status":"open","ping_status":"open","sticky":false,"template":"","format":"standard","meta":{"_monsterinsights_skip_tracking":false,"_monsterinsights_sitenote_active":false,"_monsterinsights_sitenote_note":"","_monsterinsights_sitenote_category":0,"_uf_show_specific_survey":0,"_uf_disable_surveys":false,"footnotes":""},"categories":[1],"tags":[],"class_list":["post-17105","post","type-post","status-publish","format-standard","has-post-thumbnail","hentry","category-news"],"_links":{"self":[{"href":"https:\/\/agromt.news\/index.php?rest_route=\/wp\/v2\/posts\/17105"}],"collection":[{"href":"https:\/\/agromt.news\/index.php?rest_route=\/wp\/v2\/posts"}],"about":[{"href":"https:\/\/agromt.news\/index.php?rest_route=\/wp\/v2\/types\/post"}],"author":[{"embeddable":true,"href":"https:\/\/agromt.news\/index.php?rest_route=\/wp\/v2\/users\/1"}],"replies":[{"embeddable":true,"href":"https:\/\/agromt.news\/index.php?rest_route=%2Fwp%2Fv2%2Fcomments&post=17105"}],"version-history":[{"count":0,"href":"https:\/\/agromt.news\/index.php?rest_route=\/wp\/v2\/posts\/17105\/revisions"}],"wp:featuredmedia":[{"embeddable":true,"href":"https:\/\/agromt.news\/index.php?rest_route=\/wp\/v2\/media\/11728"}],"wp:attachment":[{"href":"https:\/\/agromt.news\/index.php?rest_route=%2Fwp%2Fv2%2Fmedia&parent=17105"}],"wp:term":[{"taxonomy":"category","embeddable":true,"href":"https:\/\/agromt.news\/index.php?rest_route=%2Fwp%2Fv2%2Fcategories&post=17105"},{"taxonomy":"post_tag","embeddable":true,"href":"https:\/\/agromt.news\/index.php?rest_route=%2Fwp%2Fv2%2Ftags&post=17105"}],"curies":[{"name":"wp","href":"https:\/\/api.w.org\/{rel}","templated":true}]}}