{"id":17092,"date":"2025-07-20T11:56:50","date_gmt":"2025-07-20T15:56:50","guid":{"rendered":"https:\/\/agromt.news\/?p=17092"},"modified":"2025-07-20T11:56:50","modified_gmt":"2025-07-20T15:56:50","slug":"desabamento-de-arquibancada-em-rodeio-deixa-60-feridos-em-sp","status":"publish","type":"post","link":"https:\/\/agromt.news\/?p=17092","title":{"rendered":"Desabamento de arquibancada em rodeio deixa 60 feridos em SP"},"content":{"rendered":"<p> <br \/>\n<br \/><img decoding=\"async\" src=\"https:\/\/agromt.news\/wp-content\/uploads\/2025\/07\/Desabamento-de-arquibancada-em-rodeio-deixa-60-feridos-em-SP.jpg\" \/><\/p>\n<div>\n<p>O desabamento de uma arquibancada montada para um rodeio deixou ao menos 60 pessoas feridas na cidade de Eldorado, no interior de <strong><a href=\"http:\/\/www.canalrural.com.br\/tag\/sao-paulo\/\">S\u00e3o Paulo<\/a><\/strong>. Segundo os bombeiros, o acidente ocorreu por volta das 22h48 de s\u00e1bado (19) na Expo Eldorado.<\/p>\n<p>Por meio de nota, a prefeitura da Est\u00e2ncia Tur\u00edstica de Eldorado informou que, das 60 pessoas que receberam atendimento m\u00e9dico, 20 casos foram classificados como de emerg\u00eancia. Desse total, dez pacientes precisaram ser transferidos para hospitais da regi\u00e3o, sendo que seis foram encaminhados ao Hospital Regional de Registro, dois para o de Pariquera-A\u00e7u e dois para o Hospital de Jacupiranga.<\/p>\n<p>O local foi vistoriado e permanece interditado, informou a Defesa Civil.<\/p>\n<p>Na noite de ontem, a Expo Eldorado promoveria um show da dupla sertaneja Gian e Giovani. A dupla manifestou sua solidariedade \u00e0s v\u00edtimas e disse que vai remarcar o show, que precisou ser cancelado.<\/p>\n<\/div>\n<div>\n<p>\u201cInfelizmente aconteceu um acidente com a arquibancada. Todas as v\u00edtimas foram socorridas rapidamente. Ser\u00e1 remarcada uma nova data\u201d, disseram eles, em um v\u00eddeo que foi divulgado nas redes sociais. \u201cE boa recupera\u00e7\u00e3o a todos\u201d, desejaram.<\/p>\n<p>Em sua rede social, o prefeito Noel Castelo informou que este \u201cfoi um momento muito triste\u201d e que a prefeitura est\u00e1 tomando as provid\u00eancias para dar atendimento \u00e0s v\u00edtimas.<\/p>\n<p>Segundo a organiza\u00e7\u00e3o da Expo Eldorado, n\u00e3o houve mortes e toda a programa\u00e7\u00e3o prevista para este domingo (20) foi cancelada. \u201cIsso inclui o almo\u00e7o, as atividades da tarde e o show da noite\u201d, informou a Expo Eldorado, em comunicado.<\/p>\n<p>Os organizadores destacaram que est\u00e3o tomando as provid\u00eancias necess\u00e1rias para dar assist\u00eancia \u00e0s v\u00edtimas. \u201cPedimos a compreens\u00e3o de todos e refor\u00e7amos nosso compromisso com a seguran\u00e7a, o respeito e o bem-estar da popula\u00e7\u00e3o\u201d, diz o trecho do comunicado.<\/p>\n<p>A prefeitura informou que uma investiga\u00e7\u00e3o vai analisar as causas do ocorrido e identificar os respons\u00e1veis pelo acidente.<\/p>\n<\/p><\/div>\n<p><br \/>\n<br \/><a href=\"https:\/\/www.canalrural.com.br\/nacional\/desabamento-de-arquibancada-em-rodeio-deixa-60-feridos-em-sp\/\">Source link <\/a><\/p>\n","protected":false},"excerpt":{"rendered":"<p>O desabamento de uma arquibancada montada para um rodeio deixou ao menos 60 pessoas feridas na cidade de Eldorado, no<\/p>\n","protected":false},"author":1,"featured_media":17093,"comment_status":"open","ping_status":"open","sticky":false,"template":"","format":"standard","meta":{"_monsterinsights_skip_tracking":false,"_monsterinsights_sitenote_active":false,"_monsterinsights_sitenote_note":"","_monsterinsights_sitenote_category":0,"_uf_show_specific_survey":0,"_uf_disable_surveys":false,"footnotes":""},"categories":[1],"tags":[],"class_list":["post-17092","post","type-post","status-publish","format-standard","has-post-thumbnail","hentry","category-news"],"_links":{"self":[{"href":"https:\/\/agromt.news\/index.php?rest_route=\/wp\/v2\/posts\/17092"}],"collection":[{"href":"https:\/\/agromt.news\/index.php?rest_route=\/wp\/v2\/posts"}],"about":[{"href":"https:\/\/agromt.news\/index.php?rest_route=\/wp\/v2\/types\/post"}],"author":[{"embeddable":true,"href":"https:\/\/agromt.news\/index.php?rest_route=\/wp\/v2\/users\/1"}],"replies":[{"embeddable":true,"href":"https:\/\/agromt.news\/index.php?rest_route=%2Fwp%2Fv2%2Fcomments&post=17092"}],"version-history":[{"count":0,"href":"https:\/\/agromt.news\/index.php?rest_route=\/wp\/v2\/posts\/17092\/revisions"}],"wp:featuredmedia":[{"embeddable":true,"href":"https:\/\/agromt.news\/index.php?rest_route=\/wp\/v2\/media\/17093"}],"wp:attachment":[{"href":"https:\/\/agromt.news\/index.php?rest_route=%2Fwp%2Fv2%2Fmedia&parent=17092"}],"wp:term":[{"taxonomy":"category","embeddable":true,"href":"https:\/\/agromt.news\/index.php?rest_route=%2Fwp%2Fv2%2Fcategories&post=17092"},{"taxonomy":"post_tag","embeddable":true,"href":"https:\/\/agromt.news\/index.php?rest_route=%2Fwp%2Fv2%2Ftags&post=17092"}],"curies":[{"name":"wp","href":"https:\/\/api.w.org\/{rel}","templated":true}]}}