{"id":17088,"date":"2025-07-20T11:24:07","date_gmt":"2025-07-20T15:24:07","guid":{"rendered":"https:\/\/agromt.news\/?p=17088"},"modified":"2025-07-20T11:24:07","modified_gmt":"2025-07-20T15:24:07","slug":"metodo-de-fermentacao-transforma-graos-imaturos-em-cafe-especial","status":"publish","type":"post","link":"https:\/\/agromt.news\/?p=17088","title":{"rendered":"M\u00e9todo de fermenta\u00e7\u00e3o transforma gr\u00e3os imaturos em caf\u00e9 especial"},"content":{"rendered":"<p> <br \/>\n<br \/><img decoding=\"async\" src=\"https:\/\/agromt.news\/wp-content\/uploads\/2025\/07\/Metodo-de-fermentacao-transforma-graos-imaturos-em-cafe-especial.jpg\" \/><\/p>\n<div>\n<p>Na sele\u00e7\u00e3o de caf\u00e9s especiais, aqueles que ganham acima de 80 pontos em testes cegos n\u00e3o t\u00eam defeitos f\u00edsicos nem sensoriais. Os gr\u00e3os de apar\u00eancia esverdeada s\u00e3o conhecidos por darem um sabor adstringente (\u00e1spero, pungente e ressecante) \u00e0 bebida e por isso s\u00e3o descartados com os quebrados, pretos, ardidos, brocados ou abaixo de um certo tamanho.<\/p>\n<p>Mas, em estudo publicado na revista <em>Food and Bioprocess Technology<\/em>, pesquisadores da Universidade Federal de Uberl\u00e2ndia (UFU), em Patos de Minas (MG), realizaram uma s\u00e9rie de fermenta\u00e7\u00f5es com frutos maduros e imaturos da cultivar Arara do caf\u00e9 ar\u00e1bica (<em>Coffea<\/em> <em>arabica<\/em>). Como resultado, obtiveram bebidas compar\u00e1veis, e mesmo superiores, \u00e0s preparadas somente com gr\u00e3os resultantes de frutos maduros e seguindo todos os protocolos da Specialty Coffee Association (SCA), organiza\u00e7\u00e3o internacional que estabelece padr\u00f5es para caf\u00e9s especiais.<\/p>\n<p>Nos testes de x\u00edcara, \u00e0s cegas, em que se avalia o caf\u00e9 quanto a seus atributos sensoriais, os degustadores profissionais (conhecidos como Q-graders) atribu\u00edram a algumas bebidas que continham uma porcentagem de gr\u00e3os de frutos imaturos notas acima de 80 \u2013 que definem um caf\u00e9 especial.<\/p>\n<p><em>Veja em primeira m\u00e3o tudo sobre agricultura, pecu\u00e1ria, economia e previs\u00e3o do tempo:<\/em><a href=\"https:\/\/news.google.com\/publications\/CAAqBwgKMPKZlQswq_mqAw?hl=pt-BR&amp;gl=BR&amp;ceid=BR%3Apt-419\"><em>\u00a0<\/em><strong><em>siga o Canal Rural no Google News!<\/em><\/strong><\/a><\/p>\n<p>Para chegar a esses resultados, os pesquisadores utilizaram a chamada fermenta\u00e7\u00e3o anaer\u00f3bica autoinduzida (SIAF, na sigla em ingl\u00eas), em que os frutos s\u00e3o colocados ap\u00f3s a colheita em biorreatores, barris de poliestireno de 200 litros hermeticamente fechados por at\u00e9 96 horas. Nesses biorreatores n\u00e3o h\u00e1 entrada de oxig\u00eanio e o g\u00e1s carb\u00f4nico sai por uma v\u00e1lvula. Os microrganismos naturalmente presentes nos frutos de caf\u00e9 realizam, ent\u00e3o, uma s\u00e9rie de processos bioqu\u00edmicos que resultam em sabor diferenciado do caf\u00e9. Nesse tipo de fermenta\u00e7\u00e3o, em alguns experimentos, foram adicionados in\u00f3culos, microrganismos espec\u00edficos previamente isolados para esse fim.<\/p>\n<p>\u201cCom o trabalho, vimos que utilizar a SIAF em diferentes tempos de fermenta\u00e7\u00e3o, com controle de temperatura e pH e adi\u00e7\u00e3o ou n\u00e3o de in\u00f3culo, pode n\u00e3o apenas minimizar os efeitos delet\u00e9rios dos gr\u00e3os imaturos na bebida como torn\u00e1-la superior, agregando valor ao produto ainda na fazenda\u201d, afirma Luiza Braga, primeira autora do estudo, realizado como parte do seu mestrado no Programa de P\u00f3s-Gradua\u00e7\u00e3o em Engenharia de Alimentos da Faculdade de Engenharia Qu\u00edmica (FEQ-UFU), em Patos de Minas.<\/p>\n<p>O trabalho integra projeto apoiado pela Fapesp no \u00e2mbito de acordo com o Minist\u00e9rio da Ci\u00eancia, Tecnologia e Inova\u00e7\u00e3o (MCTI), numa parceria entre a UFU e a Universidade Federal de Lavras. O estudo teve ainda financiamento da Funda\u00e7\u00e3o de Amparo \u00e0 Pesquisa de Minas Gerais (Fapemig), da Coordena\u00e7\u00e3o de Aperfei\u00e7oamento de Pessoal de N\u00edvel Superior (Capes), do Conselho Nacional de Desenvolvimento Cient\u00edfico e Tecnol\u00f3gico (CNPq) e da Financiadora de Estudos e Projetos (Finep).<\/p>\n<p>\u201cA fermenta\u00e7\u00e3o anaer\u00f3bica, realizada logo ap\u00f3s a colheita e antes da secagem, n\u00e3o \u00e9 um processo tradicional. No entanto, cafeicultores e especialistas t\u00eam buscado conhecimento sobre o processo por conta do ganho de sabor e aroma provocado na bebida, que assim pode atingir pre\u00e7os superiores aos praticados no mercado usualmente\u201d, diz L\u00edbia Diniz Santos, professora da FEQ-UFU e coordenadora do estudo.<\/p>\n<\/div>\n<div>\n<p>Os autores do trabalho integram o grupo de pesquisa Da Semente \u00e0 X\u00edcara, criado em 2019 para reunir em torno da cafeicultura pesquisadores, alunos, p\u00f3s-graduandos e t\u00e9cnicos tanto da FEQ como do Instituto de Gen\u00e9tica e Bioqu\u00edmica e das faculdades de Engenharia El\u00e9trica e de Computa\u00e7\u00e3o, todas no campus de Patos de Minas da UFU. O grupo tem, inclusive, uma marca de caf\u00e9 especial, o Porandu, que em tupi significa \u201cpesquisar\u201d, \u201cinvestigar\u201d.<\/p>\n<h2 class=\"wp-block-heading\" id=\"h-analises\">An\u00e1lises<\/h2>\n<p>A cultivar Arara foi lan\u00e7ada em 2012 pela Funda\u00e7\u00e3o Procaf\u00e9 ap\u00f3s 15 anos de estudos na busca de um caf\u00e9 resistente a doen\u00e7as e adaptado a diversas condi\u00e7\u00f5es clim\u00e1ticas do Cerrado. A bebida \u00e9 valorizada pelas notas c\u00edtricas e corpo robusto, o que a torna atrativa tanto para o mercado dom\u00e9stico quanto para exporta\u00e7\u00e3o.<\/p>\n<p>Usando uma ferramenta de intelig\u00eancia artificial desenvolvida pelo grupo de pesquisadores, os autores do estudo notaram que 70% dos frutos utilizados nos experimentos, colhidos na Fazenda Chu\u00e1, em Patos de Minas, eram imaturos.<\/p>\n<p>Os autores ressaltam que, apesar de terem usado gr\u00e3os verdes nas bebidas provadas pelos degustadores, os outros crit\u00e9rios da SCA continuaram sendo seguidos \u00e0 risca. Dessa forma, gr\u00e3os quebrados e pequenos foram descartados na prepara\u00e7\u00e3o. Com isso, os gr\u00e3os verdes na bebida representaram 13% a 30% do total. \u201cAcreditamos que se fossem 70% de gr\u00e3os verdes na bebida, mesmo fermentados, isso seria percept\u00edvel no produto final\u201d, ressalva Santos.<\/p>\n<p>No total, 32 tratamentos foram testados: diferentes tempos de fermenta\u00e7\u00e3o, que variaram de 24 a 96 horas, com e sem controle de temperatura. As combina\u00e7\u00f5es contaram ainda com presen\u00e7a ou aus\u00eancia de in\u00f3culo e fermenta\u00e7\u00e3o submersa (com 30% do biorreator com \u00e1gua) ou em estado s\u00f3lido, sem \u00e1gua.<\/p>\n<p>O pH e a temperatura foram monitorados por meio de um dispositivo eletr\u00f4nico desenvolvido pelo grupo que transmite o dado para um monitor externo a partir de sensores no interior do biorreator. Com isso, n\u00e3o h\u00e1 necessidade de abrir o barril e interferir no experimento para coletar a informa\u00e7\u00e3o.<\/p>\n<p>\u201cQuando fizemos o controle da temperatura externa a 27 \u00b0C, observamos que as pontua\u00e7\u00f5es foram maiores, inclusive com notas superiores \u00e0s de preparos em que s\u00f3 havia gr\u00e3os maduros. Com isso, podemos demonstrar que a fermenta\u00e7\u00e3o anaer\u00f3bica, principalmente em estado s\u00f3lido, acrescenta atributos sensoriais que elevam o caf\u00e9 para a categoria especial\u201d, explica Braga.<\/p>\n<p>Agora o grupo pretende entender qual ou quais compostos gerados no gr\u00e3o verde fermentado fornecem os atributos sensoriais que o tornam um caf\u00e9 com atributos especiais. Os pr\u00f3ximos trabalhos devem, ainda, explorar o efeito da fermenta\u00e7\u00e3o anaer\u00f3bica em outras variedades de caf\u00e9.<\/p>\n<\/p><\/div>\n<p><br \/>\n<br \/><a href=\"https:\/\/www.canalrural.com.br\/agricultura\/cafe\/metodo-de-fermentacao-transforma-graos-imaturos-em-cafe-especial\/\">Source link <\/a><\/p>\n","protected":false},"excerpt":{"rendered":"<p>Na sele\u00e7\u00e3o de caf\u00e9s especiais, aqueles que ganham acima de 80 pontos em testes cegos n\u00e3o t\u00eam defeitos f\u00edsicos nem<\/p>\n","protected":false},"author":1,"featured_media":17089,"comment_status":"open","ping_status":"open","sticky":false,"template":"","format":"standard","meta":{"_monsterinsights_skip_tracking":false,"_monsterinsights_sitenote_active":false,"_monsterinsights_sitenote_note":"","_monsterinsights_sitenote_category":0,"_uf_show_specific_survey":0,"_uf_disable_surveys":false,"footnotes":""},"categories":[1],"tags":[],"class_list":["post-17088","post","type-post","status-publish","format-standard","has-post-thumbnail","hentry","category-news"],"_links":{"self":[{"href":"https:\/\/agromt.news\/index.php?rest_route=\/wp\/v2\/posts\/17088"}],"collection":[{"href":"https:\/\/agromt.news\/index.php?rest_route=\/wp\/v2\/posts"}],"about":[{"href":"https:\/\/agromt.news\/index.php?rest_route=\/wp\/v2\/types\/post"}],"author":[{"embeddable":true,"href":"https:\/\/agromt.news\/index.php?rest_route=\/wp\/v2\/users\/1"}],"replies":[{"embeddable":true,"href":"https:\/\/agromt.news\/index.php?rest_route=%2Fwp%2Fv2%2Fcomments&post=17088"}],"version-history":[{"count":0,"href":"https:\/\/agromt.news\/index.php?rest_route=\/wp\/v2\/posts\/17088\/revisions"}],"wp:featuredmedia":[{"embeddable":true,"href":"https:\/\/agromt.news\/index.php?rest_route=\/wp\/v2\/media\/17089"}],"wp:attachment":[{"href":"https:\/\/agromt.news\/index.php?rest_route=%2Fwp%2Fv2%2Fmedia&parent=17088"}],"wp:term":[{"taxonomy":"category","embeddable":true,"href":"https:\/\/agromt.news\/index.php?rest_route=%2Fwp%2Fv2%2Fcategories&post=17088"},{"taxonomy":"post_tag","embeddable":true,"href":"https:\/\/agromt.news\/index.php?rest_route=%2Fwp%2Fv2%2Ftags&post=17088"}],"curies":[{"name":"wp","href":"https:\/\/api.w.org\/{rel}","templated":true}]}}