{"id":17087,"date":"2025-07-20T11:07:50","date_gmt":"2025-07-20T15:07:50","guid":{"rendered":"https:\/\/agromt.news\/?p=17087"},"modified":"2025-07-20T11:07:50","modified_gmt":"2025-07-20T15:07:50","slug":"governo-federal-anuncia-r-14-bilhao-para-obras-da-ferrovia-transnordestina","status":"publish","type":"post","link":"https:\/\/agromt.news\/?p=17087","title":{"rendered":"Governo federal anuncia R$ 1,4 bilh\u00e3o para obras da ferrovia Transnordestina"},"content":{"rendered":"<p> <br \/>\n<br \/><img decoding=\"async\" src=\"https:\/\/agromt.news\/wp-content\/uploads\/2024\/10\/setor-agricola-ainda-dependente-de-rodovias.jpeg\" \/><\/p>\n<div>\n<p>O presidente Luiz In\u00e1cio Lula da Silva anunciou o incremento de mais R$ 1,4 bilh\u00e3o para a ferrovia <strong><a href=\"http:\/\/www.canalrural.com.br\/tag\/transnordestina\/\">Transnordestina<\/a><\/strong>. Em cerim\u00f4nia nesta sexta-feira (18), ele afirmou que quer concluir a obra at\u00e9 o fim do terceiro mandato dele, mesmo que isso signifique gastar mais \u201ctempo e dinheiro\u201d.<\/p>\n<p>\u201cN\u00e3o faltar\u00e1 dinheiro para concluir a Transnordestina. Agora, tenho que ser comunicado da dificuldade do dinheiro antes de faltar. Preciso ser comunicado antes, porque eu quero inaugurar essa obra at\u00e9 o fim do meu mandato, se n\u00e3o 100%, 99%\u201d, disse Lula em discurso na cidade de Miss\u00e3o Velha (CE).<\/p>\n<p>Segundo a Secretaria de Comunica\u00e7\u00e3o Social (Secom), os novos recursos vir\u00e3o a partir de R$ 600 milh\u00f5es do Fundo de Desenvolvimento do Nordeste (FDNE) e R$ 816 milh\u00f5es do Fundo de Investimento do Nordeste (Finor).<\/p>\n<\/div>\n<div>\n<p>Ao todo, j\u00e1 foram investidos R$ 8,2 bilh\u00f5es, e o or\u00e7amento total da obra \u00e9 de R$ 15 bilh\u00f5es.<\/p>\n<p>O Planalto estima um impacto anual no PIB do Semi\u00e1rido de at\u00e9 R$ 7 bilh\u00f5es. Foram gerados mais de 4 mil empregos diretos e o valor de contratos assinados superam a cifra de R$ 4 bilh\u00f5es.<\/p>\n<p>Lula tamb\u00e9m disse querer que a obra seja conclu\u00edda como previsto no projeto original, ligando os portos de Pec\u00e9m e Suape, al\u00e9m de Eliseu Martins, no Piau\u00ed.<\/p>\n<\/p><\/div>\n<p><br \/>\n<br \/><a href=\"https:\/\/www.canalrural.com.br\/economia\/governo-federal-anuncia-r-14-bilhao-para-obras-da-ferrovia-transnordestina\/\">Source link <\/a><\/p>\n","protected":false},"excerpt":{"rendered":"<p>O presidente Luiz In\u00e1cio Lula da Silva anunciou o incremento de mais R$ 1,4 bilh\u00e3o para a ferrovia Transnordestina. Em<\/p>\n","protected":false},"author":1,"featured_media":3509,"comment_status":"open","ping_status":"open","sticky":false,"template":"","format":"standard","meta":{"_monsterinsights_skip_tracking":false,"_monsterinsights_sitenote_active":false,"_monsterinsights_sitenote_note":"","_monsterinsights_sitenote_category":0,"_uf_show_specific_survey":0,"_uf_disable_surveys":false,"footnotes":""},"categories":[1],"tags":[],"class_list":["post-17087","post","type-post","status-publish","format-standard","has-post-thumbnail","hentry","category-news"],"_links":{"self":[{"href":"https:\/\/agromt.news\/index.php?rest_route=\/wp\/v2\/posts\/17087"}],"collection":[{"href":"https:\/\/agromt.news\/index.php?rest_route=\/wp\/v2\/posts"}],"about":[{"href":"https:\/\/agromt.news\/index.php?rest_route=\/wp\/v2\/types\/post"}],"author":[{"embeddable":true,"href":"https:\/\/agromt.news\/index.php?rest_route=\/wp\/v2\/users\/1"}],"replies":[{"embeddable":true,"href":"https:\/\/agromt.news\/index.php?rest_route=%2Fwp%2Fv2%2Fcomments&post=17087"}],"version-history":[{"count":0,"href":"https:\/\/agromt.news\/index.php?rest_route=\/wp\/v2\/posts\/17087\/revisions"}],"wp:featuredmedia":[{"embeddable":true,"href":"https:\/\/agromt.news\/index.php?rest_route=\/wp\/v2\/media\/3509"}],"wp:attachment":[{"href":"https:\/\/agromt.news\/index.php?rest_route=%2Fwp%2Fv2%2Fmedia&parent=17087"}],"wp:term":[{"taxonomy":"category","embeddable":true,"href":"https:\/\/agromt.news\/index.php?rest_route=%2Fwp%2Fv2%2Fcategories&post=17087"},{"taxonomy":"post_tag","embeddable":true,"href":"https:\/\/agromt.news\/index.php?rest_route=%2Fwp%2Fv2%2Ftags&post=17087"}],"curies":[{"name":"wp","href":"https:\/\/api.w.org\/{rel}","templated":true}]}}