{"id":17085,"date":"2025-07-20T08:59:57","date_gmt":"2025-07-20T12:59:57","guid":{"rendered":"https:\/\/agromt.news\/?p=17085"},"modified":"2025-07-20T08:59:57","modified_gmt":"2025-07-20T12:59:57","slug":"acafrao-de-mara-rosa-cresce-no-mercado-pela-qualidade-e-origem","status":"publish","type":"post","link":"https:\/\/agromt.news\/?p=17085","title":{"rendered":"A\u00e7afr\u00e3o de Mara Rosa cresce no mercado pela qualidade e origem"},"content":{"rendered":"<p> <br \/>\n<br \/><img decoding=\"async\" src=\"https:\/\/agromt.news\/wp-content\/uploads\/2025\/07\/Acafrao-de-Mara-Rosa-cresce-no-mercado-pela-qualidade-e.webp.webp\" \/><\/p>\n<div>\n<p>No norte de Goi\u00e1s, o <a href=\"https:\/\/www.canalrural.com.br\/agricultura\/acafrao-goiano-primeiro-pais-com-indicacao-geografica-60976\/\">a\u00e7afr\u00e3o<\/a> da terra produzido em Mara Rosa conquistou espa\u00e7o no mercado gra\u00e7as \u00e0 sua qualidade, origem controlada e alto teor de curcumina. A tradi\u00e7\u00e3o local, somada ao trabalho coletivo e ao cuidado com a produ\u00e7\u00e3o, tornou o condimento um exemplo de sucesso no campo.<\/p>\n<p>Quem vive esse processo de perto \u00e9 Magna Leles, uma das produtoras da regi\u00e3o e com orgulho do a\u00e7afr\u00e3o. \u201cMeu produto \u00e9 com indica\u00e7\u00e3o geogr\u00e1fica, \u00e9 o \u00fanico do Brasil com esse selo. \u00c9 plantado com minhas m\u00e3os e com minha equipe. A pureza, o amor e a responsabilidade com o meio ambiente fazem a diferen\u00e7a\u201d, afirma Leles.<\/p>\n<p>Al\u00e9m disso, ela destaca a import\u00e2ncia do apoio t\u00e9cnico que recebe. \u201cO <a href=\"https:\/\/sebrae.com.br\/sites\/PortalSebrae\">Sebrae<\/a> abriu as porteiras do s\u00edtio, foi a campo conosco e acompanhou todo o plantio do a\u00e7afr\u00e3o. Est\u00e1 com a gente at\u00e9 hoje\u201d, conta a produtora.<\/p>\n<ul class=\"wp-block-list\">\n<li><em>Participe do Porteira Aberta Empreender: envie perguntas, sugest\u00f5es e conte sua hist\u00f3ria de empreendedorismo pelo\u00a0<\/em><a href=\"https:\/\/api.whatsapp.com\/send?phone=5511932796720&amp;PorteiraAbertaEmpreender=SuaMensagem\">WhatsApp<\/a><\/li>\n<\/ul>\n<\/div>\n<div>\n<p>Outro pilar fundamental para o fortalecimento da cadeia produtiva \u00e9 a Coopera\u00e7afr\u00e3o, cooperativa que conecta os produtores, organiza o processo e viabiliza a comercializa\u00e7\u00e3o. De acordo com Patr\u00edcia Aguiar, gerente da entidade. \u201cA cooperativa articula com os produtores e faz todo o beneficiamento e comercializa\u00e7\u00e3o. Nosso a\u00e7afr\u00e3o tem alto teor de curcumina e valor agregado por conta do clima e solo\u201d, explica Patr\u00edcia. <\/p>\n<p>Bem como, ela tamb\u00e9m refor\u00e7a o impacto direto do selo de origem \u201cA IG valoriza a produ\u00e7\u00e3o, o produtor e abre portas para comercializar com mais valor\u201d, conclui a gerente.<\/p>\n<p>Portanto, o a\u00e7afr\u00e3o da terra de Mara Rosa n\u00e3o representa apenas um produto diferenciado. Ele carrega hist\u00f3ria, dedica\u00e7\u00e3o e um modelo de produ\u00e7\u00e3o que valoriza tanto o solo quanto as m\u00e3os que o cultivam.<\/p>\n<\/p><\/div>\n<p><br \/>\n<br \/><a href=\"https:\/\/www.canalrural.com.br\/empreendedorismo\/acafrao-de-mara-rosa-cresce-no-mercado-pela-qualidade-e-origem\/\">Source link <\/a><\/p>\n","protected":false},"excerpt":{"rendered":"<p>No norte de Goi\u00e1s, o a\u00e7afr\u00e3o da terra produzido em Mara Rosa conquistou espa\u00e7o no mercado gra\u00e7as \u00e0 sua qualidade,<\/p>\n","protected":false},"author":1,"featured_media":17086,"comment_status":"open","ping_status":"open","sticky":false,"template":"","format":"standard","meta":{"_monsterinsights_skip_tracking":false,"_monsterinsights_sitenote_active":false,"_monsterinsights_sitenote_note":"","_monsterinsights_sitenote_category":0,"_uf_show_specific_survey":0,"_uf_disable_surveys":false,"footnotes":""},"categories":[1],"tags":[],"class_list":["post-17085","post","type-post","status-publish","format-standard","has-post-thumbnail","hentry","category-news"],"_links":{"self":[{"href":"https:\/\/agromt.news\/index.php?rest_route=\/wp\/v2\/posts\/17085"}],"collection":[{"href":"https:\/\/agromt.news\/index.php?rest_route=\/wp\/v2\/posts"}],"about":[{"href":"https:\/\/agromt.news\/index.php?rest_route=\/wp\/v2\/types\/post"}],"author":[{"embeddable":true,"href":"https:\/\/agromt.news\/index.php?rest_route=\/wp\/v2\/users\/1"}],"replies":[{"embeddable":true,"href":"https:\/\/agromt.news\/index.php?rest_route=%2Fwp%2Fv2%2Fcomments&post=17085"}],"version-history":[{"count":0,"href":"https:\/\/agromt.news\/index.php?rest_route=\/wp\/v2\/posts\/17085\/revisions"}],"wp:featuredmedia":[{"embeddable":true,"href":"https:\/\/agromt.news\/index.php?rest_route=\/wp\/v2\/media\/17086"}],"wp:attachment":[{"href":"https:\/\/agromt.news\/index.php?rest_route=%2Fwp%2Fv2%2Fmedia&parent=17085"}],"wp:term":[{"taxonomy":"category","embeddable":true,"href":"https:\/\/agromt.news\/index.php?rest_route=%2Fwp%2Fv2%2Fcategories&post=17085"},{"taxonomy":"post_tag","embeddable":true,"href":"https:\/\/agromt.news\/index.php?rest_route=%2Fwp%2Fv2%2Ftags&post=17085"}],"curies":[{"name":"wp","href":"https:\/\/api.w.org\/{rel}","templated":true}]}}