{"id":17080,"date":"2025-07-19T19:48:03","date_gmt":"2025-07-19T23:48:03","guid":{"rendered":"https:\/\/agromt.news\/?p=17080"},"modified":"2025-07-19T19:48:03","modified_gmt":"2025-07-19T23:48:03","slug":"geadas-ajudam-no-controle-de-pragas-da-uva","status":"publish","type":"post","link":"https:\/\/agromt.news\/?p=17080","title":{"rendered":"Geadas ajudam no controle de pragas da uva"},"content":{"rendered":"<p> <br \/>\n<\/p>\n<div>\n<div class=\"row\">\n<div class=\"col-lg col-infos mt-0 mt-lg-0\">\n<div class=\"section-sub-title\">\n<p itemprop=\"description\">&#13;<br \/>\n                                Produtores iniciam poda de inverno em videiras do Rio Grande do Sul&#13;\n                            <\/p>\n<\/p><\/div>\n<div class=\"container\">\n<div class=\"row\">\n<div class=\"col-lg p-0\">\n<div>\n<div class=\"block-news-main-infos mt-3 text-start\">\n<p>                                            <strong class=\"fn\" itemprop=\"author\" style=\"color: rgb(112, 112, 112); \">&#13;<br \/>\n                                                <a href=\"https:\/\/www.agrolink.com.br\/noticias\/javascript:;\" class=\"text-uppercase\" target=\"_blank\" style=\"color: rgb(112, 112, 112); \" rel=\"noopener\">Agrolink<\/a>&#13;<br \/>\n&#13;<br \/>\n                                                    &#8211; Seane Lennon&#13;<br \/>\n&#13;<br \/>\n                                            <\/strong><br \/>\n                                        <\/p>\n<p>                                            <abbr><time datetime=\"2025-07-18T14:19\" itemprop=\"datePublished dateModified\">Publicado em 18\/07\/2025 \u00e0s 14:19h.<\/time><\/abbr><br \/>\n                                            <\/p><\/div>\n<\/p><\/div>\n<\/p><\/div>\n<div class=\"col-lg p-0 text-lg-end\">\n<div>\n<div id=\"mdEnviarPagina\" class=\"modal fade\" role=\"dialog\">\n<div class=\"modal-dialog\">\n<div class=\"modal-content\">\n<div class=\"modal-body\">\n<p><strong>Estimado usu\u00e1rio.<\/strong><br \/>Preencha o formul\u00e1rio abaixo para remeter a p\u00e1gina.<\/p>\n<\/p><\/div>\n<\/p><\/div>\n<\/p><\/div>\n<\/div><\/div>\n<\/p><\/div>\n<\/p><\/div>\n<\/p><\/div>\n<\/p><\/div>\n<\/p><\/div>\n<div class=\"row justify-content-md-center mt-3\">\n<div class=\"col-lg-auto col-image block-news-main-image\">\n<p>                                <img decoding=\"async\" src=\"https:\/\/www.agrolink.com.br\/upload\/imagens-resizes\/57d32deb94d94a3781b5bd278928fccb_858x483.jpg\" class=\"lazyload img-fluid\"\/><br \/>\n                                                <span class=\"publicity-photo d-block mt-1\">Foto: Nadia Borges<\/span><\/p><\/div>\n<\/p><\/div>\n<div class=\"section-description section-description-noticias mt-3\">\n<p style=\"text-align:justify\">A poda de inverno das videiras de ciclo precoce teve in\u00edcio na regi\u00e3o administrativa de Caxias do Sul, segundo informa\u00e7\u00f5es divulgadas nesta quinta-feira (17) no Informativo Conjuntural da Emater\/RS-Ascar. Paralelamente, a aduba\u00e7\u00e3o de inverno tamb\u00e9m est\u00e1 em andamento, conforme recomenda\u00e7\u00f5es t\u00e9cnicas voltadas ao manejo adequado da cultura.&#13;\n<\/p>\n<p style=\"text-align:justify\">A entidade destacou que as geadas registradas nas \u00faltimas semanas contribu\u00edram para a redu\u00e7\u00e3o de in\u00f3culos de fungos patog\u00eanicos e pragas, al\u00e9m de atuarem como mecanismo natural de controle de plantas invasoras. A Emater\/RS-Ascar tamb\u00e9m informou que, at\u00e9 o momento, a quantidade de horas de frio com temperaturas abaixo de 7,2\u00b0C j\u00e1 foi suficiente para atender \u00e0s exig\u00eancias de dorm\u00eancia das videiras de ciclo precoce. No entanto, as videiras de ciclo m\u00e9dio e tardio ainda demandam maior ac\u00famulo de frio para completar esse requisito fisiol\u00f3gico.&#13;\n<\/p>\n<p style=\"text-align:justify\">Na regi\u00e3o de Erechim, a limpeza dos parreirais foi realizada por parte dos viticultores, e alguns produtores iniciaram os trabalhos de poda, marcando o in\u00edcio das atividades de inverno nas lavouras da cultura.<\/p>\n<\/p><\/div>\n<\/p><\/div>\n<p><script data-cfasync=\"false\">\n    !function (f, b, e, v, n, t, s) {\n        if (f.fbq) return; n = f.fbq = function () {\n            n.callMethod ?\n                n.callMethod.apply(n, arguments) : n.queue.push(arguments)\n        };\n        if (!f._fbq) f._fbq = n; n.push = n; n.loaded = !0; n.version = '2.0';\n        n.queue = []; t = b.createElement(e); t.async = !0;\n        t.src = v; s = b.getElementsByTagName(e)[0];\n        s.parentNode.insertBefore(t, s)\n    }(window, document, 'script',\n        'https:\/\/connect.facebook.net\/en_US\/fbevents.js');\n    fbq('init', '522546078623747');\n    fbq('track', 'PageView');\n<\/script><br \/>\n<br \/><br \/>\n<br \/><a href=\"https:\/\/www.agrolink.com.br\/noticias\/geadas-ajudam-no-controle-de-pragas-da-uva_504086.html\">Source link <\/a><\/p>\n","protected":false},"excerpt":{"rendered":"<p>&#13; Produtores iniciam poda de inverno em videiras do Rio Grande do Sul&#13; &#13; Agrolink&#13; &#13; &#8211; Seane Lennon&#13; &#13;<\/p>\n","protected":false},"author":1,"featured_media":2759,"comment_status":"open","ping_status":"open","sticky":false,"template":"","format":"standard","meta":{"_monsterinsights_skip_tracking":false,"_monsterinsights_sitenote_active":false,"_monsterinsights_sitenote_note":"","_monsterinsights_sitenote_category":0,"_uf_show_specific_survey":0,"_uf_disable_surveys":false,"footnotes":""},"categories":[8,1,14],"tags":[],"class_list":["post-17080","post","type-post","status-publish","format-standard","has-post-thumbnail","hentry","category-agro","category-news","category-politica-agro"],"_links":{"self":[{"href":"https:\/\/agromt.news\/index.php?rest_route=\/wp\/v2\/posts\/17080"}],"collection":[{"href":"https:\/\/agromt.news\/index.php?rest_route=\/wp\/v2\/posts"}],"about":[{"href":"https:\/\/agromt.news\/index.php?rest_route=\/wp\/v2\/types\/post"}],"author":[{"embeddable":true,"href":"https:\/\/agromt.news\/index.php?rest_route=\/wp\/v2\/users\/1"}],"replies":[{"embeddable":true,"href":"https:\/\/agromt.news\/index.php?rest_route=%2Fwp%2Fv2%2Fcomments&post=17080"}],"version-history":[{"count":0,"href":"https:\/\/agromt.news\/index.php?rest_route=\/wp\/v2\/posts\/17080\/revisions"}],"wp:featuredmedia":[{"embeddable":true,"href":"https:\/\/agromt.news\/index.php?rest_route=\/wp\/v2\/media\/2759"}],"wp:attachment":[{"href":"https:\/\/agromt.news\/index.php?rest_route=%2Fwp%2Fv2%2Fmedia&parent=17080"}],"wp:term":[{"taxonomy":"category","embeddable":true,"href":"https:\/\/agromt.news\/index.php?rest_route=%2Fwp%2Fv2%2Fcategories&post=17080"},{"taxonomy":"post_tag","embeddable":true,"href":"https:\/\/agromt.news\/index.php?rest_route=%2Fwp%2Fv2%2Ftags&post=17080"}],"curies":[{"name":"wp","href":"https:\/\/api.w.org\/{rel}","templated":true}]}}