{"id":17078,"date":"2025-07-19T18:15:55","date_gmt":"2025-07-19T22:15:55","guid":{"rendered":"https:\/\/agromt.news\/?p=17078"},"modified":"2025-07-19T18:15:55","modified_gmt":"2025-07-19T22:15:55","slug":"mapa-governo-federal-lanca-plano-safra-2025-2026-com-r-5162-bilhoes-para","status":"publish","type":"post","link":"https:\/\/agromt.news\/?p=17078","title":{"rendered":"MAPA: Governo Federal lan\u00e7a Plano Safra 2025\/2026 com R$ 516,2 bilh\u00f5es para&#8230;"},"content":{"rendered":"<p> <br \/>\n<\/p>\n<p>Com o slogan For\u00e7a para o Brasil crescer, a nova edi\u00e7\u00e3o amplia o cr\u00e9dito, incentiva a sustentabilidade e garante apoio ao produtor rural<\/p>\n<div>\n<div class=\"video-wrapper\">\n<div class=\"video\" style=\"text-align:center;\">\n<div class=\"video-wrapper\">\n<p>Para fomentar e fortalecer ainda mais o agro brasileiro, o Governo Federal lan\u00e7a nesta ter\u00e7a-feira (1\u00ba) o Plano Safra 2025\/2026, com recursos na ordem de R$ 516,2 bilh\u00f5es destinados \u00e0 agricultura empresarial. O valor representa um acr\u00e9scimo de R$ 8 bilh\u00f5es em rela\u00e7\u00e3o \u00e0 safra anterior. A cerim\u00f4nia de lan\u00e7amento ser\u00e1 realizada \u00e0s 11h, no Pal\u00e1cio do Planalto, com a presen\u00e7a do presidente Luiz In\u00e1cio Lula da Silva e do ministro da Agricultura e Pecu\u00e1ria, Carlos F\u00e1varo.<\/p>\n<\/div>\n<\/div>\n<\/div>\n<p><strong>Veja os detalhes dos juros, recursos e linhas de cr\u00e9dito:<\/strong><\/p>\n<p><iframe class=\"pdf-iframe\" src=\"https:\/\/docs.google.com\/gview?url=https:\/\/cdn.noticiasagricolas.com.br\/dbarquivos\/filipeta-plano-safra-2025-2026-UsKN.pdf&amp;embedded=true\"><\/iframe><\/p>\n<p>Voltado a m\u00e9dios e grandes produtores, o Plano Safra da agricultura empresarial \u00e9 coordenado pelo Minist\u00e9rio da Agricultura e Pecu\u00e1ria (Mapa) e contempla opera\u00e7\u00f5es de custeio, comercializa\u00e7\u00e3o e investimento. As condi\u00e7\u00f5es variam de acordo com o perfil do benefici\u00e1rio e o programa acessado. As taxas de juros, prazos e limites de cr\u00e9dito estar\u00e3o dispon\u00edveis nas tabelas oficiais a serem divulgadas pelo Mapa.<\/p>\n<p><strong>Medidas para ampliar a seguran\u00e7a e sustentabilidade no campo<\/strong><\/p>\n<p>A partir deste ano, o cr\u00e9dito rural de custeio agr\u00edcola passa a exigir a observ\u00e2ncia das recomenda\u00e7\u00f5es do Zoneamento Agr\u00edcola de Risco Clim\u00e1tico (Zarc). Anteriormente restrita a opera\u00e7\u00f5es de at\u00e9 R$ 200 mil contratadas por agricultores familiares do Pronaf com enquadramento obrigat\u00f3rio no Proagro, a exig\u00eancia agora se estende a financiamentos acima desse valor e a contratos em que o Proagro n\u00e3o \u00e9 exigido. O objetivo \u00e9 evitar a libera\u00e7\u00e3o de cr\u00e9dito fora dos per\u00edodos indicados ou em \u00e1reas com restri\u00e7\u00f5es, contribuindo para maior seguran\u00e7a e sustentabilidade na produ\u00e7\u00e3o. A exce\u00e7\u00e3o ocorre somente nos casos em que n\u00e3o houver zoneamento dispon\u00edvel para o munic\u00edpio ou para a cultura financiada.<\/p>\n<p>Outra novidade \u00e9 a autoriza\u00e7\u00e3o para o financiamento de ra\u00e7\u00f5es, suplementos e medicamentos adquiridos at\u00e9 180 dias antes da formaliza\u00e7\u00e3o do cr\u00e9dito, o que flexibiliza o acesso aos insumos.<\/p>\n<p>O cr\u00e9dito de custeio tamb\u00e9m poder\u00e1 ser destinado \u00e0 produ\u00e7\u00e3o de sementes e mudas de ess\u00eancias florestais, nativas ou ex\u00f3ticas, valorizando iniciativas voltadas \u00e0 preserva\u00e7\u00e3o ambiental. Ainda nesse contexto, ser\u00e1 permitido o financiamento de insumos e tratos culturais voltados ao cultivo de plantas utilizadas para cobertura e prote\u00e7\u00e3o do solo no per\u00edodo de entressafra, incentivando pr\u00e1ticas agr\u00edcolas sustent\u00e1veis.<\/p>\n<p>Al\u00e9m disso, o novo ciclo do Plano Safra traz medidas para facilitar a renegocia\u00e7\u00e3o de d\u00edvidas, oferecendo aos produtores que enfrentaram dificuldades em safras anteriores mais flexibilidade para reorganizar seus passivos e retomar o fluxo produtivo.<\/p>\n<p><strong>Acesso ampliado ao Funcaf\u00e9<\/strong><\/p>\n<p>Um dos destaques desta edi\u00e7\u00e3o \u00e9 a amplia\u00e7\u00e3o do acesso ao Fundo de Defesa da Economia Cafeeira (Funcaf\u00e9). A partir de agora, benefici\u00e1rios do Pronaf e do Programa Nacional de Apoio ao M\u00e9dio Produtor Rural (Pronamp) poder\u00e3o acessar o fundo mesmo que j\u00e1 tenham contratos ativos pelo Plano Safra, aumentando as op\u00e7\u00f5es de cr\u00e9dito e fortalecendo a capacidade de investimento e produ\u00e7\u00e3o no setor cafeeiro.<\/p>\n<p><strong>Incentivo \u00e0 produ\u00e7\u00e3o sustent\u00e1vel e \u00e0 moderniza\u00e7\u00e3o<\/strong><\/p>\n<p>Os produtores que adotarem pr\u00e1ticas sustent\u00e1veis ter\u00e3o acesso a condi\u00e7\u00f5es diferenciadas, como juros reduzidos. O Plano Safra 2025\/2026 tamb\u00e9m oferece cr\u00e9dito para produ\u00e7\u00e3o de mudas, reflorestamento e culturas de cobertura, que ajudam a preservar o solo entre uma safra e outra.<\/p>\n<p>Al\u00e9m disso, o governo prorrogou para o per\u00edodo de 1\u00ba de julho de 2025 a 30 de junho de 2026 a aplica\u00e7\u00e3o do desconto de 0,5 ponto percentual na taxa de juros das opera\u00e7\u00f5es de cr\u00e9dito rural de custeio. A medida vale para produtores enquadrados no Pronamp e tamb\u00e9m para os demais produtores que investirem em atividades sustent\u00e1veis, com recursos equalizados e respeitados os limites definidos por cada institui\u00e7\u00e3o financeira para o ano agr\u00edcola.<\/p>\n<p>Programas voltados \u00e0 moderniza\u00e7\u00e3o e inova\u00e7\u00e3o seguem fortalecidos. Moderagro e Inovagro foram unificados para simplificar o acesso ao cr\u00e9dito e, com isso, houve aumento do limite dispon\u00edvel para investimentos em granjas, possibilitando que essas estruturas se mantenham sempre atualizadas em rela\u00e7\u00e3o \u00e0 sanidade animal.<\/p>\n<p>O subprograma RenovAgro Ambiental passa a contemplar tamb\u00e9m a\u00e7\u00f5es de preven\u00e7\u00e3o e combate a inc\u00eandios, al\u00e9m de recupera\u00e7\u00e3o de \u00e1reas protegidas. Entre as novidades, est\u00e1 a possibilidade de financiamento de a\u00e7\u00f5es de preven\u00e7\u00e3o e combate ao fogo no im\u00f3vel rural; uso dos recursos para a aquisi\u00e7\u00e3o de caminh\u00f5es-pipa ou carretas-pipa; e entre os itens financi\u00e1veis, mudas de esp\u00e9cies nativas para a reposi\u00e7\u00e3o e recomposi\u00e7\u00e3o de \u00e1reas de preserva\u00e7\u00e3o permanente e reservas legais.<\/p>\n<p>O programa de armazenagem (PCA) tamb\u00e9m foi ampliado. O limite de capacidade por projeto passou de 6 mil para 12 mil toneladas, o que contribui para melhorar a infraestrutura de estocagem e escoamento da produ\u00e7\u00e3o rural.<\/p>\n<p>Outra novidade \u00e9 a amplia\u00e7\u00e3o do limite de renda para enquadramento no Pronamp, que passou de R$ 3 milh\u00f5es para R$ 3,5 milh\u00f5es por ano, permitindo que mais produtores tenham acesso \u00e0s condi\u00e7\u00f5es diferenciadas oferecidas pelo programa.<\/p>\n<p><strong>Compromisso com o desenvolvimento do agro<\/strong><\/p>\n<p>Com o slogan \u201cFor\u00e7a para o Brasil crescer\u201d, o Plano Safra 2025\/2026 destaca a relev\u00e2ncia da agropecu\u00e1ria para o crescimento do pa\u00eds. A amplia\u00e7\u00e3o do cr\u00e9dito, o incentivo \u00e0 produ\u00e7\u00e3o sustent\u00e1vel e o fortalecimento das pol\u00edticas voltadas ao campo refor\u00e7am a estrat\u00e9gia do governo de promover um setor mais eficiente, competitivo e alinhado \u00e0s demandas ambientais.<\/p>\n<\/p><\/div>\n<p><script async defer src=\"https:\/\/connect.facebook.net\/en_US\/sdk.js\"><\/script><script>\n  !function(f,b,e,v,n,t,s)\n  {if(f.fbq)return;n=f.fbq=function(){n.callMethod?\n    n.callMethod.apply(n,arguments):n.queue.push(arguments)};\n    if(!f._fbq)f._fbq=n;n.push=n;n.loaded=!0;n.version='2.0';\n    n.queue=[];t=b.createElement(e);t.async=!0;\n    t.src=v;s=b.getElementsByTagName(e)[0];\n    s.parentNode.insertBefore(t,s)}(window, document,'script',\n    'https:\/\/connect.facebook.net\/en_US\/fbevents.js');\n  fbq('init', '153495679422335');\n  fbq('track', 'PageView');\n<\/script><br \/>\n<br \/><br \/>\n<br \/><a href=\"https:\/\/www.noticiasagricolas.com.br\/noticias\/agronegocio\/403245-governo-federal-lanca-plano-safra-2025-2026-com-r-516-2-bilhoes-para-impulsionar-o-agro-brasileiro.html\">Source link <\/a><\/p>\n","protected":false},"excerpt":{"rendered":"<p>Com o slogan For\u00e7a para o Brasil crescer, a nova edi\u00e7\u00e3o amplia o cr\u00e9dito, incentiva a sustentabilidade e garante apoio<\/p>\n","protected":false},"author":1,"featured_media":17079,"comment_status":"open","ping_status":"open","sticky":false,"template":"","format":"standard","meta":{"_monsterinsights_skip_tracking":false,"_monsterinsights_sitenote_active":false,"_monsterinsights_sitenote_note":"","_monsterinsights_sitenote_category":0,"_uf_show_specific_survey":0,"_uf_disable_surveys":false,"footnotes":""},"categories":[8,1,14,16],"tags":[],"class_list":["post-17078","post","type-post","status-publish","format-standard","has-post-thumbnail","hentry","category-agro","category-news","category-politica-agro","category-safra"],"_links":{"self":[{"href":"https:\/\/agromt.news\/index.php?rest_route=\/wp\/v2\/posts\/17078"}],"collection":[{"href":"https:\/\/agromt.news\/index.php?rest_route=\/wp\/v2\/posts"}],"about":[{"href":"https:\/\/agromt.news\/index.php?rest_route=\/wp\/v2\/types\/post"}],"author":[{"embeddable":true,"href":"https:\/\/agromt.news\/index.php?rest_route=\/wp\/v2\/users\/1"}],"replies":[{"embeddable":true,"href":"https:\/\/agromt.news\/index.php?rest_route=%2Fwp%2Fv2%2Fcomments&post=17078"}],"version-history":[{"count":0,"href":"https:\/\/agromt.news\/index.php?rest_route=\/wp\/v2\/posts\/17078\/revisions"}],"wp:featuredmedia":[{"embeddable":true,"href":"https:\/\/agromt.news\/index.php?rest_route=\/wp\/v2\/media\/17079"}],"wp:attachment":[{"href":"https:\/\/agromt.news\/index.php?rest_route=%2Fwp%2Fv2%2Fmedia&parent=17078"}],"wp:term":[{"taxonomy":"category","embeddable":true,"href":"https:\/\/agromt.news\/index.php?rest_route=%2Fwp%2Fv2%2Fcategories&post=17078"},{"taxonomy":"post_tag","embeddable":true,"href":"https:\/\/agromt.news\/index.php?rest_route=%2Fwp%2Fv2%2Ftags&post=17078"}],"curies":[{"name":"wp","href":"https:\/\/api.w.org\/{rel}","templated":true}]}}