{"id":17075,"date":"2025-07-19T17:54:27","date_gmt":"2025-07-19T21:54:27","guid":{"rendered":"https:\/\/agromt.news\/?p=17075"},"modified":"2025-07-19T17:54:27","modified_gmt":"2025-07-19T21:54:27","slug":"o-erro-de-escolher-um-lado-politico","status":"publish","type":"post","link":"https:\/\/agromt.news\/?p=17075","title":{"rendered":"o erro de escolher um lado pol\u00edtico"},"content":{"rendered":"<p> <br \/>\n<\/p>\n<div>\n<p>Em um pa\u00eds cada vez mais polarizado, cresce o n\u00famero de entidades de classe que decidem adotar posi\u00e7\u00f5es <strong><a href=\"https:\/\/www.canalrural.com.br\/politica\/\">pol\u00edticas<\/a><\/strong> expl\u00edcitas \u2013 a favor ou contra governos, partidos ou candidatos. Muitas vezes, isso \u00e9 feito em nome da \u201cdefesa do setor\u201d. Mas o resultado quase sempre \u00e9 o oposto: a entidade acaba enfraquecida, dividida e perde capacidade de dialogar quando o poder muda de m\u00e3os.<\/p>\n<p>Uma entidade setorial n\u00e3o existe para expressar a opini\u00e3o pessoal de sua diretoria. Ela representa os interesses coletivos de empresas, produtores ou profissionais de um mesmo segmento \u2013 um p\u00fablico diverso. Dentro dele h\u00e1 quem vote \u00e0 esquerda, \u00e0 direita, ao centro ou em ningu\u00e9m. H\u00e1 concorrentes diretos que, apesar das disputas comerciais, se unem para buscar pol\u00edticas p\u00fablicas que favore\u00e7am o setor como um todo. Essa uni\u00e3o \u00e9 a for\u00e7a das entidades. Quando escolhem um lado pol\u00edtico, rompem esse elo.<\/p>\n<p>Outro problema surge quando a entidade vira um \u201cbra\u00e7o\u201d de um grupo pol\u00edtico: ela perde capacidade de di\u00e1logo com governos de outro campo ideol\u00f3gico. Quando a oposi\u00e7\u00e3o vence, a entidade fica tolhida em seu papel. O setor perde voz justamente quando mais precisa \u2014 para negociar, propor mudan\u00e7as, resolver crises ou construir solu\u00e7\u00f5es em conjunto com o governo.<\/p>\n<p>Entidades de classe n\u00e3o s\u00e3o partidos pol\u00edticos. N\u00e3o disputam elei\u00e7\u00f5es. Sua miss\u00e3o n\u00e3o \u00e9 \u201cvencer\u201d uma disputa eleitoral, mas garantir que o setor produtivo tenha sempre interlocu\u00e7\u00e3o qualificada e respeitada \u2013 qualquer que seja o governo eleito.<\/p>\n<p>Isso n\u00e3o significa omiss\u00e3o. Entidades s\u00e9rias precisam se posicionar com clareza sobre pol\u00edticas p\u00fablicas que afetem o setor. Devem apoiar medidas que ajudem o desenvolvimento e criticar o que o prejudica, venha de quem vier. Mas h\u00e1 uma diferen\u00e7a fundamental entre ter posi\u00e7\u00e3o sobre pol\u00edticas e ter lado pol\u00edtico. Um \u00e9 papel leg\u00edtimo e necess\u00e1rio. O outro \u00e9 milit\u00e2ncia.<\/p>\n<p>Quando a entidade confunde as duas coisas, o debate t\u00e9cnico vira <em>slogan<\/em>. A cr\u00edtica fundamentada cede espa\u00e7o ao ataque pessoal. A negocia\u00e7\u00e3o madura se transforma em palanque. E as solu\u00e7\u00f5es para problemas reais se afastam.<\/p>\n<\/div>\n<div>\n<p>\u00c9 importante lembrar que as pessoas f\u00edsicas t\u00eam opini\u00e3o pol\u00edtica \u2013 e devem ter. Presidentes de entidades, diretores, conselheiros, associados s\u00e3o cidad\u00e3os com direito de votar, militar, apoiar candidatos. Mas ao falar em nome da entidade, falam por todos. Representar significa moderar a voz para incluir diferentes perspectivas. Quem n\u00e3o entende isso acaba usando a institui\u00e7\u00e3o para expressar prefer\u00eancias pessoais, traindo sua fun\u00e7\u00e3o de representar o coletivo.<\/p>\n<p>Em momentos de tens\u00e3o pol\u00edtica, cresce a tenta\u00e7\u00e3o de \u201cescolher um lado\u201d. Mas justamente nesses momentos aumenta a responsabilidade das entidades em manter a isen\u00e7\u00e3o. Resistir \u00e0 captura pol\u00edtica n\u00e3o \u00e9 fraqueza: \u00e9 sinal de maturidade e compromisso com quem se representa. O setor produtivo precisa de entidades respeitadas por qualquer governo. Precisa de pontes \u2013 n\u00e3o de muros.<\/p>\n<p>O Brasil j\u00e1 tem partidos pol\u00edticos suficientes. O que precisa s\u00e3o entidades fortes, t\u00e9cnicas e capazes de dialogar com qualquer governo, apresentando dados confi\u00e1veis e propostas reais para problemas complexos. Quem abandona essa fun\u00e7\u00e3o para fazer campanha eleitoral pode at\u00e9 conquistar aplausos f\u00e1ceis por um tempo \u2013 mas cobra um pre\u00e7o alto do setor que deveria defender.<\/p>\n<p>No fim, quem paga a conta s\u00e3o todos os representados que, divididos, perdem for\u00e7a para enfrentar desafios concretos: burocracia, inseguran\u00e7a jur\u00eddica, custos elevados, falta de cr\u00e9dito, baixa competitividade.<\/p>\n<p>Preservar a isen\u00e7\u00e3o institucional n\u00e3o \u00e9 s\u00f3 uma escolha \u00e9tica. \u00c9 uma escolha estrat\u00e9gica. Quem busca resultados duradouros para seu setor precisa ter a coragem de n\u00e3o se alinhar a partidos \u2013 mas sim \u00e0 miss\u00e3o de defender quem produz, investe, emprega e ajuda o pa\u00eds a crescer.<\/p>\n<div class=\"wp-block-media-text is-stacked-on-mobile\">\n<figure class=\"wp-block-media-text__media\"><img fetchpriority=\"high\" decoding=\"async\" width=\"346\" height=\"278\" alt=\"\" class=\"wp-image-4103453 size-full\"  data-lazy- src=\"https:\/\/agromt.news\/wp-content\/uploads\/2025\/06\/Brasil-bate-recorde-nas-exportacoes-e-conquista-premio-por-sustentabilidade.jpeg\"\/><img decoding=\"async\" width=\"346\" height=\"278\" src=\"https:\/\/agromt.news\/wp-content\/uploads\/2025\/06\/Brasil-bate-recorde-nas-exportacoes-e-conquista-premio-por-sustentabilidade.jpeg\" alt=\"\" class=\"wp-image-4103453 size-full\"  \/><\/figure>\n<div class=\"wp-block-media-text__content\">\n<p><em>*<strong>Marcelo L\u00fcders<\/strong> \u00e9 presidente do Instituto Brasileiro do Feij\u00e3o e Pulses (Ibrafe), e atua na promo\u00e7\u00e3o do feij\u00e3o brasileiro no mercado interno e internacional<\/em><\/p>\n<\/div>\n<\/div>\n<hr class=\"wp-block-separator has-alpha-channel-opacity\"\/>\n<p><em>O\u00a0<strong>Canal Rural<\/strong>\u00a0n\u00e3o se responsabiliza pelas opini\u00f5es e conceitos emitidos nos textos desta sess\u00e3o, sendo os conte\u00fados de inteira responsabilidade de seus autores. A empresa se reserva o direito de fazer ajustes no texto para adequa\u00e7\u00e3o \u00e0s normas de publica\u00e7\u00e3o.<\/em><\/p>\n<\/p><\/div>\n<p><br \/>\n<br \/><a href=\"https:\/\/www.canalrural.com.br\/opiniao-noticias\/entidades-de-classe-o-erro-de-escolher-um-lado-politico\/\">Source link <\/a><\/p>\n","protected":false},"excerpt":{"rendered":"<p>Em um pa\u00eds cada vez mais polarizado, cresce o n\u00famero de entidades de classe que decidem adotar posi\u00e7\u00f5es pol\u00edticas expl\u00edcitas<\/p>\n","protected":false},"author":1,"featured_media":17076,"comment_status":"open","ping_status":"open","sticky":false,"template":"","format":"standard","meta":{"_monsterinsights_skip_tracking":false,"_monsterinsights_sitenote_active":false,"_monsterinsights_sitenote_note":"","_monsterinsights_sitenote_category":0,"_uf_show_specific_survey":0,"_uf_disable_surveys":false,"footnotes":""},"categories":[1],"tags":[],"class_list":["post-17075","post","type-post","status-publish","format-standard","has-post-thumbnail","hentry","category-news"],"_links":{"self":[{"href":"https:\/\/agromt.news\/index.php?rest_route=\/wp\/v2\/posts\/17075"}],"collection":[{"href":"https:\/\/agromt.news\/index.php?rest_route=\/wp\/v2\/posts"}],"about":[{"href":"https:\/\/agromt.news\/index.php?rest_route=\/wp\/v2\/types\/post"}],"author":[{"embeddable":true,"href":"https:\/\/agromt.news\/index.php?rest_route=\/wp\/v2\/users\/1"}],"replies":[{"embeddable":true,"href":"https:\/\/agromt.news\/index.php?rest_route=%2Fwp%2Fv2%2Fcomments&post=17075"}],"version-history":[{"count":0,"href":"https:\/\/agromt.news\/index.php?rest_route=\/wp\/v2\/posts\/17075\/revisions"}],"wp:featuredmedia":[{"embeddable":true,"href":"https:\/\/agromt.news\/index.php?rest_route=\/wp\/v2\/media\/17076"}],"wp:attachment":[{"href":"https:\/\/agromt.news\/index.php?rest_route=%2Fwp%2Fv2%2Fmedia&parent=17075"}],"wp:term":[{"taxonomy":"category","embeddable":true,"href":"https:\/\/agromt.news\/index.php?rest_route=%2Fwp%2Fv2%2Fcategories&post=17075"},{"taxonomy":"post_tag","embeddable":true,"href":"https:\/\/agromt.news\/index.php?rest_route=%2Fwp%2Fv2%2Ftags&post=17075"}],"curies":[{"name":"wp","href":"https:\/\/api.w.org\/{rel}","templated":true}]}}