{"id":17070,"date":"2025-07-19T16:16:22","date_gmt":"2025-07-19T20:16:22","guid":{"rendered":"https:\/\/agromt.news\/?p=17070"},"modified":"2025-07-19T16:16:22","modified_gmt":"2025-07-19T20:16:22","slug":"haddad-nega-que-brasil-vai-retaliar-tarifaco-de-trump-com-taxacao-de-dividendos-de-empresas-dos-eua","status":"publish","type":"post","link":"https:\/\/agromt.news\/?p=17070","title":{"rendered":"Haddad nega que Brasil vai retaliar tarifa\u00e7o de Trump com taxa\u00e7\u00e3o de dividendos de empresas dos EUA"},"content":{"rendered":"<p> <br \/>\n<br \/><img decoding=\"async\" src=\"https:\/\/agromt.news\/wp-content\/uploads\/2025\/07\/Haddad-nega-que-Brasil-vai-retaliar-tarifaco-de-Trump-com.jpg\" \/><\/p>\n<div>\n<p>Fernando Haddad, ministro da Fazenda, negou neste s\u00e1bado (19) que o governo tenha inten\u00e7\u00e3o de retaliar os EUA com a taxa\u00e7\u00e3o de dividendos de empresas norte-americanas  por causa da tarifa de 50% para produtos brasileiros anunciada por Donald Trump no dia 9 de julho.<\/p>\n<p><em>Veja em primeira m\u00e3o tudo sobre agricultura, pecu\u00e1ria, economia e previs\u00e3o do tempo:<\/em><a href=\"https:\/\/news.google.com\/publications\/CAAqBwgKMPKZlQswq_mqAw?hl=pt-BR&amp;gl=BR&amp;ceid=BR%3Apt-419\"><em>\u00a0<\/em><strong><em>siga o Canal Rural no Google News!<\/em><\/strong><\/a><\/p>\n<p>Em nota, o Minist\u00e9rio da Fazenda afirma que \u201cado\u00e7\u00e3o de medidas mais r\u00edgidas est\u00e1 fora de cogita\u00e7\u00e3o \u201c.<\/p>\n<p>\u201cO Ministro da Fazenda, Fernando Haddad, nega que o governo brasileiro esteja avaliando a ado\u00e7\u00e3o de medidas mais rigorosas de controle sobre os dividendos como forma de retalia\u00e7\u00e3o \u00e0s taxas adotadas pelos Estados Unidos e reafirma que essa possibilidade n\u00e3o est\u00e1 em considera\u00e7\u00e3o\u201d, diz  o comunicado.<\/p>\n<\/div>\n<div>\n<p>A publica\u00e7\u00e3o de Haddad nas redes sociais ocorre ap\u00f3s circular na imprensa nos \u00faltimos dias a informa\u00e7\u00e3o que Lula estava estudando adotar essa medida como forma de retalia\u00e7\u00e3o ao tarifa\u00e7o de Trump.<\/p>\n<h2 class=\"wp-block-heading\" id=\"h-negociacao\">Negocia\u00e7\u00e3o<\/h2>\n<p>O Minist\u00e9rio das Rela\u00e7\u00f5es Exteriores divulgou na <a href=\"https:\/\/www.canalrural.com.br\/nacional\/brasil-envia-carta-para-os-eua-pedindo-negociacao-e-destacando-aspectos-negativos-do-tarifaco\/\">\u00faltima quarta-feira (16) carta enviada para o governo dos EUA  refor\u00e7ando o pedido de negocia\u00e7\u00e3o com os norte-americanos<\/a>.<\/p>\n<p>A carta cobra de uma resposta de uma proposta de negocia\u00e7\u00e3o feita pelo governo brasileiro em 16 de maio de 2025.<\/p>\n<p>\u201cCom base nessas considera\u00e7\u00f5es e \u00e0 luz da urg\u00eancia do tema, o Governo do Brasil reitera seu interesse em receber coment\u00e1rios do governo dos EUA sobre a proposta brasileira. O Brasil permanece pronto para dialogar com as autoridades americanas e negociar uma solu\u00e7\u00e3o mutuamente aceit\u00e1vel sobre os aspectos comerciais da agenda bilateral, com o objetivo de preservar e aprofundar o relacionamento hist\u00f3rico entre os dois pa\u00edses e mitigar os impactos negativos da eleva\u00e7\u00e3o de tarifas em nosso com\u00e9rcio bilateral\u201d, diz o trecho do documento.<\/p>\n<\/p><\/div>\n<p><br \/>\n<br \/><a href=\"https:\/\/www.canalrural.com.br\/economia\/haddad-nega-que-brasil-vai-retaliar-tarifaco-de-trump-com-taxacao-de-dividendos-de-empresas-dos-eua\/\">Source link <\/a><\/p>\n","protected":false},"excerpt":{"rendered":"<p>Fernando Haddad, ministro da Fazenda, negou neste s\u00e1bado (19) que o governo tenha inten\u00e7\u00e3o de retaliar os EUA com a<\/p>\n","protected":false},"author":1,"featured_media":17071,"comment_status":"open","ping_status":"open","sticky":false,"template":"","format":"standard","meta":{"_monsterinsights_skip_tracking":false,"_monsterinsights_sitenote_active":false,"_monsterinsights_sitenote_note":"","_monsterinsights_sitenote_category":0,"_uf_show_specific_survey":0,"_uf_disable_surveys":false,"footnotes":""},"categories":[1],"tags":[],"class_list":["post-17070","post","type-post","status-publish","format-standard","has-post-thumbnail","hentry","category-news"],"_links":{"self":[{"href":"https:\/\/agromt.news\/index.php?rest_route=\/wp\/v2\/posts\/17070"}],"collection":[{"href":"https:\/\/agromt.news\/index.php?rest_route=\/wp\/v2\/posts"}],"about":[{"href":"https:\/\/agromt.news\/index.php?rest_route=\/wp\/v2\/types\/post"}],"author":[{"embeddable":true,"href":"https:\/\/agromt.news\/index.php?rest_route=\/wp\/v2\/users\/1"}],"replies":[{"embeddable":true,"href":"https:\/\/agromt.news\/index.php?rest_route=%2Fwp%2Fv2%2Fcomments&post=17070"}],"version-history":[{"count":0,"href":"https:\/\/agromt.news\/index.php?rest_route=\/wp\/v2\/posts\/17070\/revisions"}],"wp:featuredmedia":[{"embeddable":true,"href":"https:\/\/agromt.news\/index.php?rest_route=\/wp\/v2\/media\/17071"}],"wp:attachment":[{"href":"https:\/\/agromt.news\/index.php?rest_route=%2Fwp%2Fv2%2Fmedia&parent=17070"}],"wp:term":[{"taxonomy":"category","embeddable":true,"href":"https:\/\/agromt.news\/index.php?rest_route=%2Fwp%2Fv2%2Fcategories&post=17070"},{"taxonomy":"post_tag","embeddable":true,"href":"https:\/\/agromt.news\/index.php?rest_route=%2Fwp%2Fv2%2Ftags&post=17070"}],"curies":[{"name":"wp","href":"https:\/\/api.w.org\/{rel}","templated":true}]}}