{"id":17069,"date":"2025-07-19T15:34:13","date_gmt":"2025-07-19T19:34:13","guid":{"rendered":"https:\/\/agromt.news\/?p=17069"},"modified":"2025-07-19T15:34:13","modified_gmt":"2025-07-19T19:34:13","slug":"taxacao-dos-eua-continua-dividindo-opinioes-na-camara-dos-deputados","status":"publish","type":"post","link":"https:\/\/agromt.news\/?p=17069","title":{"rendered":"Taxa\u00e7\u00e3o dos EUA continua dividindo opini\u00f5es na C\u00e2mara dos Deputados"},"content":{"rendered":"<p> <br \/>\n<\/p>\n<div>\n<div class=\"row\">\n<div class=\"col-lg col-infos mt-0 mt-lg-0\">\n<div class=\"section-sub-title\">\n<p itemprop=\"description\">&#13;<br \/>\n                                Deputados divergem sobre como agir diante da taxa\u00e7\u00e3o dos EUA contra o Brasil&#13;\n                            <\/p>\n<\/p><\/div>\n<div class=\"container\">\n<div class=\"row\">\n<div class=\"col-lg p-0 text-lg-end\">\n<div>\n<div id=\"mdEnviarPagina\" class=\"modal fade\" role=\"dialog\">\n<div class=\"modal-dialog\">\n<div class=\"modal-content\">\n<div class=\"modal-body\">\n<p><strong>Estimado usu\u00e1rio.<\/strong><br \/>Preencha o formul\u00e1rio abaixo para remeter a p\u00e1gina.<\/p>\n<\/p><\/div>\n<\/p><\/div>\n<\/p><\/div>\n<\/div><\/div>\n<\/p><\/div>\n<\/p><\/div>\n<\/p><\/div>\n<\/p><\/div>\n<\/p><\/div>\n<div class=\"row justify-content-md-center mt-3\">\n<div class=\"col-lg-auto col-image block-news-main-image\">\n<p>                                <img decoding=\"async\" src=\"https:\/\/www.agrolink.com.br\/upload\/imagens-resizes\/92d91ef09f434e398302bd6c26e1e9f1_858x483.jpg\" class=\"lazyload img-fluid\"\/><br \/>\n                                                <span class=\"publicity-photo d-block mt-1\">Foto: Canva<\/span><\/p><\/div>\n<\/p><\/div>\n<div class=\"section-description section-description-noticias mt-3\">\n<p style=\"text-align:justify\">A amea\u00e7a dos Estados Unidos de taxar produtos brasileiros em 50% a partir de 1\u00ba de agosto continua a gerar debates na C\u00e2mara. Enquanto o l\u00edder do PL, deputado S\u00f3stenes Cavalcante (RJ), atribui a resolu\u00e7\u00e3o do problema ao Executivo, o presidente da Comiss\u00e3o de Finan\u00e7as e Tributa\u00e7\u00e3o, deputado Rog\u00e9rio Correia (PT-MG), diz que n\u00e3o h\u00e1 justificativa t\u00e9cnica para essa taxa\u00e7\u00e3o.&#13;\n<\/p>\n<p style=\"text-align:justify\"><strong>Problema do Executivo<\/strong><br \/>&#13;<br \/>\n\u201cEsse n\u00e3o \u00e9 um problema nosso [da C\u00e2mara]\u201d, disse S\u00f3stenes Cavalcante, em entrevista \u00e0 <em>R\u00e1dio C\u00e2mara<\/em> nesta sexta-feira (18). \u201c\u00c9 problema de governos: governo executivo brasileiro, na figura do presidente atual da Rep\u00fablica, com o governo Donald Trump l\u00e1 nos Estados Unidos.\u201d<\/p>\n<p style=\"text-align:justify\">Segundo S\u00f3stenes, o papel do Legislativo \u00e9 atuar em eventual necessidade do Executivo e, at\u00e9 o momento, o Pal\u00e1cio do Planalto n\u00e3o acionou a C\u00e2mara. \u201cEnt\u00e3o n\u00e3o temos o que fazer\u201d, resumiu, criticando a falta de di\u00e1logo do governo brasileiro com a administra\u00e7\u00e3o americana.&#13;\n<\/p>\n<p style=\"text-align:justify\"><strong>Tentativa de interfer\u00eancia<\/strong><br \/>&#13;<br \/>\nPor outro lado, o deputado Rog\u00e9rio Correia afirmou que o governo brasileiro j\u00e1 busca negociar com o governo americano. Em entrevista \u00e0 <em>R\u00e1dio C\u00e2mara<\/em> nesta sexta-feira (18), o parlamentar aventou a possibilidade de o Brasil aplicar a <a href=\"https:\/\/www2.camara.leg.br\/legin\/fed\/lei\/2025\/lei-15122-11-abril-2025-797315-norma-pl.html\">Lei da Reciprocidade Econ\u00f4mica<\/a> \u2013 recentemente <a href=\"https:\/\/www.camara.leg.br\/noticias\/1146611-camara-aprova-projeto-que-preve-medidas-do-governo-brasileiro-contra-tarifas-de-outros-paises\/\">aprovada pelo Congresso<\/a> \u2013 e taxar a importa\u00e7\u00e3o de produtos norte-americanos. \u201cMas espero que n\u00e3o cheguemos a tanto\u201d, torce Rog\u00e9rio Correia, apostando num \u201crecuo\u201d do presidente dos EUA.<\/p>\n<p style=\"text-align:justify\">Para Correia, a taxa\u00e7\u00e3o \u00e9 injustific\u00e1vel, visto que os EUA t\u00eam super\u00e1vit anual de US$ 68 bilh\u00f5es nas rela\u00e7\u00f5es comerciais com o Brasil. O deputado acusou Donad Trump de tentar interferir na justi\u00e7a brasileira e de atacar o sistema de pagamentos PIX. \u201c[Trump] Quer que a gente destrua o nosso PIX para validar o cart\u00e3o de cr\u00e9dito americano\u201d, criticou.&#13;\n<\/p>\n<p style=\"text-align:justify\">\u00a0<\/p>\n<\/p><\/div>\n<\/p><\/div>\n<p><script data-cfasync=\"false\">\n    !function (f, b, e, v, n, t, s) {\n        if (f.fbq) return; n = f.fbq = function () {\n            n.callMethod ?\n                n.callMethod.apply(n, arguments) : n.queue.push(arguments)\n        };\n        if (!f._fbq) f._fbq = n; n.push = n; n.loaded = !0; n.version = '2.0';\n        n.queue = []; t = b.createElement(e); t.async = !0;\n        t.src = v; s = b.getElementsByTagName(e)[0];\n        s.parentNode.insertBefore(t, s)\n    }(window, document, 'script',\n        'https:\/\/connect.facebook.net\/en_US\/fbevents.js');\n    fbq('init', '522546078623747');\n    fbq('track', 'PageView');\n<\/script><br \/>\n<br \/><br \/>\n<br \/><a href=\"https:\/\/www.agrolink.com.br\/noticias\/taxacao-dos-eua-continua-dividindo-opinioes-na-camara-dos-deputados_504088.html\">Source link <\/a><\/p>\n","protected":false},"excerpt":{"rendered":"<p>&#13; Deputados divergem sobre como agir diante da taxa\u00e7\u00e3o dos EUA contra o Brasil&#13; Estimado usu\u00e1rio.Preencha o formul\u00e1rio abaixo para<\/p>\n","protected":false},"author":1,"featured_media":16617,"comment_status":"open","ping_status":"open","sticky":false,"template":"","format":"standard","meta":{"_monsterinsights_skip_tracking":false,"_monsterinsights_sitenote_active":false,"_monsterinsights_sitenote_note":"","_monsterinsights_sitenote_category":0,"_uf_show_specific_survey":0,"_uf_disable_surveys":false,"footnotes":""},"categories":[8,1,14],"tags":[],"class_list":["post-17069","post","type-post","status-publish","format-standard","has-post-thumbnail","hentry","category-agro","category-news","category-politica-agro"],"_links":{"self":[{"href":"https:\/\/agromt.news\/index.php?rest_route=\/wp\/v2\/posts\/17069"}],"collection":[{"href":"https:\/\/agromt.news\/index.php?rest_route=\/wp\/v2\/posts"}],"about":[{"href":"https:\/\/agromt.news\/index.php?rest_route=\/wp\/v2\/types\/post"}],"author":[{"embeddable":true,"href":"https:\/\/agromt.news\/index.php?rest_route=\/wp\/v2\/users\/1"}],"replies":[{"embeddable":true,"href":"https:\/\/agromt.news\/index.php?rest_route=%2Fwp%2Fv2%2Fcomments&post=17069"}],"version-history":[{"count":0,"href":"https:\/\/agromt.news\/index.php?rest_route=\/wp\/v2\/posts\/17069\/revisions"}],"wp:featuredmedia":[{"embeddable":true,"href":"https:\/\/agromt.news\/index.php?rest_route=\/wp\/v2\/media\/16617"}],"wp:attachment":[{"href":"https:\/\/agromt.news\/index.php?rest_route=%2Fwp%2Fv2%2Fmedia&parent=17069"}],"wp:term":[{"taxonomy":"category","embeddable":true,"href":"https:\/\/agromt.news\/index.php?rest_route=%2Fwp%2Fv2%2Fcategories&post=17069"},{"taxonomy":"post_tag","embeddable":true,"href":"https:\/\/agromt.news\/index.php?rest_route=%2Fwp%2Fv2%2Ftags&post=17069"}],"curies":[{"name":"wp","href":"https:\/\/api.w.org\/{rel}","templated":true}]}}