{"id":17066,"date":"2025-07-19T13:33:05","date_gmt":"2025-07-19T17:33:05","guid":{"rendered":"https:\/\/agromt.news\/?p=17066"},"modified":"2025-07-19T13:33:05","modified_gmt":"2025-07-19T17:33:05","slug":"parana-colhe-safra-recorde-de-feijao-em-2025","status":"publish","type":"post","link":"https:\/\/agromt.news\/?p=17066","title":{"rendered":"Paran\u00e1 colhe safra recorde de feij\u00e3o em 2025"},"content":{"rendered":"<p> <br \/>\n<\/p>\n<div>\n<p style=\"text-align:justify\">O Departamento de Economia Rural (Deral), da Secretaria de Estado da Agricultura e do Abastecimento do Paran\u00e1 (Seab), informou nesta quinta-feira (17), por meio do Boletim de Conjuntura Agropecu\u00e1ria, que foi encerrada a colheita da segunda safra de feij\u00e3o no estado. Essa etapa \u00e9 considerada a mais relevante em volume, com plantio concentrado entre janeiro e fevereiro.&#13;\n<\/p>\n<p style=\"text-align:justify\">Segundo os dados do Deral, foram semeados 328 mil hectares nesta segunda safra, \u00e1rea 25% inferior \u00e0 registrada no mesmo per\u00edodo do ano anterior. Como consequ\u00eancia, a produ\u00e7\u00e3o recuou 23%, somando 526,6 mil toneladas. Apesar da redu\u00e7\u00e3o, a primeira safra, colhida em janeiro, j\u00e1 havia disponibilizado 338 mil toneladas ao mercado, com aumento de 102% em rela\u00e7\u00e3o ao ciclo anterior.<\/p>\n<p style=\"text-align:justify\">Com o encerramento das duas principais safras, que definem praticamente toda a oferta estadual \u2014 j\u00e1 que a terceira safra possui participa\u00e7\u00e3o marginal \u2014, o Paran\u00e1 totaliza 865 mil toneladas de feij\u00e3o na safra 2024\/25. O volume representa alta de 2% em rela\u00e7\u00e3o ao ciclo 2023\/24, que havia alcan\u00e7ado 849 mil toneladas. Caso confirmado, esse resultado estabelece um novo recorde estadual e mant\u00e9m o Paran\u00e1 como o maior produtor de feij\u00e3o do pa\u00eds, respondendo por cerca de 25% da produ\u00e7\u00e3o nacional.&#13;\n<\/p>\n<p style=\"text-align:justify\">O boletim tamb\u00e9m aponta os efeitos dessa oferta sobre os pre\u00e7os. A cota\u00e7\u00e3o da saca de <a href=\"https:\/\/www.agrolink.com.br\/culturas\/feijao\/?utm_source=agrolink-detalhe-noticia&amp;utm_medium=detalhe-noticia&amp;utm_campaign=links-internos\" target=\"_blank\" rel=\"noopener\">feij\u00e3o<\/a> preto recuou 44% em compara\u00e7\u00e3o com julho de 2024, passando de R$ 228,38 para cerca de R$ 121,00. O Deral observa que, embora as exporta\u00e7\u00f5es tenham sustentado os pre\u00e7os em parte de 2024, o ritmo dos embarques caiu. No segundo trimestre de 2025, foram exportadas 17 mil toneladas de feij\u00e3o seco, volume 33% menor do que o registrado no mesmo per\u00edodo de 2024, que havia atingido 26 mil toneladas.<\/p>\n<p style=\"text-align:justify\">Com o aumento da disponibilidade interna e o recuo nas cota\u00e7\u00f5es, a tend\u00eancia observada pelos t\u00e9cnicos do Deral \u00e9 de que haja redu\u00e7\u00e3o na \u00e1rea a ser cultivada com feij\u00e3o a partir de agosto, na primeira safra de 2025\/26.<\/p>\n<\/p><\/div>\n<p><script data-cfasync=\"false\">\n    !function (f, b, e, v, n, t, s) {\n        if (f.fbq) return; n = f.fbq = function () {\n            n.callMethod ?\n                n.callMethod.apply(n, arguments) : n.queue.push(arguments)\n        };\n        if (!f._fbq) f._fbq = n; n.push = n; n.loaded = !0; n.version = '2.0';\n        n.queue = []; t = b.createElement(e); t.async = !0;\n        t.src = v; s = b.getElementsByTagName(e)[0];\n        s.parentNode.insertBefore(t, s)\n    }(window, document, 'script',\n        'https:\/\/connect.facebook.net\/en_US\/fbevents.js');\n    fbq('init', '522546078623747');\n    fbq('track', 'PageView');\n<\/script><br \/>\n<br \/><br \/>\n<br \/><a href=\"https:\/\/www.agrolink.com.br\/noticias\/parana-colhe-safra-recorde-de-feijao-em-2025_504091.html\">Source link <\/a><\/p>\n","protected":false},"excerpt":{"rendered":"<p>O Departamento de Economia Rural (Deral), da Secretaria de Estado da Agricultura e do Abastecimento do Paran\u00e1 (Seab), informou nesta<\/p>\n","protected":false},"author":1,"featured_media":8117,"comment_status":"open","ping_status":"open","sticky":false,"template":"","format":"standard","meta":{"_monsterinsights_skip_tracking":false,"_monsterinsights_sitenote_active":false,"_monsterinsights_sitenote_note":"","_monsterinsights_sitenote_category":0,"_uf_show_specific_survey":0,"_uf_disable_surveys":false,"footnotes":""},"categories":[8,1,14],"tags":[],"class_list":["post-17066","post","type-post","status-publish","format-standard","has-post-thumbnail","hentry","category-agro","category-news","category-politica-agro"],"_links":{"self":[{"href":"https:\/\/agromt.news\/index.php?rest_route=\/wp\/v2\/posts\/17066"}],"collection":[{"href":"https:\/\/agromt.news\/index.php?rest_route=\/wp\/v2\/posts"}],"about":[{"href":"https:\/\/agromt.news\/index.php?rest_route=\/wp\/v2\/types\/post"}],"author":[{"embeddable":true,"href":"https:\/\/agromt.news\/index.php?rest_route=\/wp\/v2\/users\/1"}],"replies":[{"embeddable":true,"href":"https:\/\/agromt.news\/index.php?rest_route=%2Fwp%2Fv2%2Fcomments&post=17066"}],"version-history":[{"count":0,"href":"https:\/\/agromt.news\/index.php?rest_route=\/wp\/v2\/posts\/17066\/revisions"}],"wp:featuredmedia":[{"embeddable":true,"href":"https:\/\/agromt.news\/index.php?rest_route=\/wp\/v2\/media\/8117"}],"wp:attachment":[{"href":"https:\/\/agromt.news\/index.php?rest_route=%2Fwp%2Fv2%2Fmedia&parent=17066"}],"wp:term":[{"taxonomy":"category","embeddable":true,"href":"https:\/\/agromt.news\/index.php?rest_route=%2Fwp%2Fv2%2Fcategories&post=17066"},{"taxonomy":"post_tag","embeddable":true,"href":"https:\/\/agromt.news\/index.php?rest_route=%2Fwp%2Fv2%2Ftags&post=17066"}],"curies":[{"name":"wp","href":"https:\/\/api.w.org\/{rel}","templated":true}]}}