{"id":17062,"date":"2025-07-19T12:32:49","date_gmt":"2025-07-19T16:32:49","guid":{"rendered":"https:\/\/agromt.news\/?p=17062"},"modified":"2025-07-19T12:32:49","modified_gmt":"2025-07-19T16:32:49","slug":"pecuaristas-do-interior-de-sao-paulo-ja-sentem-impacto-de-tarifaco-de-trump","status":"publish","type":"post","link":"https:\/\/agromt.news\/?p=17062","title":{"rendered":"Pecuaristas do interior de S\u00e3o Paulo j\u00e1 sentem impacto de tarifa\u00e7o de Trump"},"content":{"rendered":"<p> <br \/>\n<br \/><img decoding=\"async\" src=\"https:\/\/agromt.news\/wp-content\/uploads\/2025\/07\/Pecuaristas-do-interior-de-Sao-Paulo-ja-sentem-impacto-de.jpg\" \/><\/p>\n<div>\n<p>Pecuaristas do interior de S\u00e3o Paulo j\u00e1 est\u00e3o sentido os efeitos do tarifa\u00e7o anunciado por Trump, de acordo com informa\u00e7\u00f5es do <em>G1<\/em>. Produtores de boi de Barretos (SP) tiveram as vendas de carne suspensas ap\u00f3s o an\u00fancio da medida. Isso ocorre, porque os <a href=\"https:\/\/www.canalrural.com.br\/pecuaria\/apos-tarifaco-frigorificos-decidem-suspender-producao-de-carne-para-os-eua\/\">frigor\u00edficos brasileiros j\u00e1 est\u00e3o parando a produ\u00e7\u00e3o destinada para a exporta\u00e7\u00e3o para os EUA<\/a>.<\/p>\n<p>\u201cCom essa taxa, inviabiliza o neg\u00f3cio. O neg\u00f3cio para. Para os Estados Unidos, fica invi\u00e1vel\u201d, afirma o pecuarista de Barretos Ant\u00f4nio Jos\u00e9 Prata Carvalho.<\/p>\n<p><em>Veja em primeira m\u00e3o tudo sobre agricultura, pecu\u00e1ria, economia e previs\u00e3o do tempo:<\/em><a href=\"https:\/\/news.google.com\/publications\/CAAqBwgKMPKZlQswq_mqAw?hl=pt-BR&amp;gl=BR&amp;ceid=BR%3Apt-419\"><em>\u00a0<\/em><strong><em>siga o Canal Rural no Google News!<\/em><\/strong><\/a><\/p>\n<p>O Sindicato da Ind\u00fastria de Alimenta\u00e7\u00e3o de Barretos demostra preocupa\u00e7\u00e3o com o cen\u00e1rio. A entidade v\u00ea riscos de demiss\u00f5es por conta da medida do governo dos EUA.<\/p>\n<\/div>\n<div>\n<p>\u201cN\u00f3s temos uma empresa de abate que tem em torno de 3 mil funcion\u00e1rios, entre duas unidades produtivas, uma de abate e outra, de transforma\u00e7\u00e3o de carne, e tamb\u00e9m um centro administrativo. A preocupa\u00e7\u00e3o \u00e9 grande. Realmente, muito grande. A gente est\u00e1 aqui sem saber o que vai acontecer. Todo mundo na expectativa para saber que rumo a gente vai tomar nessas quest\u00f5es\u201d, diz Enilson Roberto da Silva, diretor do Sindicato da Ind\u00fastria de Alimenta\u00e7\u00e3o de Barretos.<\/p>\n<h2 class=\"wp-block-heading\" id=\"h-alternativa\">Alternativa<\/h2>\n<p>O presidente da Associa\u00e7\u00e3o Nacional dos Confinadores (Assocon), Maur\u00edcio Velloso, acredita que n\u00e3o h\u00e1 motivo para a pecu\u00e1ria nacional temer a imposi\u00e7\u00e3o de 50% de tarifa nas exporta\u00e7\u00f5es aos Estados Unidos. Segundo ele, <a href=\"https:\/\/www.canalrural.com.br\/pecuaria\/brasil-pode-diluir-o-volume-de-carne-comprada-pelos-eua-a-outros-160-destinos-diz-assocon\/\">o setor pode, com facilidade, diluir as 185 mil toneladas de carne bovina compradas pelos norte-americanos no primeiro semestre deste ano aos mais de 160 pa\u00edses<\/a> que atualmente adquirem a prote\u00edna nacional.<\/p>\n<p>Contudo, ele n\u00e3o desconsidera a import\u00e2ncia que a terra de Donald Trump passou a representar aos embarques da carne bovina brasileira, cujo crescimento foi na ordem de 104% entre 2024 e o primeiro semestre de 2025.<\/p>\n<p>\u201cEntretanto, este valor, este volume, apesar de ter crescido de forma significativa, desej\u00e1vel e merece aplausos por isso, ainda assim n\u00e3o \u00e9 t\u00e3o representativo frente a todo o volume exportado pelo Brasil\u201d, ressalta.<\/p>\n<\/p><\/div>\n<p><br \/>\n<br \/><a href=\"https:\/\/www.canalrural.com.br\/pecuaria\/pecuaristas-do-interior-de-sao-paulo-ja-sentem-impacto-de-tarifaco-de-trump\/\">Source link <\/a><\/p>\n","protected":false},"excerpt":{"rendered":"<p>Pecuaristas do interior de S\u00e3o Paulo j\u00e1 est\u00e3o sentido os efeitos do tarifa\u00e7o anunciado por Trump, de acordo com informa\u00e7\u00f5es<\/p>\n","protected":false},"author":1,"featured_media":17063,"comment_status":"open","ping_status":"open","sticky":false,"template":"","format":"standard","meta":{"_monsterinsights_skip_tracking":false,"_monsterinsights_sitenote_active":false,"_monsterinsights_sitenote_note":"","_monsterinsights_sitenote_category":0,"_uf_show_specific_survey":0,"_uf_disable_surveys":false,"footnotes":""},"categories":[1],"tags":[],"class_list":["post-17062","post","type-post","status-publish","format-standard","has-post-thumbnail","hentry","category-news"],"_links":{"self":[{"href":"https:\/\/agromt.news\/index.php?rest_route=\/wp\/v2\/posts\/17062"}],"collection":[{"href":"https:\/\/agromt.news\/index.php?rest_route=\/wp\/v2\/posts"}],"about":[{"href":"https:\/\/agromt.news\/index.php?rest_route=\/wp\/v2\/types\/post"}],"author":[{"embeddable":true,"href":"https:\/\/agromt.news\/index.php?rest_route=\/wp\/v2\/users\/1"}],"replies":[{"embeddable":true,"href":"https:\/\/agromt.news\/index.php?rest_route=%2Fwp%2Fv2%2Fcomments&post=17062"}],"version-history":[{"count":0,"href":"https:\/\/agromt.news\/index.php?rest_route=\/wp\/v2\/posts\/17062\/revisions"}],"wp:featuredmedia":[{"embeddable":true,"href":"https:\/\/agromt.news\/index.php?rest_route=\/wp\/v2\/media\/17063"}],"wp:attachment":[{"href":"https:\/\/agromt.news\/index.php?rest_route=%2Fwp%2Fv2%2Fmedia&parent=17062"}],"wp:term":[{"taxonomy":"category","embeddable":true,"href":"https:\/\/agromt.news\/index.php?rest_route=%2Fwp%2Fv2%2Fcategories&post=17062"},{"taxonomy":"post_tag","embeddable":true,"href":"https:\/\/agromt.news\/index.php?rest_route=%2Fwp%2Fv2%2Ftags&post=17062"}],"curies":[{"name":"wp","href":"https:\/\/api.w.org\/{rel}","templated":true}]}}