{"id":17057,"date":"2025-07-19T11:38:48","date_gmt":"2025-07-19T15:38:48","guid":{"rendered":"https:\/\/agromt.news\/?p=17057"},"modified":"2025-07-19T11:38:48","modified_gmt":"2025-07-19T15:38:48","slug":"avicultura-integrada-transforma-a-vida-de-tecnico-agricola-em-minas","status":"publish","type":"post","link":"https:\/\/agromt.news\/?p=17057","title":{"rendered":"Avicultura integrada transforma a vida de t\u00e9cnico agr\u00edcola em Minas"},"content":{"rendered":"<p> <br \/>\n<\/p>\n<div>\n<p>A hist\u00f3ria de Silvano Cherobin \u00e9 um exemplo de como a <strong>avicultura integrada <\/strong>pode mudar os planos de vida. Natural de Quilombo (SC), ele cresceu na ro\u00e7a e se formou t\u00e9cnico agr\u00edcola em 1999. Ap\u00f3s experi\u00eancias em lavouras no Mato Grosso, projetos ambientais e at\u00e9 frigor\u00edficos e inspe\u00e7\u00e3o federal, foi a irm\u00e3, que j\u00e1 atuava no setor, quem o incentivou a tentar algo novo: a avicultura em Minas Gerais.<\/p>\n<p>Em 2020, Silvano se mudou para o Tri\u00e2ngulo Mineiro. Diante da impossibilidade de construir uma granja do zero, buscou op\u00e7\u00f5es de arrendamento. Com apoio da integradora e recursos pr\u00f3prios, reformou a primeira estrutura. O in\u00edcio foi dif\u00edcil \u2014 culturalmente e financeiramente \u2014 mas o sonho saiu do papel. O primeiro alojamento ocorreu em dezembro de 2021. <\/p>\n<blockquote class=\"wp-block-quote is-layout-flow wp-block-quote-is-layout-flow\">\n<p><em>\u201cFoi tudo muito novo. Deixei fam\u00edlia, filho, amigos. Mas quando vi os pintinhos chegando, senti que estava no caminho certo\u201d, conta<\/em> Silvano. <\/p>\n<\/blockquote>\n<\/div>\n<div>\n<h2 class=\"wp-block-heading\" id=\"h-dedicacao-que-gera-resultados\"><strong>Dedica\u00e7\u00e3o que gera resultados<\/strong><\/h2>\n<figure class=\"wp-block-image size-large\"><img fetchpriority=\"high\" decoding=\"async\" width=\"1024\" height=\"576\" src=\"https:\/\/agromt.news\/wp-content\/uploads\/2025\/07\/Avicultura-integrada-transforma-a-vida-de-tecnico-agricola-em-Minas.jpg\" alt=\"\" class=\"wp-image-4111633\"  \/><figcaption class=\"wp-element-caption\">Foto: Interligados \u2013 Vida no Campo. <\/figcaption><\/figure>\n<p>Silvano come\u00e7ou sozinho, cuidando de tudo na granja. A rotina come\u00e7ava antes das 5h da manh\u00e3 e envolvia manejo, administra\u00e7\u00e3o e aten\u00e7\u00e3o total \u00e0s aves. Com o tempo, conquistou espa\u00e7o e hoje comanda tr\u00eas granjas. <\/p>\n<figure class=\"wp-block-pullquote\">\n<blockquote>\n<p><em>\u201cSer avicultor \u00e9 ter orgulho do que fa\u00e7o. Eu crio minha rotina, vejo o resultado do meu esfor\u00e7o, e isso me motiva todos os dias\u201d<\/em>. <\/p>\n<p><cite>Silvano Cherobin, avicultor integrado de Uberaba (MG). <\/cite><\/p><\/blockquote>\n<\/figure>\n<h2 class=\"wp-block-heading\"><strong>Vis\u00e3o empreendedora no campo<\/strong><\/h2>\n<p>Para Silvano, o segredo da <strong>avicultura integrada<\/strong> est\u00e1 no empenho e na aten\u00e7\u00e3o aos detalhes. O manejo exige foco di\u00e1rio, monitoramento das condi\u00e7\u00f5es do avi\u00e1rio e resposta r\u00e1pida \u00e0s necessidades das aves. \u00a0E deixa um conselho para quem est\u00e1 come\u00e7ando ou tem interesse: <em>\u201cSe tivesse come\u00e7ado antes, j\u00e1 estaria muito mais longe. Hoje, o jovem do campo tem mais oportunidade do que nunca.\u201d<\/em><\/p>\n<figure class=\"wp-block-embed is-type-video is-provider-youtube wp-block-embed-youtube wp-embed-aspect-16-9 wp-has-aspect-ratio\">\n<p>\n<iframe title=\"De CLT ao campo: Silvano aposta na avicultura e recome\u00e7a a vida em MG | Interligados - Vida no Campo\" width=\"800\" height=\"450\" src=\"https:\/\/www.youtube.com\/embed\/G_n9ynb70qM?feature=oembed\" frameborder=\"0\" allow=\"accelerometer; autoplay; clipboard-write; encrypted-media; gyroscope; picture-in-picture; web-share\" referrerpolicy=\"strict-origin-when-cross-origin\" allowfullscreen><\/iframe>\n<\/p><figcaption class=\"wp-element-caption\">Vida no Campo: Toda sexta-feira, \u00e0s 11h30 da manh\u00e3, tem epis\u00f3dio novo no Interligados<\/figcaption><\/figure>\n<p><strong>Fa\u00e7a parte da nossa\u00a0<a href=\"https:\/\/chat.whatsapp.com\/KHdVAB6MSXAJBTe0S657Ip\" target=\"_blank\" rel=\"noreferrer noopener\">comunidade no WhatsApp<\/a>!<br \/><\/strong>Entre no grupo do <a href=\"https:\/\/interligados.canalrural.com.br\/\">Interligados<\/a> e fique por dentro de not\u00edcias, dicas t\u00e9cnicas e novidades das cadeias de aves e su\u00ednos, al\u00e9m de acompanhar o dia a dia no campo. \u00c9 r\u00e1pido, f\u00e1cil e cheio de conte\u00fados especiais! \ud83e\udde1<br \/>\ud83d\udd17<a href=\"https:\/\/chat.whatsapp.com\/KHdVAB6MSXAJBTe0S657Ip\" target=\"_blank\" rel=\"noreferrer noopener\">\u00a0Clique aqui e junte-se a n\u00f3s<\/a>.<\/p>\n<\/p><\/div>\n<p><br \/>\n<br \/><a href=\"https:\/\/www.canalrural.com.br\/aves-e-suinos\/avicultura-integrada-transforma-a-vida-de-tecnico-agricola-em-minas\/\">Source link <\/a><\/p>\n","protected":false},"excerpt":{"rendered":"<p>A hist\u00f3ria de Silvano Cherobin \u00e9 um exemplo de como a avicultura integrada pode mudar os planos de vida. Natural<\/p>\n","protected":false},"author":1,"featured_media":17058,"comment_status":"open","ping_status":"open","sticky":false,"template":"","format":"standard","meta":{"_monsterinsights_skip_tracking":false,"_monsterinsights_sitenote_active":false,"_monsterinsights_sitenote_note":"","_monsterinsights_sitenote_category":0,"_uf_show_specific_survey":0,"_uf_disable_surveys":false,"footnotes":""},"categories":[1],"tags":[],"class_list":["post-17057","post","type-post","status-publish","format-standard","has-post-thumbnail","hentry","category-news"],"_links":{"self":[{"href":"https:\/\/agromt.news\/index.php?rest_route=\/wp\/v2\/posts\/17057"}],"collection":[{"href":"https:\/\/agromt.news\/index.php?rest_route=\/wp\/v2\/posts"}],"about":[{"href":"https:\/\/agromt.news\/index.php?rest_route=\/wp\/v2\/types\/post"}],"author":[{"embeddable":true,"href":"https:\/\/agromt.news\/index.php?rest_route=\/wp\/v2\/users\/1"}],"replies":[{"embeddable":true,"href":"https:\/\/agromt.news\/index.php?rest_route=%2Fwp%2Fv2%2Fcomments&post=17057"}],"version-history":[{"count":0,"href":"https:\/\/agromt.news\/index.php?rest_route=\/wp\/v2\/posts\/17057\/revisions"}],"wp:featuredmedia":[{"embeddable":true,"href":"https:\/\/agromt.news\/index.php?rest_route=\/wp\/v2\/media\/17058"}],"wp:attachment":[{"href":"https:\/\/agromt.news\/index.php?rest_route=%2Fwp%2Fv2%2Fmedia&parent=17057"}],"wp:term":[{"taxonomy":"category","embeddable":true,"href":"https:\/\/agromt.news\/index.php?rest_route=%2Fwp%2Fv2%2Fcategories&post=17057"},{"taxonomy":"post_tag","embeddable":true,"href":"https:\/\/agromt.news\/index.php?rest_route=%2Fwp%2Fv2%2Ftags&post=17057"}],"curies":[{"name":"wp","href":"https:\/\/api.w.org\/{rel}","templated":true}]}}