{"id":17052,"date":"2025-07-19T09:37:05","date_gmt":"2025-07-19T13:37:05","guid":{"rendered":"https:\/\/agromt.news\/?p=17052"},"modified":"2025-07-19T09:37:05","modified_gmt":"2025-07-19T13:37:05","slug":"viveiro-de-cacau-na-amazonia-vira-modelo-de-sustentabilidade","status":"publish","type":"post","link":"https:\/\/agromt.news\/?p=17052","title":{"rendered":"viveiro de cacau na Amaz\u00f4nia vira modelo de sustentabilidade"},"content":{"rendered":"<p> <br \/>\n<\/p>\n<div>\n<p>O cacau, mat\u00e9ria-prima nativa da Amaz\u00f4nia e essencial na cadeia do chocolate, vive um momento de transforma\u00e7\u00e3o no Brasil, especialmente no Par\u00e1, l\u00edder na produ\u00e7\u00e3o nacional. Ao mesmo tempo, o mundo assiste a um cen\u00e1rio de alta hist\u00f3rica nos pre\u00e7os das am\u00eandoas. Este cen\u00e1rio est\u00e1 atrelado \u00e0 quebra de safra em pa\u00edses africanos e \u00e0 crescente demanda.<\/p>\n<p>Dessa forma, produtores como Jo\u00e3o Batista, de Medicil\u00e2ndia (PA), protagonizam uma mudan\u00e7a de paradigma: transformar a agricultura tradicional em um modelo sustent\u00e1vel, tecnificado e certificado, com o impulso do <a href=\"https:\/\/www.canalrural.com.br\/tag\/sebrae\/\">programa \u201cSustenta e Inova\u201d, do Sebrae<\/a>.<\/p>\n<figure class=\"wp-block-image size-full\"><img fetchpriority=\"high\" decoding=\"async\" width=\"962\" height=\"500\" src=\"https:\/\/agromt.news\/wp-content\/uploads\/2025\/07\/viveiro-de-cacau-na-Amazonia-vira-modelo-de-sustentabilidade.jpg\" alt=\"viveiro de mudas de cacau em Medicil\u00e2ndia, no Par\u00e1, propriedade do agricultor Jo\u00e3o batista\" class=\"wp-image-4111045\"  \/><\/figure>\n<p>Aos 43 anos, Batista est\u00e1 \u00e0 frente do Viveiro Tabosa, herdado do pai no s\u00edtio \u201cBaix\u00e3o\u201d, a cerca de oito quil\u00f4metros do centro da cidade. O produtor cresceu entre as mudas de cacau do pai, aprendendo desde cedo os segredos do cultivo. \u201cVia desde crian\u00e7a como funcionava a cria\u00e7\u00e3o de cacau e j\u00e1 sentia a responsabilidade de um dia assumir os viveiros\u201d, conta. <\/p>\n<p>A partir de 2022 ele viu o neg\u00f3cio dar um salto, ap\u00f3s passar pelas etapas de capacita\u00e7\u00e3o e formaliza\u00e7\u00e3o de neg\u00f3cio, promovidas pelo Sebrae. Antes, Batista produzia mudas de cacau em pequena escala, com t\u00e9cnicas tradicionais e estrutura limitada. Dessa forma, a chegada do programa Sustenta e Inova foi um ponto de igni\u00e7\u00e3o, resultando no aumento exponencial da produ\u00e7\u00e3o. No ano passado, batista alcan\u00e7ou 50 mil mudas, e a expectativa agora \u00e9 de 100 mil mudas certificadas, empregando at\u00e9 10 pessoas durante o ano.\u00a0<\/p>\n<p>Segundo Rubens Magno, diretor superintendente do Sebrae no Par\u00e1, \u00e9 gratificante acompanhar o crescimento dos empreendedores tamb\u00e9m no campo. <\/p>\n<p>\u201cA efici\u00eancia na gest\u00e3o, associada a conhecimentos t\u00e9cnicos sobre novos m\u00e9todos de irriga\u00e7\u00e3o mais sustent\u00e1veis e novas estufas, est\u00e3o gerando emprego e renda. Isso demonstra que os pequenos neg\u00f3cios paraenses, da Amaz\u00f4nia, podem ser protagonistas de uma nova economia, mais sustent\u00e1vel e alinhada aos desafios ambientais e clim\u00e1ticos que o Brasil e o mundo enfrentam\u201d, diz Magno.\u00a0<\/p>\n<h2 class=\"wp-block-heading\" id=\"h-impactos-no-campo\">Impactos no campo<\/h2>\n<p>\u201cSem o projeto \u2018Sustenta e Inova\u2019 eu n\u00e3o chegaria onde estou, ent\u00e3o foi muito importante esse incentivo, numa rela\u00e7\u00e3o de carinho e respeito\u201d, afirma Batista. O viveiro, agora certificado e reestruturado, atrai n\u00e3o s\u00f3 clientes privados, mas tamb\u00e9m prefeituras da regi\u00e3o interessadas em adquirir mudas de alta qualidade.<\/p>\n<p>A virada de chave o fez alcan\u00e7ar o Renasem, um registro nacional que autoriza empresas a atuarem na produ\u00e7\u00e3o, com\u00e9rcio e an\u00e1lise de sementes e mudas, seguindo normas do Minist\u00e9rio da Agricultura e Pecu\u00e1ria (Mapa). <\/p>\n<p>\u201cEssa certifica\u00e7\u00e3o trouxe mais seguran\u00e7a jur\u00eddica e fitossanit\u00e1ria, valorizando o meu produto e atraindo compradores de outras regi\u00f5es, at\u00e9 prefeituras, em adquirir essas mudas especialmente para projetos de reflorestamento e produ\u00e7\u00e3o sustent\u00e1vel\u201d, afirma o produtor Jo\u00e3o Batista.<\/p>\n<\/div>\n<div>\n<p>O programa, segundo a analista do Sebrae em Altamira, M\u00e1rcia Carneiro, foi desenhado para fomentar toda a cadeia produtiva do cacau. A atua\u00e7\u00e3o come\u00e7a na produ\u00e7\u00e3o das mudas e vai at\u00e9 o chocolate, focando na capacita\u00e7\u00e3o, gest\u00e3o, marketing e certifica\u00e7\u00e3o. \u201cA certifica\u00e7\u00e3o junto ao Minist\u00e9rio da Agricultura e Pecu\u00e1ria e as adequa\u00e7\u00f5es estruturais permitem que pequenos viveiros se transformem em verdadeiros empreendimentos escal\u00e1veis e competitivos no mercado\u201d, afirma.<\/p>\n<p>\u201cO principal gargalo que temos superado \u00e9 a falta de informa\u00e7\u00e3o. Muitos produtores j\u00e1 t\u00eam a boa vontade e quando est\u00e3o munidos com informa\u00e7\u00f5es de como alavancar seus resultados, chegamos a este resultado que obtivemos em parceria com o Ipam\u201d, destaca M\u00e1rcia Carneiro.<\/p>\n<h2 class=\"wp-block-heading\" id=\"h-o-mercado-de-cacau-mundial\">O mercado de cacau mundial<\/h2>\n<p>O cen\u00e1rio global do cacau refor\u00e7a a import\u00e2ncia da iniciativa. Com a quebra de safra em pa\u00edses africanos, o pre\u00e7o do cacau atingiu recordes hist\u00f3ricos, chegando a US$ 11.040 por tonelada em 2025. O aumento representou alta de 190% em dois anos.<\/p>\n<p>O Brasil, sexto maior produtor mundial, ainda n\u00e3o \u00e9 autossuficiente e precisou importar 43.300 toneladas em 2023, principalmente da \u00c1frica. No Par\u00e1, maior produtor nacional, a produ\u00e7\u00e3o cresceu 3,8% em 2024, impulsionada pela valoriza\u00e7\u00e3o do pre\u00e7o pago ao produtor, que triplicou em rela\u00e7\u00e3o a anos anteriores.<\/p>\n<p>O Sustenta e Inova, ao investir em capacita\u00e7\u00e3o, certifica\u00e7\u00e3o e inova\u00e7\u00e3o sustent\u00e1vel, contribui para consolidar o Par\u00e1 como protagonista nacional do cacau, promovendo gera\u00e7\u00e3o de renda, inclus\u00e3o social e preserva\u00e7\u00e3o ambiental. A experi\u00eancia na regi\u00e3o de Medicil\u00e2ndia mostra que, com orienta\u00e7\u00e3o t\u00e9cnica e pol\u00edticas de incentivo, \u00e9 poss\u00edvel aliar crescimento econ\u00f4mico, sustentabilidade e protagonismo amaz\u00f4nico no mercado global do cacau.<\/p>\n<h2 class=\"wp-block-heading\" id=\"h-desafios-e-perspectivas\"><strong>Desafios e perspectivas<\/strong><\/h2>\n<p>O ciclo do cacaueiro \u00e9 longo, de 4 a 6 anos at\u00e9 a produ\u00e7\u00e3o plena, o que limita uma resposta imediata \u00e0 alta dos pre\u00e7os. Ainda assim, o movimento de expans\u00e3o no Par\u00e1 \u00e9 not\u00f3rio, estimulado pela valoriza\u00e7\u00e3o internacional e pelo trabalho de capacita\u00e7\u00e3o e inova\u00e7\u00e3o promovido por programas como o Sustenta e Inova.<\/p>\n<p>Dessa forma, a produ\u00e7\u00e3o sustent\u00e1vel de cacau, com boas pr\u00e1ticas agr\u00edcolas, certifica\u00e7\u00e3o e gest\u00e3o profissional, \u00e9 hoje o grande diferencial para acessar mercados exigentes, garantir renda ao produtor e contribuir para a preserva\u00e7\u00e3o ambiental. Assim, o exemplo de Jo\u00e3o Batista mostra que, com apoio t\u00e9cnico e vis\u00e3o empreendedora, \u00e9 poss\u00edvel transformar a tradi\u00e7\u00e3o do cacau em um neg\u00f3cio moderno, sustent\u00e1vel e lucrativo, consolidando o Par\u00e1 como refer\u00eancia nacional e internacional na produ\u00e7\u00e3o de cacau de qualidade.<\/p>\n<p><em>*Sob supervis\u00e3o de Luis Roberto Toledo<\/em><\/p>\n<\/p><\/div>\n<p><br \/>\n<br \/><a href=\"https:\/\/www.canalrural.com.br\/agricultura\/do-baixao-para-o-brasil-viveiro-de-cacau-na-amazonia-vira-modelo-de-sustentabilidade\/\">Source link <\/a><\/p>\n","protected":false},"excerpt":{"rendered":"<p>O cacau, mat\u00e9ria-prima nativa da Amaz\u00f4nia e essencial na cadeia do chocolate, vive um momento de transforma\u00e7\u00e3o no Brasil, especialmente<\/p>\n","protected":false},"author":1,"featured_media":17053,"comment_status":"open","ping_status":"open","sticky":false,"template":"","format":"standard","meta":{"_monsterinsights_skip_tracking":false,"_monsterinsights_sitenote_active":false,"_monsterinsights_sitenote_note":"","_monsterinsights_sitenote_category":0,"_uf_show_specific_survey":0,"_uf_disable_surveys":false,"footnotes":""},"categories":[1],"tags":[],"class_list":["post-17052","post","type-post","status-publish","format-standard","has-post-thumbnail","hentry","category-news"],"_links":{"self":[{"href":"https:\/\/agromt.news\/index.php?rest_route=\/wp\/v2\/posts\/17052"}],"collection":[{"href":"https:\/\/agromt.news\/index.php?rest_route=\/wp\/v2\/posts"}],"about":[{"href":"https:\/\/agromt.news\/index.php?rest_route=\/wp\/v2\/types\/post"}],"author":[{"embeddable":true,"href":"https:\/\/agromt.news\/index.php?rest_route=\/wp\/v2\/users\/1"}],"replies":[{"embeddable":true,"href":"https:\/\/agromt.news\/index.php?rest_route=%2Fwp%2Fv2%2Fcomments&post=17052"}],"version-history":[{"count":0,"href":"https:\/\/agromt.news\/index.php?rest_route=\/wp\/v2\/posts\/17052\/revisions"}],"wp:featuredmedia":[{"embeddable":true,"href":"https:\/\/agromt.news\/index.php?rest_route=\/wp\/v2\/media\/17053"}],"wp:attachment":[{"href":"https:\/\/agromt.news\/index.php?rest_route=%2Fwp%2Fv2%2Fmedia&parent=17052"}],"wp:term":[{"taxonomy":"category","embeddable":true,"href":"https:\/\/agromt.news\/index.php?rest_route=%2Fwp%2Fv2%2Fcategories&post=17052"},{"taxonomy":"post_tag","embeddable":true,"href":"https:\/\/agromt.news\/index.php?rest_route=%2Fwp%2Fv2%2Ftags&post=17052"}],"curies":[{"name":"wp","href":"https:\/\/api.w.org\/{rel}","templated":true}]}}