{"id":17047,"date":"2025-07-19T05:34:17","date_gmt":"2025-07-19T09:34:17","guid":{"rendered":"https:\/\/agromt.news\/?p=17047"},"modified":"2025-07-19T05:34:17","modified_gmt":"2025-07-19T09:34:17","slug":"massa-de-ar-frio-baixa-temperaturas-em-duas-regioes-do-pais","status":"publish","type":"post","link":"https:\/\/agromt.news\/?p=17047","title":{"rendered":"Massa de ar frio baixa temperaturas em duas regi\u00f5es do pa\u00eds"},"content":{"rendered":"<p> <br \/>\n<br \/><img decoding=\"async\" src=\"https:\/\/agromt.news\/wp-content\/uploads\/2025\/07\/Massa-de-ar-frio-baixa-temperaturas-em-duas-regioes-do.jpg\" \/><\/p>\n<div>\n<p>O Sul e o Sudeste do Brasil ter\u00e3o queda dos term\u00f4metros neste s\u00e1bado, principalmente no amanhecer. Em \u00e1reas ga\u00fachas, catarinenses e paranaenses, o frio traz possibilidade de geada. Confira a previs\u00e3o para todo o pa\u00eds:<\/p>\n<div data-icp-cta=\"1\" id=\"icp-cta-unique\">Voc\u00ea quer entender como usar o clima a seu favor?<b> <\/b><a href=\"https:\/\/climacampo.canalrural.com.br\/climacampo_-01\">Preparamos um e-book exclusivo<\/a> para ajudar produtores rurais a se antecipar \u00e0s mudan\u00e7as do tempo e planejar melhor suas a\u00e7\u00f5es. Com base em previs\u00f5es meteorol\u00f3gicas confi\u00e1veis, ele oferece orienta\u00e7\u00f5es pr\u00e1ticas para proteger sua lavoura e otimizar seus resultados.<\/div>\n<h2 class=\"wp-block-heading\" id=\"h-sul\">Sul<\/h2>\n<p>Possibilidade para geada na Regi\u00e3o. Amanhecer gelado nas serras do <strong><a href=\"https:\/\/www.canalrural.com.br\/nacional\/rio-grande-do-sul\/\">Rio Grande do Sul<\/a><\/strong> e de Santa Catarina, al\u00e9m de no extremo sul do <strong><a href=\"https:\/\/www.canalrural.com.br\/nacional\/parana\/\">Paran\u00e1<\/a><\/strong>. Durante o dia o sol predomina com pouca nebulosidade, n\u00e3o h\u00e1 previs\u00e3o de chuva e as temperaturas continuam amenas durante a tarde.<\/p>\n<h2 class=\"wp-block-heading\" id=\"h-sudeste\">Sudeste<\/h2>\n<p>N\u00e3o h\u00e1 previs\u00e3o de chuva na Regi\u00e3o. \u00c1reas de S\u00e3o Paulo, sul de Minas Gerais e Rio de Janeiro podem ter redu\u00e7\u00e3o nas temperaturas pela presen\u00e7a de uma massa de ar frio. No interior do Sudeste, o destaque para a baixa umidade do ar continua, com aten\u00e7\u00e3o para valores abaixo de 30% desde o norte paulista at\u00e9 o noroeste mineiro. Dia ensolarado no Esp\u00edrito Santo, com temperaturas mais elevadas.<\/p>\n<h2 class=\"wp-block-heading\" id=\"h-centro-oeste\">Centro-Oeste<\/h2>\n<p>Temperaturas mais baixas de manh\u00e3 no sul e sudoeste de Mato Grosso do Sul e no sul de Mato Grosso. O dia ter\u00e1 a presen\u00e7a do sol e pouca nebulosidade por todo o Centro-Oeste. As temperaturas continuam mais elevadas no estado de Goi\u00e1s, na regi\u00e3o do Distrito Federal e na metade norte mato-grossense, com destaque para a umidade baixa.<\/p>\n<\/div>\n<div>\n<h2 class=\"wp-block-heading\" id=\"h-nordeste\">Nordeste<\/h2>\n<p>Litoral do Nordeste com tempo mais inst\u00e1vel. Risco de chuva forte no leste de Alagoas, Sergipe, Pernambuco, Para\u00edba e Rio Grande do Norte, n\u00e3o descartando ocorr\u00eancia de temporal. Pouca chuva no litoral da <strong><a href=\"https:\/\/www.canalrural.com.br\/nacional\/bahia\/\">Bahia<\/a><\/strong> e ar seco desde o oeste do estado at\u00e9 o sul do Maranh\u00e3o.<\/p>\n<h2 class=\"wp-block-heading\" id=\"h-norte\">Norte<\/h2>\n<p>Pancadas no norte e oeste do Amazonas, em Roraima e no norte do Amap\u00e1. Dia de sol com predom\u00ednio do tempo mais seco no Acre, em Rond\u00f4nia e no centro-sul do Tocantins e Par\u00e1.<\/p>\n<\/p><\/div>\n<p><br \/>\n<br \/><a href=\"https:\/\/www.canalrural.com.br\/tempo\/massa-de-ar-frio-baixa-temperaturas-em-duas-regioes-do-pais\/\">Source link <\/a><\/p>\n","protected":false},"excerpt":{"rendered":"<p>O Sul e o Sudeste do Brasil ter\u00e3o queda dos term\u00f4metros neste s\u00e1bado, principalmente no amanhecer. Em \u00e1reas ga\u00fachas, catarinenses<\/p>\n","protected":false},"author":1,"featured_media":17048,"comment_status":"open","ping_status":"open","sticky":false,"template":"","format":"standard","meta":{"_monsterinsights_skip_tracking":false,"_monsterinsights_sitenote_active":false,"_monsterinsights_sitenote_note":"","_monsterinsights_sitenote_category":0,"_uf_show_specific_survey":0,"_uf_disable_surveys":false,"footnotes":""},"categories":[1],"tags":[],"class_list":["post-17047","post","type-post","status-publish","format-standard","has-post-thumbnail","hentry","category-news"],"_links":{"self":[{"href":"https:\/\/agromt.news\/index.php?rest_route=\/wp\/v2\/posts\/17047"}],"collection":[{"href":"https:\/\/agromt.news\/index.php?rest_route=\/wp\/v2\/posts"}],"about":[{"href":"https:\/\/agromt.news\/index.php?rest_route=\/wp\/v2\/types\/post"}],"author":[{"embeddable":true,"href":"https:\/\/agromt.news\/index.php?rest_route=\/wp\/v2\/users\/1"}],"replies":[{"embeddable":true,"href":"https:\/\/agromt.news\/index.php?rest_route=%2Fwp%2Fv2%2Fcomments&post=17047"}],"version-history":[{"count":0,"href":"https:\/\/agromt.news\/index.php?rest_route=\/wp\/v2\/posts\/17047\/revisions"}],"wp:featuredmedia":[{"embeddable":true,"href":"https:\/\/agromt.news\/index.php?rest_route=\/wp\/v2\/media\/17048"}],"wp:attachment":[{"href":"https:\/\/agromt.news\/index.php?rest_route=%2Fwp%2Fv2%2Fmedia&parent=17047"}],"wp:term":[{"taxonomy":"category","embeddable":true,"href":"https:\/\/agromt.news\/index.php?rest_route=%2Fwp%2Fv2%2Fcategories&post=17047"},{"taxonomy":"post_tag","embeddable":true,"href":"https:\/\/agromt.news\/index.php?rest_route=%2Fwp%2Fv2%2Ftags&post=17047"}],"curies":[{"name":"wp","href":"https:\/\/api.w.org\/{rel}","templated":true}]}}