{"id":17045,"date":"2025-07-19T03:32:21","date_gmt":"2025-07-19T07:32:21","guid":{"rendered":"https:\/\/agromt.news\/?p=17045"},"modified":"2025-07-19T03:32:21","modified_gmt":"2025-07-19T07:32:21","slug":"produtores-de-mandioca-se-preparam-para-nova-safra","status":"publish","type":"post","link":"https:\/\/agromt.news\/?p=17045","title":{"rendered":"Produtores de mandioca se preparam para nova safra"},"content":{"rendered":"<p> <br \/>\n<\/p>\n<div>\n<div class=\"row\">\n<div class=\"col-lg col-infos mt-0 mt-lg-0\">\n<div class=\"section-sub-title\">\n<p itemprop=\"description\">&#13;<br \/>\n                                Geada prejudica ramas e for\u00e7a compra interestadual&#13;\n                            <\/p>\n<\/p><\/div>\n<div class=\"container\">\n<div class=\"row\">\n<div class=\"col-lg p-0\">\n<div>\n<div class=\"block-news-main-infos mt-3 text-start\">\n<p>                                            <strong class=\"fn\" itemprop=\"author\" style=\"color: rgb(112, 112, 112); \">&#13;<br \/>\n                                                <a href=\"https:\/\/www.agrolink.com.br\/noticias\/javascript:;\" class=\"text-uppercase\" target=\"_blank\" style=\"color: rgb(112, 112, 112); \" rel=\"noopener\">Agrolink<\/a>&#13;<br \/>\n&#13;<br \/>\n                                                    &#8211; Seane Lennon&#13;<br \/>\n&#13;<br \/>\n                                            <\/strong><br \/>\n                                        <\/p>\n<p>                                            <abbr><time datetime=\"2025-07-18T18:06\" itemprop=\"datePublished dateModified\">Publicado em 18\/07\/2025 \u00e0s 18:06h.<\/time><\/abbr><br \/>\n                                            <\/p><\/div>\n<\/p><\/div>\n<\/p><\/div>\n<div class=\"col-lg p-0 text-lg-end\">\n<div>\n<div id=\"mdEnviarPagina\" class=\"modal fade\" role=\"dialog\">\n<div class=\"modal-dialog\">\n<div class=\"modal-content\">\n<div class=\"modal-body\">\n<p><strong>Estimado usu\u00e1rio.<\/strong><br \/>Preencha o formul\u00e1rio abaixo para remeter a p\u00e1gina.<\/p>\n<\/p><\/div>\n<\/p><\/div>\n<\/p><\/div>\n<\/div><\/div>\n<\/p><\/div>\n<\/p><\/div>\n<\/p><\/div>\n<\/p><\/div>\n<\/p><\/div>\n<div class=\"row justify-content-md-center mt-3\">\n<div class=\"col-lg-auto col-image block-news-main-image\">\n<p>                                <img decoding=\"async\" src=\"https:\/\/www.agrolink.com.br\/upload\/imagens-resizes\/f9cb9f8bbced473183ae5bf1b709803a_858x483.jpg\" class=\"lazyload img-fluid\"\/><br \/>\n                                                <span class=\"publicity-photo d-block mt-1\">Foto: Canva<\/span><\/p><\/div>\n<\/p><\/div>\n<div class=\"section-description section-description-noticias mt-3\">\n<p style=\"text-align:justify\">De acordo com o Informativo Conjuntural divulgado pela Emater\/RS-Ascar nesta quinta-feira (17), agricultores da regi\u00e3o administrativa de Santa Rosa j\u00e1 iniciaram os preparativos para o pr\u00f3ximo ciclo produtivo de mandioca. As ramas est\u00e3o sendo acondicionadas para garantir a produ\u00e7\u00e3o de manivas, que ser\u00e3o utilizadas na implanta\u00e7\u00e3o da nova safra, prevista para as primeiras semanas de agosto.&#13;\n<\/p>\n<p style=\"text-align:justify\">A Emater\/RS-Ascar informou que parte dos produtores que n\u00e3o armazenou corretamente o material de propaga\u00e7\u00e3o est\u00e1 \u00e0 procura de mudas. Em Salvador das Miss\u00f5es, uma agroind\u00fastria especializada na produ\u00e7\u00e3o de polvilho azedo est\u00e1 ofertando feixes com 200 mudas da variedade Bahianinha pelo valor de R$ 35,00. A mesma unidade comercializa a caixa de 25 quilos por R$ 60,00. No com\u00e9rcio direto ao consumidor, a mandioca com casca est\u00e1 sendo vendida a R$ 4,00 por quilo, enquanto o produto descascado atinge R$ 7,00 por quilo no mercado.&#13;\n<\/p>\n<p style=\"text-align:justify\">Na regi\u00e3o de Soledade, os t\u00e9cnicos da Emater\/RS-Ascar relataram que a colheita segue em andamento, mas as ramas foram prejudicadas pelas geadas recentes. Com a redu\u00e7\u00e3o da oferta de mudas vi\u00e1veis, a busca por manivas se intensificou, e muitos agricultores est\u00e3o adquirindo o material de propaga\u00e7\u00e3o em outros estados para garantir o plantio da pr\u00f3xima safra.&#13;\n<\/p>\n<\/p><\/div>\n<\/p><\/div>\n<p><script data-cfasync=\"false\">\n    !function (f, b, e, v, n, t, s) {\n        if (f.fbq) return; n = f.fbq = function () {\n            n.callMethod ?\n                n.callMethod.apply(n, arguments) : n.queue.push(arguments)\n        };\n        if (!f._fbq) f._fbq = n; n.push = n; n.loaded = !0; n.version = '2.0';\n        n.queue = []; t = b.createElement(e); t.async = !0;\n        t.src = v; s = b.getElementsByTagName(e)[0];\n        s.parentNode.insertBefore(t, s)\n    }(window, document, 'script',\n        'https:\/\/connect.facebook.net\/en_US\/fbevents.js');\n    fbq('init', '522546078623747');\n    fbq('track', 'PageView');\n<\/script><br \/>\n<br \/><br \/>\n<br \/><a href=\"https:\/\/www.agrolink.com.br\/noticias\/produtores-de-mandioca-se-preparam-para-nova-safra_504097.html\">Source link <\/a><\/p>\n","protected":false},"excerpt":{"rendered":"<p>&#13; Geada prejudica ramas e for\u00e7a compra interestadual&#13; &#13; Agrolink&#13; &#13; &#8211; Seane Lennon&#13; &#13; Publicado em 18\/07\/2025 \u00e0s 18:06h.<\/p>\n","protected":false},"author":1,"featured_media":1171,"comment_status":"open","ping_status":"open","sticky":false,"template":"","format":"standard","meta":{"_monsterinsights_skip_tracking":false,"_monsterinsights_sitenote_active":false,"_monsterinsights_sitenote_note":"","_monsterinsights_sitenote_category":0,"_uf_show_specific_survey":0,"_uf_disable_surveys":false,"footnotes":""},"categories":[8,1,14],"tags":[],"class_list":["post-17045","post","type-post","status-publish","format-standard","has-post-thumbnail","hentry","category-agro","category-news","category-politica-agro"],"_links":{"self":[{"href":"https:\/\/agromt.news\/index.php?rest_route=\/wp\/v2\/posts\/17045"}],"collection":[{"href":"https:\/\/agromt.news\/index.php?rest_route=\/wp\/v2\/posts"}],"about":[{"href":"https:\/\/agromt.news\/index.php?rest_route=\/wp\/v2\/types\/post"}],"author":[{"embeddable":true,"href":"https:\/\/agromt.news\/index.php?rest_route=\/wp\/v2\/users\/1"}],"replies":[{"embeddable":true,"href":"https:\/\/agromt.news\/index.php?rest_route=%2Fwp%2Fv2%2Fcomments&post=17045"}],"version-history":[{"count":0,"href":"https:\/\/agromt.news\/index.php?rest_route=\/wp\/v2\/posts\/17045\/revisions"}],"wp:featuredmedia":[{"embeddable":true,"href":"https:\/\/agromt.news\/index.php?rest_route=\/wp\/v2\/media\/1171"}],"wp:attachment":[{"href":"https:\/\/agromt.news\/index.php?rest_route=%2Fwp%2Fv2%2Fmedia&parent=17045"}],"wp:term":[{"taxonomy":"category","embeddable":true,"href":"https:\/\/agromt.news\/index.php?rest_route=%2Fwp%2Fv2%2Fcategories&post=17045"},{"taxonomy":"post_tag","embeddable":true,"href":"https:\/\/agromt.news\/index.php?rest_route=%2Fwp%2Fv2%2Ftags&post=17045"}],"curies":[{"name":"wp","href":"https:\/\/api.w.org\/{rel}","templated":true}]}}