{"id":17044,"date":"2025-07-19T01:35:37","date_gmt":"2025-07-19T05:35:37","guid":{"rendered":"https:\/\/agromt.news\/?p=17044"},"modified":"2025-07-19T01:35:37","modified_gmt":"2025-07-19T05:35:37","slug":"exportacoes-de-mel-enfrentam-incertezas-com-nova-tarifa-dos-eua","status":"publish","type":"post","link":"https:\/\/agromt.news\/?p=17044","title":{"rendered":"Exporta\u00e7\u00f5es de mel enfrentam incertezas com nova tarifa dos EUA"},"content":{"rendered":"<p> <br \/>\n<\/p>\n<div>\n<p style=\"text-align:justify\">De acordo com o Boletim de Conjuntura Agropecu\u00e1ria divulgado nesta quinta-feira (17) pelo Departamento de Economia Rural (Deral), da Secretaria de Estado da Agricultura e do Abastecimento do Paran\u00e1 (Seab), o an\u00fancio de uma tarifa de 50% sobre produtos brasileiros, a ser aplicada pelos Estados Unidos a partir de 1\u00ba de agosto, gera preocupa\u00e7\u00e3o entre exportadores, especialmente do setor de mel.&#13;\n<\/p>\n<p style=\"text-align:justify\">\u201cO impacto sobre a cadeia produtiva do mel pode ser significativo\u201d, apontou o boletim. Os Estados Unidos s\u00e3o atualmente o principal destino do mel brasileiro, representando 84,1% do volume exportado no primeiro semestre de 2025. Nesse per\u00edodo, o Brasil embarcou 16.170 toneladas do produto para o mercado norte-americano, com receita de US$ 52,2 milh\u00f5es.<\/p>\n<p style=\"text-align:justify\">A medida tarif\u00e1ria j\u00e1 teve reflexos pr\u00e1ticos. Segundo o informativo, o Grupo Sama, empresa do Piau\u00ed e uma das maiores exportadoras de mel org\u00e2nico do mundo, sofreu o cancelamento imediato de um carregamento de 585 toneladas destinado aos EUA. Parte da carga estava nos portos de Pec\u00e9m e Mucuripe, no Cear\u00e1, pronta para embarque. A empresa informou que, com a nova tarifa, o custo aumentaria em aproximadamente US$ 6 milh\u00f5es.<\/p>\n<p style=\"text-align:justify\">Ainda segundo o boletim, outra exportadora nordestina, a Central de Cooperativas Ap\u00edcolas do Semi\u00e1rido Brasileiro (Casa Apis), teve cont\u00eaineres com 95 toneladas de mel liberados no dia 13 de julho, ap\u00f3s apelo de produtores aos compradores nos Estados Unidos. A libera\u00e7\u00e3o ocorreu antes da vig\u00eancia da nova tarifa, prevista para o in\u00edcio de agosto.&#13;\n<\/p>\n<p style=\"text-align:justify\">Al\u00e9m das barreiras comerciais, a Casa Apis tamb\u00e9m alertou para a estiagem prolongada no semi\u00e1rido, que pode reduzir em at\u00e9 40% a produ\u00e7\u00e3o de mel em 2025. \u201cA conjuga\u00e7\u00e3o de fatores clim\u00e1ticos e comerciais coloca em risco a sustentabilidade da atividade ap\u00edcola\u201d, destacou a entidade.<\/p>\n<p style=\"text-align:justify\">Os dados da Agrostat mostram que, no primeiro semestre de 2025, o Brasil exportou 19.219 toneladas de mel in natura, 8,7% a mais que no mesmo per\u00edodo de 2024. A receita cambial foi de US$ 62,2 milh\u00f5es, com pre\u00e7o m\u00e9dio de US$ 3.237,47 por tonelada, valor 27,1% superior ao registrado no ano anterior.<\/p>\n<p style=\"text-align:justify\">Minas Gerais liderou as exporta\u00e7\u00f5es com 4.621 toneladas e receita de US$ 15,2 milh\u00f5es, seguido por Piau\u00ed, com 3.796 toneladas e US$ 12 milh\u00f5es. O Paran\u00e1 ocupou a terceira posi\u00e7\u00e3o com 3.814 toneladas exportadas e faturamento de US$ 12,3 milh\u00f5es. Santa Catarina e S\u00e3o Paulo vieram na sequ\u00eancia.&#13;\n<\/p>\n<p style=\"text-align:justify\">Al\u00e9m dos Estados Unidos, o Brasil exportou mel para pa\u00edses como Canad\u00e1, Reino Unido, Pa\u00edses Baixos, Austr\u00e1lia, B\u00e9lgica e Israel, embora em volumes significativamente menores.<\/p>\n<p style=\"text-align:justify\">O boletim conclui que os efeitos da nova tarifa devem ser acompanhados de perto, pois podem comprometer a viabilidade econ\u00f4mica de produtores e exportadores, especialmente nas regi\u00f5es mais dependentes do mercado externo.<\/p>\n<\/p><\/div>\n<p><script data-cfasync=\"false\">\n    !function (f, b, e, v, n, t, s) {\n        if (f.fbq) return; n = f.fbq = function () {\n            n.callMethod ?\n                n.callMethod.apply(n, arguments) : n.queue.push(arguments)\n        };\n        if (!f._fbq) f._fbq = n; n.push = n; n.loaded = !0; n.version = '2.0';\n        n.queue = []; t = b.createElement(e); t.async = !0;\n        t.src = v; s = b.getElementsByTagName(e)[0];\n        s.parentNode.insertBefore(t, s)\n    }(window, document, 'script',\n        'https:\/\/connect.facebook.net\/en_US\/fbevents.js');\n    fbq('init', '522546078623747');\n    fbq('track', 'PageView');\n<\/script><br \/>\n<br \/><br \/>\n<br \/><a href=\"https:\/\/www.agrolink.com.br\/noticias\/exportacoes-de-mel-enfrentam-incertezas-com-nova-tarifa-dos-eua_504098.html\">Source link <\/a><\/p>\n","protected":false},"excerpt":{"rendered":"<p>De acordo com o Boletim de Conjuntura Agropecu\u00e1ria divulgado nesta quinta-feira (17) pelo Departamento de Economia Rural (Deral), da Secretaria<\/p>\n","protected":false},"author":1,"featured_media":6503,"comment_status":"open","ping_status":"open","sticky":false,"template":"","format":"standard","meta":{"_monsterinsights_skip_tracking":false,"_monsterinsights_sitenote_active":false,"_monsterinsights_sitenote_note":"","_monsterinsights_sitenote_category":0,"_uf_show_specific_survey":0,"_uf_disable_surveys":false,"footnotes":""},"categories":[8,1,14],"tags":[],"class_list":["post-17044","post","type-post","status-publish","format-standard","has-post-thumbnail","hentry","category-agro","category-news","category-politica-agro"],"_links":{"self":[{"href":"https:\/\/agromt.news\/index.php?rest_route=\/wp\/v2\/posts\/17044"}],"collection":[{"href":"https:\/\/agromt.news\/index.php?rest_route=\/wp\/v2\/posts"}],"about":[{"href":"https:\/\/agromt.news\/index.php?rest_route=\/wp\/v2\/types\/post"}],"author":[{"embeddable":true,"href":"https:\/\/agromt.news\/index.php?rest_route=\/wp\/v2\/users\/1"}],"replies":[{"embeddable":true,"href":"https:\/\/agromt.news\/index.php?rest_route=%2Fwp%2Fv2%2Fcomments&post=17044"}],"version-history":[{"count":0,"href":"https:\/\/agromt.news\/index.php?rest_route=\/wp\/v2\/posts\/17044\/revisions"}],"wp:featuredmedia":[{"embeddable":true,"href":"https:\/\/agromt.news\/index.php?rest_route=\/wp\/v2\/media\/6503"}],"wp:attachment":[{"href":"https:\/\/agromt.news\/index.php?rest_route=%2Fwp%2Fv2%2Fmedia&parent=17044"}],"wp:term":[{"taxonomy":"category","embeddable":true,"href":"https:\/\/agromt.news\/index.php?rest_route=%2Fwp%2Fv2%2Fcategories&post=17044"},{"taxonomy":"post_tag","embeddable":true,"href":"https:\/\/agromt.news\/index.php?rest_route=%2Fwp%2Fv2%2Ftags&post=17044"}],"curies":[{"name":"wp","href":"https:\/\/api.w.org\/{rel}","templated":true}]}}