{"id":17043,"date":"2025-07-18T23:39:44","date_gmt":"2025-07-19T03:39:44","guid":{"rendered":"https:\/\/agromt.news\/?p=17043"},"modified":"2025-07-18T23:39:44","modified_gmt":"2025-07-19T03:39:44","slug":"baixa-oferta-de-pasto-impacta-escore-corporal","status":"publish","type":"post","link":"https:\/\/agromt.news\/?p=17043","title":{"rendered":"Baixa oferta de pasto impacta escore corporal"},"content":{"rendered":"<p> <br \/>\n<\/p>\n<div>\n<p style=\"text-align:justify\">A condi\u00e7\u00e3o corporal dos rebanhos de corte no Rio Grande do Sul tem variado conforme o acesso \u00e0s pastagens de inverno e aos recursos de suplementa\u00e7\u00e3o dispon\u00edveis nas propriedades. \u00c9 o que aponta o Informativo Conjuntural divulgado nesta quinta-feira (17) pela Emater\/RS-Ascar.&#13;\n<\/p>\n<p style=\"text-align:justify\">De acordo com o boletim, nas regi\u00f5es onde predominam campos nativos e <a href=\"https:\/\/www.agrolink.com.br\/culturas\/pastagens?utm_source=agrolink-detalhe-noticia&amp;utm_medium=detalhe-noticia&amp;utm_campaign=links-internos\" target=\"_blank\" rel=\"noopener\">pastagens<\/a> de ver\u00e3o, o escore corporal dos animais registrou queda, especialmente nas propriedades que n\u00e3o contam com silagem ou forrageiras implantadas. \u201cNessas \u00e1reas, os pecuaristas lan\u00e7aram m\u00e3o da suplementa\u00e7\u00e3o com feno, pr\u00e9-secado, silagem e sal proteinado\u201d, informou a Emater. Em algumas localidades, tamb\u00e9m houve redu\u00e7\u00e3o do rebanho por meio da venda de animais, como forma de equilibrar a lota\u00e7\u00e3o das <a href=\"https:\/\/www.agrolink.com.br\/culturas\/pastagens?utm_source=agrolink-detalhe-noticia&amp;utm_medium=detalhe-noticia&amp;utm_campaign=links-internos\" target=\"_blank\" rel=\"noopener\">pastagens<\/a> dispon\u00edveis.<\/p>\n<p style=\"text-align:justify\">Nas propriedades com pastagens de inverno bem estabelecidas ou em sistemas de integra\u00e7\u00e3o lavoura-pecu\u00e1ria (ILP), a manuten\u00e7\u00e3o e at\u00e9 a melhora da condi\u00e7\u00e3o corporal dos animais permitiram o abate e o bom desempenho dos lotes em fase de recria e termina\u00e7\u00e3o.<\/p>\n<p style=\"text-align:justify\">Na regi\u00e3o de Bag\u00e9, o boletim relata que o ganho de peso ficou abaixo do esperado. Na Fronteira Oeste, a alimenta\u00e7\u00e3o dos animais tem sido complementada com fardos de palha de arroz. J\u00e1 em S\u00e3o Gabriel, foram registradas as primeiras pari\u00e7\u00f5es da temporada. \u201cEm propriedades menores, observamos a tentativa de reduzir a lota\u00e7\u00e3o, enquanto em unidades mais tecnificadas houve refor\u00e7o com silagem ensacada, feno e pr\u00e9-secado\u201d, informou a Emater\/RS-Ascar.&#13;\n<\/p>\n<p style=\"text-align:justify\">No relat\u00f3rio da regi\u00e3o de Caxias do Sul, a sanidade do rebanho foi considerada adequada, por\u00e9m o estado corporal foi prejudicado em \u00e1reas sem silagem. Nessas propriedades, o fornecimento de sal proteinado foi direcionado principalmente a touros e vacas prenhes.<\/p>\n<p style=\"text-align:justify\">Em Erechim, os rebanhos apresentam condi\u00e7\u00e3o corporal satisfat\u00f3ria, apesar da menor oferta de pasto nas \u00e1reas de ver\u00e3o e de campo nativo. Em locais com alta lota\u00e7\u00e3o animal, a queda de peso foi compensada com o uso de silagens e concentrados, al\u00e9m do manejo em pastagens de inverno j\u00e1 dispon\u00edveis.<\/p>\n<p style=\"text-align:justify\">A unidade de Frederico Westphalen reportou uso de suplementa\u00e7\u00e3o alimentar como medida para conter a perda de peso dos animais. O clima seco contribuiu para a execu\u00e7\u00e3o de manejos sanit\u00e1rios, como desvermifuga\u00e7\u00e3o e vacina\u00e7\u00e3o.<\/p>\n<p style=\"text-align:justify\">Em Passo Fundo, a ocorr\u00eancia de geadas comprometeu a oferta de pastagens, provocando queda de peso nos lotes a pasto. Nessas condi\u00e7\u00f5es, houve necessidade de suplementa\u00e7\u00e3o alimentar. Os animais em confinamento mantiveram a condi\u00e7\u00e3o corporal. Em propriedades onde o pastejo foi inviabilizado, foi registrada a venda dos lotes.&#13;\n<\/p>\n<p style=\"text-align:justify\">A Emater ainda apontou que, na regi\u00e3o de Pelotas, a condi\u00e7\u00e3o corporal segue em queda, influenciada pelas baixas temperaturas e oferta limitada de forragem. \u201cOs produtores das \u00e1reas de campo nativo t\u00eam fornecido sal mineral proteinado para preservar a reserva corporal dos animais\u201d, destacou o informativo.<\/p>\n<p style=\"text-align:justify\">Na regional de Santa Maria, o crescimento lento das pastagens afetou o ganho de peso dos animais. O desmame e a comercializa\u00e7\u00e3o de terneiros continuam, assim como os diagn\u00f3sticos de gesta\u00e7\u00e3o.<\/p>\n<p style=\"text-align:justify\">Na \u00e1rea de Santa Rosa, o manejo e o bem-estar dos animais foram favorecidos pelas condi\u00e7\u00f5es clim\u00e1ticas, mas observou-se tend\u00eancia de queda no escore corporal em propriedades sem forrageiras de inverno. Em contraste, nas \u00e1reas com integra\u00e7\u00e3o lavoura-pecu\u00e1ria, os animais apresentaram ganho de peso e foram destinados ao abate ou alocados em pastagens cultivadas de inverno para manuten\u00e7\u00e3o da condi\u00e7\u00e3o corporal.<\/p>\n<p style=\"text-align:justify\">Por fim, na regi\u00e3o de Soledade, segue o per\u00edodo de pari\u00e7\u00e3o e os terneiros continuam ganhando peso. O estado corporal dos animais foi considerado adequado devido ao pastejo nas \u00e1reas de aveia.<\/p>\n<\/p><\/div>\n<p><script data-cfasync=\"false\">\n    !function (f, b, e, v, n, t, s) {\n        if (f.fbq) return; n = f.fbq = function () {\n            n.callMethod ?\n                n.callMethod.apply(n, arguments) : n.queue.push(arguments)\n        };\n        if (!f._fbq) f._fbq = n; n.push = n; n.loaded = !0; n.version = '2.0';\n        n.queue = []; t = b.createElement(e); t.async = !0;\n        t.src = v; s = b.getElementsByTagName(e)[0];\n        s.parentNode.insertBefore(t, s)\n    }(window, document, 'script',\n        'https:\/\/connect.facebook.net\/en_US\/fbevents.js');\n    fbq('init', '522546078623747');\n    fbq('track', 'PageView');\n<\/script><br \/>\n<br \/><br \/>\n<br \/><a href=\"https:\/\/www.agrolink.com.br\/noticias\/baixa-oferta-de-pasto-impacta-escore-corporal_504099.html\">Source link <\/a><\/p>\n","protected":false},"excerpt":{"rendered":"<p>A condi\u00e7\u00e3o corporal dos rebanhos de corte no Rio Grande do Sul tem variado conforme o acesso \u00e0s pastagens de<\/p>\n","protected":false},"author":1,"featured_media":1220,"comment_status":"open","ping_status":"open","sticky":false,"template":"","format":"standard","meta":{"_monsterinsights_skip_tracking":false,"_monsterinsights_sitenote_active":false,"_monsterinsights_sitenote_note":"","_monsterinsights_sitenote_category":0,"_uf_show_specific_survey":0,"_uf_disable_surveys":false,"footnotes":""},"categories":[8,1,14],"tags":[],"class_list":["post-17043","post","type-post","status-publish","format-standard","has-post-thumbnail","hentry","category-agro","category-news","category-politica-agro"],"_links":{"self":[{"href":"https:\/\/agromt.news\/index.php?rest_route=\/wp\/v2\/posts\/17043"}],"collection":[{"href":"https:\/\/agromt.news\/index.php?rest_route=\/wp\/v2\/posts"}],"about":[{"href":"https:\/\/agromt.news\/index.php?rest_route=\/wp\/v2\/types\/post"}],"author":[{"embeddable":true,"href":"https:\/\/agromt.news\/index.php?rest_route=\/wp\/v2\/users\/1"}],"replies":[{"embeddable":true,"href":"https:\/\/agromt.news\/index.php?rest_route=%2Fwp%2Fv2%2Fcomments&post=17043"}],"version-history":[{"count":0,"href":"https:\/\/agromt.news\/index.php?rest_route=\/wp\/v2\/posts\/17043\/revisions"}],"wp:featuredmedia":[{"embeddable":true,"href":"https:\/\/agromt.news\/index.php?rest_route=\/wp\/v2\/media\/1220"}],"wp:attachment":[{"href":"https:\/\/agromt.news\/index.php?rest_route=%2Fwp%2Fv2%2Fmedia&parent=17043"}],"wp:term":[{"taxonomy":"category","embeddable":true,"href":"https:\/\/agromt.news\/index.php?rest_route=%2Fwp%2Fv2%2Fcategories&post=17043"},{"taxonomy":"post_tag","embeddable":true,"href":"https:\/\/agromt.news\/index.php?rest_route=%2Fwp%2Fv2%2Ftags&post=17043"}],"curies":[{"name":"wp","href":"https:\/\/api.w.org\/{rel}","templated":true}]}}