{"id":17038,"date":"2025-07-18T20:50:06","date_gmt":"2025-07-19T00:50:06","guid":{"rendered":"https:\/\/agromt.news\/?p=17038"},"modified":"2025-07-18T20:50:06","modified_gmt":"2025-07-19T00:50:06","slug":"primeira-aeronave-agricola-autonoma-hibrida-do-pais-sera-desenvolvida-na-bahia","status":"publish","type":"post","link":"https:\/\/agromt.news\/?p=17038","title":{"rendered":"Primeira aeronave agr\u00edcola aut\u00f4noma h\u00edbrida do pa\u00eds ser\u00e1 desenvolvida na Bahia"},"content":{"rendered":"<p> <br \/>\n<br \/><img decoding=\"async\" src=\"https:\/\/agromt.news\/wp-content\/uploads\/2025\/07\/Primeira-aeronave-agricola-autonoma-hibrida-do-pais-sera-desenvolvida-na.jpg\" \/><\/p>\n<div>\n<p>O desenvolvimento da primeira aeronave agr\u00edcola aut\u00f4noma h\u00edbrida do pa\u00eds foi firmado entre a Helisul Avia\u00e7\u00e3o e o Senai Cimatec.<\/p>\n<p>O avi\u00e3o ser\u00e1 fabricado no Cimatec Aeroespacial, em Salvador, dentro do ecossistema do Parque Industrial Tecnol\u00f3gico Aeroespacial da <strong><a href=\"https:\/\/www.canalrural.com.br\/nacional\/bahia\/\">Bahia<\/a><\/strong> (Pita-BA).<\/p>\n<p>O projeto, or\u00e7ado em R$ 50 milh\u00f5es, prev\u00ea a adapta\u00e7\u00e3o da aeronave R44 Robinson com motores a explos\u00e3o movidos a etanol e motores el\u00e9tricos, substituindo o combust\u00edvel tradicional AVGAS e integrando-se ao programa internacional de combust\u00edveis sustent\u00e1veis para avia\u00e7\u00e3o (SAF). <\/p>\n<p>De acordo com os realizadores, o objetivo \u00e9 fortalecer a avia\u00e7\u00e3o agr\u00edcola com solu\u00e7\u00f5es tecnol\u00f3gicas sustent\u00e1veis, limpas e eficientes.<\/p>\n<p>\u201cEstamos dando um passo hist\u00f3rico ao integrar um polo de inova\u00e7\u00e3o nacional com um projeto que une tecnologia de ponta, sustentabilidade e o agroneg\u00f3cio. A Helisul acredita que a avia\u00e7\u00e3o pode ser uma aliada poderosa da efici\u00eancia e da preserva\u00e7\u00e3o ambiental\u201d, afirma Bruno Biesuz, diretor de opera\u00e7\u00f5es da companhia.<\/p>\n<h2 class=\"wp-block-heading\" id=\"h-etapas-do-projeto-da-aeronave\">Etapas do projeto da aeronave<\/h2>\n<p>O contrato prev\u00ea duas fases de implanta\u00e7\u00e3o: na primeira, uma equipe da Helisul Engenharia, empresa do Grupo Helisul, ser\u00e1 alocada no Cimatec Aeroespacial, onde ser\u00e3o realizados os estudos iniciais e os primeiros prot\u00f3tipos. Posteriormente, a empresa ocupar\u00e1 um lote de 3.400 m\u00b2 para a instala\u00e7\u00e3o de sua unidade operacional no parque tecnol\u00f3gico.<\/p>\n<\/div>\n<div>\n<p>Para a execu\u00e7\u00e3o do projeto ser\u00e3o criados 32 empregos diretos, entre engenheiros, t\u00e9cnicos especializados, pesquisadores e estudantes de gradua\u00e7\u00e3o.<\/p>\n<p>\u201cEssa parceria com o Senai Cimatec \u00e9 estrat\u00e9gica para a engenharia brasileira. Vamos nacionalizar conhecimento, desenvolver solu\u00e7\u00f5es limpas e mostrar que o Brasil pode liderar em mobilidade a\u00e9rea avan\u00e7ada com foco no campo\u201d, destaca Juliano Sans\u00e3o, diretor da Helisul Engenharia.<\/p>\n<h2 class=\"wp-block-heading\" id=\"h-brasil-como-referencia\">Brasil como refer\u00eancia<\/h2>\n<p>Os realizadores do projeto da aeronave agr\u00edcola aut\u00f4noma h\u00edbrida destacam que a iniciativa promete fortalecer a cadeia produtiva aeroespacial brasileira por meio do desenvolvimento de solu\u00e7\u00f5es cr\u00edticas, al\u00e9m de posicionar o Brasil como refer\u00eancia internacional em mobilidade a\u00e9rea sustent\u00e1vel e avan\u00e7ada. <\/p>\n<p>\u201cA aplica\u00e7\u00e3o direcionada de insumos agr\u00edcolas, viabilizada pela autonomia e precis\u00e3o da aeronave, tamb\u00e9m diminuir\u00e1 o volume de insumos utilizados e os impactos ambientais\u201d, afirmam.<\/p>\n<p>\u201cNesta primeira fase, contaremos com a instala\u00e7\u00e3o de um centro de engenharia e desenvolvimento da empresa dentro do nosso campus, fortalecendo o ecossistema de inova\u00e7\u00e3o. E j\u00e1 projetamos, para o futuro, a implanta\u00e7\u00e3o de processos de fabrica\u00e7\u00e3o desses equipamentos aqui mesmo na Bahia, consolidando o estado como refer\u00eancia nacional no setor aeroespacial\u201d, afirma o superintendente de Novos Neg\u00f3cios do Senai Cimatec, Andr\u00e9 Oliveira. <\/p>\n<\/p><\/div>\n<p><br \/>\n<br \/><a href=\"https:\/\/www.canalrural.com.br\/sustentabilidade\/primeira-aeronave-agricola-autonoma-hibrida-do-pais-sera-desenvolvida-na-bahia\/\">Source link <\/a><\/p>\n","protected":false},"excerpt":{"rendered":"<p>O desenvolvimento da primeira aeronave agr\u00edcola aut\u00f4noma h\u00edbrida do pa\u00eds foi firmado entre a Helisul Avia\u00e7\u00e3o e o Senai Cimatec.<\/p>\n","protected":false},"author":1,"featured_media":17039,"comment_status":"open","ping_status":"open","sticky":false,"template":"","format":"standard","meta":{"_monsterinsights_skip_tracking":false,"_monsterinsights_sitenote_active":false,"_monsterinsights_sitenote_note":"","_monsterinsights_sitenote_category":0,"_uf_show_specific_survey":0,"_uf_disable_surveys":false,"footnotes":""},"categories":[1],"tags":[],"class_list":["post-17038","post","type-post","status-publish","format-standard","has-post-thumbnail","hentry","category-news"],"_links":{"self":[{"href":"https:\/\/agromt.news\/index.php?rest_route=\/wp\/v2\/posts\/17038"}],"collection":[{"href":"https:\/\/agromt.news\/index.php?rest_route=\/wp\/v2\/posts"}],"about":[{"href":"https:\/\/agromt.news\/index.php?rest_route=\/wp\/v2\/types\/post"}],"author":[{"embeddable":true,"href":"https:\/\/agromt.news\/index.php?rest_route=\/wp\/v2\/users\/1"}],"replies":[{"embeddable":true,"href":"https:\/\/agromt.news\/index.php?rest_route=%2Fwp%2Fv2%2Fcomments&post=17038"}],"version-history":[{"count":0,"href":"https:\/\/agromt.news\/index.php?rest_route=\/wp\/v2\/posts\/17038\/revisions"}],"wp:featuredmedia":[{"embeddable":true,"href":"https:\/\/agromt.news\/index.php?rest_route=\/wp\/v2\/media\/17039"}],"wp:attachment":[{"href":"https:\/\/agromt.news\/index.php?rest_route=%2Fwp%2Fv2%2Fmedia&parent=17038"}],"wp:term":[{"taxonomy":"category","embeddable":true,"href":"https:\/\/agromt.news\/index.php?rest_route=%2Fwp%2Fv2%2Fcategories&post=17038"},{"taxonomy":"post_tag","embeddable":true,"href":"https:\/\/agromt.news\/index.php?rest_route=%2Fwp%2Fv2%2Ftags&post=17038"}],"curies":[{"name":"wp","href":"https:\/\/api.w.org\/{rel}","templated":true}]}}