{"id":17023,"date":"2025-07-18T17:58:13","date_gmt":"2025-07-18T21:58:13","guid":{"rendered":"https:\/\/agromt.news\/?p=17023"},"modified":"2025-07-18T17:58:13","modified_gmt":"2025-07-18T21:58:13","slug":"lancamento-da-48a-expointer-destaca-novidades-e-orgulho-gaucho","status":"publish","type":"post","link":"https:\/\/agromt.news\/?p=17023","title":{"rendered":"Lan\u00e7amento da 48\u00aa Expointer destaca novidades e orgulho ga\u00facho"},"content":{"rendered":"<p> <br \/>\n<br \/><img decoding=\"async\" src=\"https:\/\/agromt.news\/wp-content\/uploads\/2025\/07\/Lancamento-da-48a-Expointer-destaca-novidades-e-orgulho-gaucho.jpg\" \/><\/p>\n<div>\n<p>A 48\u00aa Expointer foi lan\u00e7ada oficialmente nesta quinta-feira (17) em cerim\u00f4nia na sede da Secretaria da Agricultura, Pecu\u00e1ria, Produ\u00e7\u00e3o Sustent\u00e1vel e Irriga\u00e7\u00e3o (Seapi), em Porto Alegre, no Rio Grande do Sul.<\/p>\n<p>A feira acontece de 30 de agosto a 7 de setembro no Parque Estadual de Exposi\u00e7\u00f5es Assis Brasil (PEEAB), em Esteio, e este ano tem como slogan \u201cNosso futuro tem ra\u00edzes fortes\u201d. <\/p>\n<p><iframe title=\"48\u00aa Expointer: evento em Porto Alegre marca lan\u00e7amento oficial da feira\" width=\"800\" height=\"450\" src=\"https:\/\/www.youtube.com\/embed\/L2RIiWlJgW0?feature=oembed\" frameborder=\"0\" allow=\"accelerometer; autoplay; clipboard-write; encrypted-media; gyroscope; picture-in-picture; web-share\" referrerpolicy=\"strict-origin-when-cross-origin\" allowfullscreen><\/iframe><\/p>\n<p>\u201cA Expointer \u00e9 muito mais do que uma feira de neg\u00f3cios, ela \u00e9 um encontro da alma do Rio Grande com o seu futuro. \u00c9 onde nos reconectamos com as nossas ra\u00edzes mais profundas, com a for\u00e7a do nosso campo, com os valores que constru\u00edram este estado. Mas n\u00e3o \u00e9 um olhar nost\u00e1lgico: \u00e9 a inspira\u00e7\u00e3o no passado para mover o Rio Grande em dire\u00e7\u00e3o a um futuro melhor. Porque o nosso futuro tem ra\u00edzes fortes, e \u00e9 nelas que buscamos a energia para transformar o presente com coragem, inova\u00e7\u00e3o e trabalho\u201d, afirmou o governador Eduardo Leite.<\/p>\n<p>O secret\u00e1rio da Agricultura, Edivilson Brum, destacou que a feira tamb\u00e9m ser\u00e1 um espa\u00e7o estrat\u00e9gico para avan\u00e7ar nas discuss\u00f5es sobre a renegocia\u00e7\u00e3o das d\u00edvidas dos produtores rurais.<\/p>\n<p>Segundo ele, a feira reunir\u00e1 o melhor da agropecu\u00e1ria nacional, com destaque para a gen\u00e9tica animal, m\u00e1quinas, equipamentos e a presen\u00e7a marcante do gado de corte, leiteiro e dos cavalos de ra\u00e7a. <\/p>\n<p>Al\u00e9m disso, a infraestrutura de acesso ao evento foi aprimorada. A conclus\u00e3o do viaduto na BR-116 e o funcionamento normal do Trensurb devem facilitar a chegada ao parque de exposi\u00e7\u00f5es, garantindo mais conforto aos visitantes.<\/p>\n<p>Neste sentido, a novidade desse ano ser\u00e1 o Expointer 360\u2070, um mapa interativo com a utiliza\u00e7\u00e3o da GurIA, assistente virtual baseada em intelig\u00eancia artificial (IA) generativa, lan\u00e7ada recentemente pelo governo do estado. Com ela, o usu\u00e1rio poder\u00e1 navegar pelo Parque e saber como chegar em algum ponto determinado.<\/p>\n<\/div>\n<div>\n<h2 class=\"wp-block-heading\" id=\"h-prorrogacao-de-dividas\">Prorroga\u00e7\u00e3o de d\u00edvidas <\/h2>\n<p>O governador do estado ressaltou que a Expointer cumpre um papel essencial de ser espa\u00e7o de escuta, de di\u00e1logo e de constru\u00e7\u00e3o de solu\u00e7\u00f5es para os produtores rurais ga\u00fachos. <\/p>\n<p>\u201cAqui se debatem pol\u00edticas p\u00fablicas, se compartilham experi\u00eancias e se articulam avan\u00e7os importantes como os que conseguimos este ano: o apoio do estado, por exemplo, com <strong><a href=\"https:\/\/www.canalrural.com.br\/agricultura\/governo-do-rs-anuncia-r-150-mi-para-apoiar-prorrogacao-de-dividas-de-produtores\/\">R$ 150 milh\u00f5es para permitir a prorroga\u00e7\u00e3o de cr\u00e9ditos via Banrisul<\/a><\/strong>, e a mobiliza\u00e7\u00e3o junto ao Congresso para garantir a securitiza\u00e7\u00e3o das d\u00edvidas do setor. Estar ao lado do produtor, especialmente nos momentos dif\u00edceis, \u00e9 a responsabilidade que o governo do estado assume com firmeza e sensibilidade\u201d, acrescentou.<\/p>\n<h2 class=\"wp-block-heading\" id=\"h-agricultura-familiar-na-expointer\">Agricultura familiar na Expointer<\/h2>\n<p>A organiza\u00e7\u00e3o do evento destaca que o Pavilh\u00e3o da Agricultura Familiar desta edi\u00e7\u00e3o ter\u00e1 o maior n\u00famero de participantes da hist\u00f3ria, com 456 empreendimentos, superando os 413 do ano passado. <\/p>\n<p>\u201cOs empreendimentos inscritos representam 196 munic\u00edpios ga\u00fachos, refor\u00e7ando a presen\u00e7a da agricultura familiar em diferentes regi\u00f5es do estado\u201d, diz o site do evento.<\/p>\n<p>Os ingressos para acesso \u00e0 Expointer custam R$ 20 para pedestres; com meia-entrada (R$ 10) para pessoas acima de 60 anos, estudantes munidos de carteira oficial e pessoas com defici\u00eancia.<\/p>\n<p>Crian\u00e7as de at\u00e9 seis anos, acompanhadas dos pais ou respons\u00e1veis, n\u00e3o pagam.<\/p>\n<p>O estacionamento para ve\u00edculos custa R$ 50 (n\u00e3o inclui a entrada do motorista nem dos demais passageiros).<\/p>\n<p>Em todos os dias do evento, a entrada de visitantes na feira \u00e9 das <strong>8h \u00e0s 20h<\/strong>. As vendas antecipadas ainda n\u00e3o est\u00e3o dispon\u00edveis.<\/p>\n<\/p><\/div>\n<p><br \/>\n<br \/><a href=\"https:\/\/www.canalrural.com.br\/agricultura\/lancamento-da-48a-expointer-destaca-novidades-e-orgulho-gaucho\/\">Source link <\/a><\/p>\n","protected":false},"excerpt":{"rendered":"<p>A 48\u00aa Expointer foi lan\u00e7ada oficialmente nesta quinta-feira (17) em cerim\u00f4nia na sede da Secretaria da Agricultura, Pecu\u00e1ria, Produ\u00e7\u00e3o Sustent\u00e1vel<\/p>\n","protected":false},"author":1,"featured_media":17024,"comment_status":"open","ping_status":"open","sticky":false,"template":"","format":"standard","meta":{"_monsterinsights_skip_tracking":false,"_monsterinsights_sitenote_active":false,"_monsterinsights_sitenote_note":"","_monsterinsights_sitenote_category":0,"_uf_show_specific_survey":0,"_uf_disable_surveys":false,"footnotes":""},"categories":[1],"tags":[],"class_list":["post-17023","post","type-post","status-publish","format-standard","has-post-thumbnail","hentry","category-news"],"_links":{"self":[{"href":"https:\/\/agromt.news\/index.php?rest_route=\/wp\/v2\/posts\/17023"}],"collection":[{"href":"https:\/\/agromt.news\/index.php?rest_route=\/wp\/v2\/posts"}],"about":[{"href":"https:\/\/agromt.news\/index.php?rest_route=\/wp\/v2\/types\/post"}],"author":[{"embeddable":true,"href":"https:\/\/agromt.news\/index.php?rest_route=\/wp\/v2\/users\/1"}],"replies":[{"embeddable":true,"href":"https:\/\/agromt.news\/index.php?rest_route=%2Fwp%2Fv2%2Fcomments&post=17023"}],"version-history":[{"count":0,"href":"https:\/\/agromt.news\/index.php?rest_route=\/wp\/v2\/posts\/17023\/revisions"}],"wp:featuredmedia":[{"embeddable":true,"href":"https:\/\/agromt.news\/index.php?rest_route=\/wp\/v2\/media\/17024"}],"wp:attachment":[{"href":"https:\/\/agromt.news\/index.php?rest_route=%2Fwp%2Fv2%2Fmedia&parent=17023"}],"wp:term":[{"taxonomy":"category","embeddable":true,"href":"https:\/\/agromt.news\/index.php?rest_route=%2Fwp%2Fv2%2Fcategories&post=17023"},{"taxonomy":"post_tag","embeddable":true,"href":"https:\/\/agromt.news\/index.php?rest_route=%2Fwp%2Fv2%2Ftags&post=17023"}],"curies":[{"name":"wp","href":"https:\/\/api.w.org\/{rel}","templated":true}]}}