{"id":17022,"date":"2025-07-18T17:39:30","date_gmt":"2025-07-18T21:39:30","guid":{"rendered":"https:\/\/agromt.news\/?p=17022"},"modified":"2025-07-18T17:39:30","modified_gmt":"2025-07-18T21:39:30","slug":"trigo-segue-pressionado-no-sul","status":"publish","type":"post","link":"https:\/\/agromt.news\/?p=17022","title":{"rendered":"Trigo segue pressionado no Sul"},"content":{"rendered":"<p> <br \/>\n<\/p>\n<div>\n<p>Segundo a TF Agroecon\u00f4mica, o mercado do <a href=\"https:\/\/www.agrolink.com.br\/culturas\/trigo\/?utm_source=agrolink-detalhe-noticia&amp;utm_medium=detalhe-noticia&amp;utm_campaign=links-internos\" target=\"_blank\" rel=\"noopener\">trigo<\/a> no Sul do Brasil voltou a registrar queda nesta semana, com baixa de 0,38% no dia e 1,01% no m\u00eas no Rio Grande do Sul. A cota\u00e7\u00e3o da safra velha do <a href=\"https:\/\/www.agrolink.com.br\/culturas\/trigo\/?utm_source=agrolink-detalhe-noticia&amp;utm_medium=detalhe-noticia&amp;utm_campaign=links-internos\" target=\"_blank\" rel=\"noopener\">trigo<\/a> p\u00e3o chegou a R\\$ 1.380,00 FOB, mas os moinhos t\u00eam se retra\u00eddo ap\u00f3s novas compras, refletindo a fraca demanda por farinha. A grande disponibilidade de mat\u00e9ria-prima, combinada \u00e0 moagem reduzida e estoques prolongados, impede altas e contribui para um ciclo vicioso de retra\u00e7\u00e3o no setor.&#13;\n<\/p>\n<p>Na safra nova ga\u00facha, os primeiros neg\u00f3cios ocorrem na faixa de R\\$ 1.250 no interior, sobretudo no norte do estado, enquanto compradores tentam pagar R\\$ 1.200 \u2013 valor ainda sem aceita\u00e7\u00e3o. No mercado externo, os pre\u00e7os de exporta\u00e7\u00e3o para dezembro giram em torno de US\\$ 230\/t no porto de Rio Grande, o que, convertido, equivale a R\\$ 1.278 no porto e R\\$ 1.128 no interior, tornando invi\u00e1vel economicamente. O pre\u00e7o da pedra em Panambi permaneceu em R\\$ 70\/saca.<\/p>\n<p>Em Santa Catarina, o mercado segue travado, com poucos neg\u00f3cios registrados. Um corretor local relatou apenas um lote de trigo branqueador vindo do RS negociado a R\\$ 1.550 FOB. A oferta do trigo ga\u00facho continua elevada e freia qualquer tentativa de valoriza\u00e7\u00e3o, com pre\u00e7os entre R\\$ 1.330 e R\\$ 1.360 FOB. A safra nova ainda n\u00e3o tem indica\u00e7\u00f5es consistentes, e os sementeiros relatam queda de at\u00e9 20% nas vendas de sementes. A CONAB prev\u00ea redu\u00e7\u00e3o de 6,3% na produ\u00e7\u00e3o estadual. Os pre\u00e7os da pedra seguem est\u00e1veis, com leves varia\u00e7\u00f5es entre R\\$ 73,33 e R\\$ 79,00\/saca.&#13;\n<\/p>\n<p>No Paran\u00e1, o c\u00e2mbio mais fraco puxou para baixo os pre\u00e7os do trigo importado, que recuaram cerca de R\\$ 20\/t. No mercado interno, falta vontade de comprar e vender: vendedores pedem R\\$ 1.500 FOB pelo trigo tipo 1, enquanto compradores oferecem R\\$ 1.450 CIF. Para o tipo 2, moinhos indicam R\\$ 1.280\u20131.300, sem aceita\u00e7\u00e3o do vendedor. A safra nova segue calma, com indica\u00e7\u00f5es entre R\\$ 1.400\u20131.450 CIF. Os pre\u00e7os pagos ao agricultor ca\u00edram 0,36% na semana, para R\\$ 77,14\/saca, reduzindo o lucro m\u00e9dio no estado para 4,91%.<br \/>&#13;<br \/>\n\u00a0<\/p>\n<\/p><\/div>\n<p><script data-cfasync=\"false\">\n    !function (f, b, e, v, n, t, s) {\n        if (f.fbq) return; n = f.fbq = function () {\n            n.callMethod ?\n                n.callMethod.apply(n, arguments) : n.queue.push(arguments)\n        };\n        if (!f._fbq) f._fbq = n; n.push = n; n.loaded = !0; n.version = '2.0';\n        n.queue = []; t = b.createElement(e); t.async = !0;\n        t.src = v; s = b.getElementsByTagName(e)[0];\n        s.parentNode.insertBefore(t, s)\n    }(window, document, 'script',\n        'https:\/\/connect.facebook.net\/en_US\/fbevents.js');\n    fbq('init', '522546078623747');\n    fbq('track', 'PageView');\n<\/script><br \/>\n<br \/><br \/>\n<br \/><a href=\"https:\/\/www.agrolink.com.br\/noticias\/trigo-segue-pressionado-no-sul_504019.html\">Source link <\/a><\/p>\n","protected":false},"excerpt":{"rendered":"<p>Segundo a TF Agroecon\u00f4mica, o mercado do trigo no Sul do Brasil voltou a registrar queda nesta semana, com baixa<\/p>\n","protected":false},"author":1,"featured_media":7938,"comment_status":"open","ping_status":"open","sticky":false,"template":"","format":"standard","meta":{"_monsterinsights_skip_tracking":false,"_monsterinsights_sitenote_active":false,"_monsterinsights_sitenote_note":"","_monsterinsights_sitenote_category":0,"_uf_show_specific_survey":0,"_uf_disable_surveys":false,"footnotes":""},"categories":[8,1,14],"tags":[],"class_list":["post-17022","post","type-post","status-publish","format-standard","has-post-thumbnail","hentry","category-agro","category-news","category-politica-agro"],"_links":{"self":[{"href":"https:\/\/agromt.news\/index.php?rest_route=\/wp\/v2\/posts\/17022"}],"collection":[{"href":"https:\/\/agromt.news\/index.php?rest_route=\/wp\/v2\/posts"}],"about":[{"href":"https:\/\/agromt.news\/index.php?rest_route=\/wp\/v2\/types\/post"}],"author":[{"embeddable":true,"href":"https:\/\/agromt.news\/index.php?rest_route=\/wp\/v2\/users\/1"}],"replies":[{"embeddable":true,"href":"https:\/\/agromt.news\/index.php?rest_route=%2Fwp%2Fv2%2Fcomments&post=17022"}],"version-history":[{"count":0,"href":"https:\/\/agromt.news\/index.php?rest_route=\/wp\/v2\/posts\/17022\/revisions"}],"wp:featuredmedia":[{"embeddable":true,"href":"https:\/\/agromt.news\/index.php?rest_route=\/wp\/v2\/media\/7938"}],"wp:attachment":[{"href":"https:\/\/agromt.news\/index.php?rest_route=%2Fwp%2Fv2%2Fmedia&parent=17022"}],"wp:term":[{"taxonomy":"category","embeddable":true,"href":"https:\/\/agromt.news\/index.php?rest_route=%2Fwp%2Fv2%2Fcategories&post=17022"},{"taxonomy":"post_tag","embeddable":true,"href":"https:\/\/agromt.news\/index.php?rest_route=%2Fwp%2Fv2%2Ftags&post=17022"}],"curies":[{"name":"wp","href":"https:\/\/api.w.org\/{rel}","templated":true}]}}