{"id":17020,"date":"2025-07-18T17:30:34","date_gmt":"2025-07-18T21:30:34","guid":{"rendered":"https:\/\/agromt.news\/?p=17020"},"modified":"2025-07-18T17:30:34","modified_gmt":"2025-07-18T21:30:34","slug":"massa-polar-derruba-temperaturas-e-secura-persiste-como-fica-o-tempo-nos-proximos-15-dias","status":"publish","type":"post","link":"https:\/\/agromt.news\/?p=17020","title":{"rendered":"Massa polar derruba temperaturas e secura persiste; como fica o tempo nos pr\u00f3ximos 15 dias?"},"content":{"rendered":"<p> <br \/>\n<br \/><img decoding=\"async\" src=\"https:\/\/agromt.news\/wp-content\/uploads\/2025\/07\/Massa-polar-derruba-temperaturas-e-secura-persiste-como-fica-o.jpg\" \/><\/p>\n<div>\n<p>A <a href=\"https:\/\/www.canalrural.com.br\/?s=previs%C3%A3o+do+tempo\">previs\u00e3o <\/a>do tempo para os pr\u00f3ximos 15 dias indica tempo seco em grande parte das <a href=\"https:\/\/www.canalrural.com.br\/agricultura\/projeto-soja-brasil\/\">regi\u00f5es produtoras<\/a> de soja do Brasil. Uma massa de ar polar deve manter as temperaturas baixas e traz risco de <a href=\"https:\/\/www.canalrural.com.br\/?s=geada+\">geada <\/a>para \u00e1reas do Rio Grande do Sul, serra catarinense e sul do Paran\u00e1 nos pr\u00f3ximos dias.<\/p>\n<figure class=\"wp-block-embed is-type-video is-provider-youtube wp-block-embed-youtube wp-embed-aspect-16-9 wp-has-aspect-ratio\">\n<p>\n<iframe title=\"Massa polar derruba temperaturas e secura persiste; como fica o tempo nos pr\u00f3ximos 15 dias?\" width=\"800\" height=\"450\" src=\"https:\/\/www.youtube.com\/embed\/wXvcQrsyz5E?feature=oembed\" frameborder=\"0\" allow=\"accelerometer; autoplay; clipboard-write; encrypted-media; gyroscope; picture-in-picture; web-share\" referrerpolicy=\"strict-origin-when-cross-origin\" allowfullscreen><\/iframe><noscript><iframe title=\"Massa polar derruba temperaturas e secura persiste; como fica o tempo nos pr\u00f3ximos 15 dias?\" width=\"800\" height=\"450\" src=\"https:\/\/www.youtube.com\/embed\/wXvcQrsyz5E?feature=oembed\" frameborder=\"0\" allow=\"accelerometer; autoplay; clipboard-write; encrypted-media; gyroscope; picture-in-picture; web-share\" referrerpolicy=\"strict-origin-when-cross-origin\" allowfullscreen><\/iframe><\/noscript>\n<\/p>\n<\/figure>\n<ul class=\"wp-block-list\">\n<li><strong><em>Fique por dentro das novidades e not\u00edcias recentes sobre a soja! Participe da nossa comunidade atrav\u00e9s do\u00a0<a href=\"https:\/\/chat.whatsapp.com\/BmMRwA0TZ2DHGyhzoaVEWu\">link<\/a>! \ud83c\udf31<\/em><\/strong><\/li>\n<\/ul>\n<h2 class=\"wp-block-heading\" id=\"h-o-tempo-no-norte-e-nordeste\">O tempo no Norte e Nordeste<\/h2>\n<p>As chuvas seguem concentradas no litoral do Nordeste e no extremo norte do pa\u00eds. No interior, os acumulados seguem baixos. Entre os dias 24 e 28 de julho, a previs\u00e3o \u00e9 de volumes entre 15 e 20 mm em pontos isolados.<\/p>\n<\/div>\n<div>\n<h2 class=\"wp-block-heading\" id=\"h-o-que-esperar\">O que esperar? <\/h2>\n<p>J\u00e1 entre os dias 29 de julho e 2 de agosto, a umidade volta a ganhar for\u00e7a entre Santa Catarina e o Paran\u00e1. Os volumes podem superar os 80 mm, indicando uma poss\u00edvel mudan\u00e7a no padr\u00e3o do tempo no Sul do pa\u00eds.<\/p>\n<p>Vale ressaltar que os produtores devem ficar atentos \u00e0s condi\u00e7\u00f5es de geada nas madrugadas mais frias e ao avan\u00e7o da umidade na virada do m\u00eas.<\/p>\n<\/p><\/div>\n<p><br \/>\n<br \/><a href=\"https:\/\/www.canalrural.com.br\/agricultura\/projeto-soja-brasil\/massa-polar-derruba-temperaturas-e-secura-persiste-como-fica-o-tempo-nos-proximos-15-dias\/\">Source link <\/a><\/p>\n","protected":false},"excerpt":{"rendered":"<p>A previs\u00e3o do tempo para os pr\u00f3ximos 15 dias indica tempo seco em grande parte das regi\u00f5es produtoras de soja<\/p>\n","protected":false},"author":1,"featured_media":17021,"comment_status":"open","ping_status":"open","sticky":false,"template":"","format":"standard","meta":{"_monsterinsights_skip_tracking":false,"_monsterinsights_sitenote_active":false,"_monsterinsights_sitenote_note":"","_monsterinsights_sitenote_category":0,"_uf_show_specific_survey":0,"_uf_disable_surveys":false,"footnotes":""},"categories":[1],"tags":[],"class_list":["post-17020","post","type-post","status-publish","format-standard","has-post-thumbnail","hentry","category-news"],"_links":{"self":[{"href":"https:\/\/agromt.news\/index.php?rest_route=\/wp\/v2\/posts\/17020"}],"collection":[{"href":"https:\/\/agromt.news\/index.php?rest_route=\/wp\/v2\/posts"}],"about":[{"href":"https:\/\/agromt.news\/index.php?rest_route=\/wp\/v2\/types\/post"}],"author":[{"embeddable":true,"href":"https:\/\/agromt.news\/index.php?rest_route=\/wp\/v2\/users\/1"}],"replies":[{"embeddable":true,"href":"https:\/\/agromt.news\/index.php?rest_route=%2Fwp%2Fv2%2Fcomments&post=17020"}],"version-history":[{"count":0,"href":"https:\/\/agromt.news\/index.php?rest_route=\/wp\/v2\/posts\/17020\/revisions"}],"wp:featuredmedia":[{"embeddable":true,"href":"https:\/\/agromt.news\/index.php?rest_route=\/wp\/v2\/media\/17021"}],"wp:attachment":[{"href":"https:\/\/agromt.news\/index.php?rest_route=%2Fwp%2Fv2%2Fmedia&parent=17020"}],"wp:term":[{"taxonomy":"category","embeddable":true,"href":"https:\/\/agromt.news\/index.php?rest_route=%2Fwp%2Fv2%2Fcategories&post=17020"},{"taxonomy":"post_tag","embeddable":true,"href":"https:\/\/agromt.news\/index.php?rest_route=%2Fwp%2Fv2%2Ftags&post=17020"}],"curies":[{"name":"wp","href":"https:\/\/api.w.org\/{rel}","templated":true}]}}