{"id":17014,"date":"2025-07-18T16:42:19","date_gmt":"2025-07-18T20:42:19","guid":{"rendered":"https:\/\/agromt.news\/?p=17014"},"modified":"2025-07-18T16:42:19","modified_gmt":"2025-07-18T20:42:19","slug":"brasil-contrata-navios-para-hospedagem-na-cop30","status":"publish","type":"post","link":"https:\/\/agromt.news\/?p=17014","title":{"rendered":"Brasil contrata navios para hospedagem na COP30"},"content":{"rendered":"<p> <br \/>\n<br \/><img decoding=\"async\" src=\"https:\/\/agromt.news\/wp-content\/uploads\/2025\/07\/Brasil-contrata-navios-para-hospedagem-na-COP30.jpg\" \/><\/p>\n<div>\n<p>Dois navios de cruzeiro ser\u00e3o usados como hot\u00e9is tempor\u00e1rios para a 30\u00aa Confer\u00eancia do Clima da ONU (COP30). As duas embarca\u00e7\u00f5es t\u00eam aproximadamente 3.900 cabines, com capacidade de at\u00e9 6 mil leitos dispon\u00edveis durante a confer\u00eancia, o maior evento clim\u00e1tico do planeta. A contrata\u00e7\u00e3o dos navios foi formalizada nesta semana.<\/p>\n<p>As acomoda\u00e7\u00f5es ser\u00e3o disponibilizadas por etapas, em todas as modalidades como setor hoteleiro e aluguel por temporada, conforme acordo entre o Brasil e o Quadro das Na\u00e7\u00f5es Unidas sobre Mudan\u00e7as Clim\u00e1ticas.<\/p>\n<p>Para os pa\u00edses participantes, a <strong><a href=\"http:\/\/www.canalrural.com.br\/tag\/onu\/\">ONU<\/a><\/strong> est\u00e1 mediando a oferta.<\/p>\n<p>Em uma primeira etapa, 98 pa\u00edses em desenvolvimento ou formados por ilhas ter\u00e3o prioridade. Para esse primeiro grupo, as di\u00e1rias s\u00e3o de at\u00e9 US$ 220. Depois, outros pa\u00edses podem adquirir acomoda\u00e7\u00f5es por at\u00e9 US$ 600.<\/p>\n<\/div>\n<div>\n<p>Segundo o secret\u00e1rio extraordin\u00e1rio para a COP30, Valter Correia, os dois navios se somam aos esfor\u00e7os de receber mais de 40 mil pessoas, entre delega\u00e7\u00f5es das Na\u00e7\u00f5es Unidas, observadores, organiza\u00e7\u00f5es sociais, pesquisadores e empres\u00e1rios.<\/p>\n<p>A contrata\u00e7\u00e3o dos navios foi feita por meio da Secretaria Extraordin\u00e1ria para a COP30 e a Embratur. A Ag\u00eancia Brasileira de Promo\u00e7\u00e3o Internacional do Turismo selecionou, por meio de chamamento p\u00fablico, a operadora de viagens respons\u00e1vel por contratar os navios MSC Seaview e Costa Diadema, al\u00e9m de comercializar as cabines.<\/p>\n<p>As embarca\u00e7\u00f5es ficar\u00e3o no Terminal Portu\u00e1rio de Outeiro, que est\u00e1 sendo ampliado para o evento. Uma ponte vai dar acesso \u2013 em cerca de 30 minutos \u2013 entre o terminal e os locais da confer\u00eancia.<\/p>\n<p>Para ampliar as vagas de hotelaria, outras alternativas adotadas s\u00e3o negocia\u00e7\u00f5es com plataformas virtuais como Airbnb e Booking, para cadastrar im\u00f3veis e aumentar a oferta de quartos dispon\u00edveis. Dezessete escolas p\u00fablicas ser\u00e3o transformadas pelo governo paraense em esp\u00e9cies de hostel tempor\u00e1rio.<\/p>\n<p>A COP30 ser\u00e1 realizada em Bel\u00e9m, no Par\u00e1, entre os dias 10 e 21 de novembro.<\/p>\n<\/p><\/div>\n<p><br \/>\n<br \/><a href=\"https:\/\/www.canalrural.com.br\/cop30\/brasil-contrata-navios-para-hospedagem-na-cop30\/\">Source link <\/a><\/p>\n","protected":false},"excerpt":{"rendered":"<p>Dois navios de cruzeiro ser\u00e3o usados como hot\u00e9is tempor\u00e1rios para a 30\u00aa Confer\u00eancia do Clima da ONU (COP30). As duas<\/p>\n","protected":false},"author":1,"featured_media":17015,"comment_status":"open","ping_status":"open","sticky":false,"template":"","format":"standard","meta":{"_monsterinsights_skip_tracking":false,"_monsterinsights_sitenote_active":false,"_monsterinsights_sitenote_note":"","_monsterinsights_sitenote_category":0,"_uf_show_specific_survey":0,"_uf_disable_surveys":false,"footnotes":""},"categories":[1],"tags":[],"class_list":["post-17014","post","type-post","status-publish","format-standard","has-post-thumbnail","hentry","category-news"],"_links":{"self":[{"href":"https:\/\/agromt.news\/index.php?rest_route=\/wp\/v2\/posts\/17014"}],"collection":[{"href":"https:\/\/agromt.news\/index.php?rest_route=\/wp\/v2\/posts"}],"about":[{"href":"https:\/\/agromt.news\/index.php?rest_route=\/wp\/v2\/types\/post"}],"author":[{"embeddable":true,"href":"https:\/\/agromt.news\/index.php?rest_route=\/wp\/v2\/users\/1"}],"replies":[{"embeddable":true,"href":"https:\/\/agromt.news\/index.php?rest_route=%2Fwp%2Fv2%2Fcomments&post=17014"}],"version-history":[{"count":0,"href":"https:\/\/agromt.news\/index.php?rest_route=\/wp\/v2\/posts\/17014\/revisions"}],"wp:featuredmedia":[{"embeddable":true,"href":"https:\/\/agromt.news\/index.php?rest_route=\/wp\/v2\/media\/17015"}],"wp:attachment":[{"href":"https:\/\/agromt.news\/index.php?rest_route=%2Fwp%2Fv2%2Fmedia&parent=17014"}],"wp:term":[{"taxonomy":"category","embeddable":true,"href":"https:\/\/agromt.news\/index.php?rest_route=%2Fwp%2Fv2%2Fcategories&post=17014"},{"taxonomy":"post_tag","embeddable":true,"href":"https:\/\/agromt.news\/index.php?rest_route=%2Fwp%2Fv2%2Ftags&post=17014"}],"curies":[{"name":"wp","href":"https:\/\/api.w.org\/{rel}","templated":true}]}}