{"id":17011,"date":"2025-07-18T15:41:07","date_gmt":"2025-07-18T19:41:07","guid":{"rendered":"https:\/\/agromt.news\/?p=17011"},"modified":"2025-07-18T15:41:07","modified_gmt":"2025-07-18T19:41:07","slug":"camara-aprova-novas-regras-de-licenciamento-ambiental","status":"publish","type":"post","link":"https:\/\/agromt.news\/?p=17011","title":{"rendered":"C\u00e2mara aprova novas regras de licenciamento ambiental"},"content":{"rendered":"<p> <br \/>\n<\/p>\n<div>\n<p>A C\u00e2mara dos Deputados aprovou, na madrugada desta quinta-feira (17), por 267 votos a favor e 116 contra, o projeto que flexibiliza o licenciamento ambiental no pa\u00eds. A proposta, que vai \u00e0 san\u00e7\u00e3o do presidente Lula (PT), teve forte articula\u00e7\u00e3o da Frente Parlamentar da Agropecu\u00e1ria (FPA) e representa mais uma vit\u00f3ria do setor agro no Congresso. Segundo os ruralistas, as novas regras trazem seguran\u00e7a jur\u00eddica e podem acelerar obras de infraestrutura e empreendimentos agroindustriais, inclusive no campo.&#13;\n<\/p>\n<p>De acordo com os textos analisados, o projeto cria sete tipos de licenciamentos, com destaque para a Licen\u00e7a por Ades\u00e3o e Compromisso (LAC), que permite ao empreendedor obter autoriza\u00e7\u00e3o por meio de autodeclara\u00e7\u00e3o. Tamb\u00e9m foram inclu\u00eddas a Licen\u00e7a Ambiental Especial (LAE), sugerida pelo senador Davi Alcolumbre (Uni\u00e3o-AP), e a Licen\u00e7a de Opera\u00e7\u00e3o Corretiva (LOC), que regulariza atividades sem licen\u00e7a pr\u00e9via. A proposta ainda autoriza licen\u00e7as renov\u00e1veis automaticamente e retira a exig\u00eancia de anu\u00eancia do Ibama em casos de desmatamento da Mata Atl\u00e2ntica, transferindo mais responsabilidade para \u00f3rg\u00e3os estaduais e municipais.<\/p>\n<p>Entre os pontos mais pol\u00eamicos, est\u00e3o a libera\u00e7\u00e3o facilitada para projetos de minera\u00e7\u00e3o e explora\u00e7\u00e3o de petr\u00f3leo na Margem Equatorial, com prazos m\u00e1ximos de um ano para a resposta ambiental. A oposi\u00e7\u00e3o, liderada por ambientalistas e setores da esquerda, apelidou o projeto de \u201cPL da Devasta\u00e7\u00e3o\u201d, alegando que ele enfraquece os mecanismos de prote\u00e7\u00e3o a florestas, rios e solos, al\u00e9m de limitar a participa\u00e7\u00e3o de ind\u00edgenas e quilombolas nos processos de licenciamento fora de \u00e1reas demarcadas.&#13;\n<\/p>\n<p>Apesar da orienta\u00e7\u00e3o contr\u00e1ria do governo, a proposta teve apoio de minist\u00e9rios como Transportes, Agricultura, Minas e Energia e Casa Civil. A ministra do Meio Ambiente, Marina Silva, ficou isolada na tentativa de barrar o avan\u00e7o da proposta. A expectativa agora \u00e9 de que Lula vete parte do texto, principalmente no que diz respeito ao enfraquecimento do Conama. No entanto, a FPA j\u00e1 articula para derrubar os vetos no Congresso, e tamb\u00e9m se prepara para eventual judicializa\u00e7\u00e3o do tema no STF. Para o agroneg\u00f3cio, trata-se de uma resposta necess\u00e1ria a um sistema burocr\u00e1tico que vinha travando empreendimentos e investimentos no campo.<br \/>&#13;<br \/>\n\u00a0<\/p>\n<\/p><\/div>\n<p><script data-cfasync=\"false\">\n    !function (f, b, e, v, n, t, s) {\n        if (f.fbq) return; n = f.fbq = function () {\n            n.callMethod ?\n                n.callMethod.apply(n, arguments) : n.queue.push(arguments)\n        };\n        if (!f._fbq) f._fbq = n; n.push = n; n.loaded = !0; n.version = '2.0';\n        n.queue = []; t = b.createElement(e); t.async = !0;\n        t.src = v; s = b.getElementsByTagName(e)[0];\n        s.parentNode.insertBefore(t, s)\n    }(window, document, 'script',\n        'https:\/\/connect.facebook.net\/en_US\/fbevents.js');\n    fbq('init', '522546078623747');\n    fbq('track', 'PageView');\n<\/script><br \/>\n<br \/><br \/>\n<br \/><a href=\"https:\/\/www.agrolink.com.br\/noticias\/camara-aprova-novas-regras-de-licenciamento-ambiental_504020.html\">Source link <\/a><\/p>\n","protected":false},"excerpt":{"rendered":"<p>A C\u00e2mara dos Deputados aprovou, na madrugada desta quinta-feira (17), por 267 votos a favor e 116 contra, o projeto<\/p>\n","protected":false},"author":1,"featured_media":8106,"comment_status":"open","ping_status":"open","sticky":false,"template":"","format":"standard","meta":{"_monsterinsights_skip_tracking":false,"_monsterinsights_sitenote_active":false,"_monsterinsights_sitenote_note":"","_monsterinsights_sitenote_category":0,"_uf_show_specific_survey":0,"_uf_disable_surveys":false,"footnotes":""},"categories":[8,1,14],"tags":[],"class_list":["post-17011","post","type-post","status-publish","format-standard","has-post-thumbnail","hentry","category-agro","category-news","category-politica-agro"],"_links":{"self":[{"href":"https:\/\/agromt.news\/index.php?rest_route=\/wp\/v2\/posts\/17011"}],"collection":[{"href":"https:\/\/agromt.news\/index.php?rest_route=\/wp\/v2\/posts"}],"about":[{"href":"https:\/\/agromt.news\/index.php?rest_route=\/wp\/v2\/types\/post"}],"author":[{"embeddable":true,"href":"https:\/\/agromt.news\/index.php?rest_route=\/wp\/v2\/users\/1"}],"replies":[{"embeddable":true,"href":"https:\/\/agromt.news\/index.php?rest_route=%2Fwp%2Fv2%2Fcomments&post=17011"}],"version-history":[{"count":0,"href":"https:\/\/agromt.news\/index.php?rest_route=\/wp\/v2\/posts\/17011\/revisions"}],"wp:featuredmedia":[{"embeddable":true,"href":"https:\/\/agromt.news\/index.php?rest_route=\/wp\/v2\/media\/8106"}],"wp:attachment":[{"href":"https:\/\/agromt.news\/index.php?rest_route=%2Fwp%2Fv2%2Fmedia&parent=17011"}],"wp:term":[{"taxonomy":"category","embeddable":true,"href":"https:\/\/agromt.news\/index.php?rest_route=%2Fwp%2Fv2%2Fcategories&post=17011"},{"taxonomy":"post_tag","embeddable":true,"href":"https:\/\/agromt.news\/index.php?rest_route=%2Fwp%2Fv2%2Ftags&post=17011"}],"curies":[{"name":"wp","href":"https:\/\/api.w.org\/{rel}","templated":true}]}}