{"id":17005,"date":"2025-07-18T14:53:00","date_gmt":"2025-07-18T18:53:00","guid":{"rendered":"https:\/\/agromt.news\/?p=17005"},"modified":"2025-07-18T14:53:00","modified_gmt":"2025-07-18T18:53:00","slug":"comunicar-o-agro-com-proposito-inovacao-e-sustentabilidade","status":"publish","type":"post","link":"https:\/\/agromt.news\/?p=17005","title":{"rendered":"Comunicar o agro com prop\u00f3sito, inova\u00e7\u00e3o e sustentabilidade"},"content":{"rendered":"<p> <br \/>\n<br \/><img decoding=\"async\" src=\"https:\/\/agromt.news\/wp-content\/uploads\/2025\/07\/Comunicar-o-agro-com-proposito-inovacao-e-sustentabilidade.jpg\" \/><\/p>\n<div>\n<p>O agroneg\u00f3cio vive um momento de profunda evolu\u00e7\u00e3o. Novas tecnologias, pr\u00e1ticas regenerativas e o avan\u00e7o da sucess\u00e3o familiar est\u00e3o mudando a forma como o setor se estrutura e isso exige uma <strong>nova abordagem de comunica\u00e7\u00e3o<\/strong>.<\/p>\n<p>Segundo <strong>Fernanda Blasque<\/strong>, profissional com mais de 20 anos de carreira em comunica\u00e7\u00e3o corporativa, comunicar o agro hoje \u00e9 atuar como ponte entre <strong>quem produz, quem consome e quem regula<\/strong>. E isso pede muito mais do que campanhas tradicionais.<\/p>\n<blockquote class=\"wp-block-quote is-layout-flow wp-block-quote-is-layout-flow\">\n<p>\u201cO agro \u00e9 altamente tecnificado, sustent\u00e1vel e internacionalizado. Mas quem est\u00e1 fora ainda n\u00e3o sabe disso. Cabe a n\u00f3s tradutores desse setor mostrar essa realidade com linguagem acess\u00edvel e respons\u00e1vel.\u201d<\/p>\n<\/blockquote>\n<h2 class=\"wp-block-heading\" id=\"h-sustentabilidade-como-narrativa-central\"><strong>Sustentabilidade como narrativa central<\/strong><\/h2>\n<p>A <strong>sustentabilidade no agro<\/strong> ainda enfrenta desafios de compreens\u00e3o, tanto por parte do consumidor urbano quanto por produtores que est\u00e3o em fases diferentes de ado\u00e7\u00e3o de pr\u00e1ticas mais regenerativas.<\/p>\n<h3 class=\"wp-block-heading\" id=\"h-educacao-e-confianca\"><strong>Educa\u00e7\u00e3o e confian\u00e7a<\/strong><\/h3>\n<p>Um dos principais desafios, segundo Fernanda, \u00e9 equilibrar a <strong>educa\u00e7\u00e3o t\u00e9cnica<\/strong> com a <strong>constru\u00e7\u00e3o de confian\u00e7a<\/strong>. Conceitos como <em>agricultura regenerativa<\/em>, <em>cr\u00e9dito de carbono<\/em> e o uso de <em>biol\u00f3gicos<\/em> precisam ser traduzidos em uma linguagem que o produtor entenda e que a sociedade valorize.<\/p>\n<blockquote class=\"wp-block-quote is-layout-flow wp-block-quote-is-layout-flow\">\n<p>\u201cN\u00e3o basta s\u00f3 informar. \u00c9 preciso mostrar como essas pr\u00e1ticas impactam positivamente o meio ambiente, a produ\u00e7\u00e3o e o alimento que chega \u00e0 mesa.\u201d<\/p>\n<\/blockquote>\n<\/div>\n<div>\n<h2 class=\"wp-block-heading\"><strong>Novas conex\u00f5es com a sociedade<\/strong><\/h2>\n<p>Para romper a bolha do setor e mostrar um agro moderno e respons\u00e1vel, \u00e9 essencial criar <strong>pontes com outros universos<\/strong>. A\u00e7\u00f5es que envolvem figuras p\u00fablicas, esportes ou cultura t\u00eam sido estrat\u00e9gicas para atrair a aten\u00e7\u00e3o do grande p\u00fablico.<\/p>\n<h3 class=\"wp-block-heading\" id=\"h-comunicacao-que-conecta\"><strong>Comunica\u00e7\u00e3o que conecta<\/strong><\/h3>\n<p>Seja em projetos com esportistas, artistas ou influenciadores, o importante \u00e9 que a comunica\u00e7\u00e3o n\u00e3o fique restrita ao setor. Um bom exemplo \u00e9 trazer vozes que n\u00e3o s\u00e3o do agro para <strong>aprender e contar suas descobertas<\/strong>, ampliando a visibilidade de pr\u00e1ticas sustent\u00e1veis, tecnologias e do impacto social do agroneg\u00f3cio.<\/p>\n<blockquote class=\"wp-block-quote is-layout-flow wp-block-quote-is-layout-flow\">\n<p>\u201cQuando algu\u00e9m de fora conhece o agro de perto, acaba se apaixonando. E vira um defensor.\u201d<\/p>\n<\/blockquote>\n<p>Comunicar o agro hoje \u00e9 mais do que falar de produtividade \u00e9 mostrar o impacto positivo do setor na vida das pessoas e no futuro do planeta. Isso exige prop\u00f3sito, inova\u00e7\u00e3o, sensibilidade e estrat\u00e9gia.<\/p>\n<p>\ud83d\udc49 Quer aprimorar sua comunica\u00e7\u00e3o no agro? <strong>Acompanhe o Canal Rural<\/strong> para mais conte\u00fados sobre inova\u00e7\u00e3o, sustentabilidade e lideran\u00e7a no campo.<\/p>\n<\/p><\/div>\n<p><br \/>\n<br \/><a href=\"https:\/\/www.canalrural.com.br\/curiosidades\/como-comunicar-o-agro-com-proposito-inovacao-e-sustentabilidade\/\">Source link <\/a><\/p>\n","protected":false},"excerpt":{"rendered":"<p>O agroneg\u00f3cio vive um momento de profunda evolu\u00e7\u00e3o. Novas tecnologias, pr\u00e1ticas regenerativas e o avan\u00e7o da sucess\u00e3o familiar est\u00e3o mudando<\/p>\n","protected":false},"author":1,"featured_media":17006,"comment_status":"open","ping_status":"open","sticky":false,"template":"","format":"standard","meta":{"_monsterinsights_skip_tracking":false,"_monsterinsights_sitenote_active":false,"_monsterinsights_sitenote_note":"","_monsterinsights_sitenote_category":0,"_uf_show_specific_survey":0,"_uf_disable_surveys":false,"footnotes":""},"categories":[1],"tags":[],"class_list":["post-17005","post","type-post","status-publish","format-standard","has-post-thumbnail","hentry","category-news"],"_links":{"self":[{"href":"https:\/\/agromt.news\/index.php?rest_route=\/wp\/v2\/posts\/17005"}],"collection":[{"href":"https:\/\/agromt.news\/index.php?rest_route=\/wp\/v2\/posts"}],"about":[{"href":"https:\/\/agromt.news\/index.php?rest_route=\/wp\/v2\/types\/post"}],"author":[{"embeddable":true,"href":"https:\/\/agromt.news\/index.php?rest_route=\/wp\/v2\/users\/1"}],"replies":[{"embeddable":true,"href":"https:\/\/agromt.news\/index.php?rest_route=%2Fwp%2Fv2%2Fcomments&post=17005"}],"version-history":[{"count":0,"href":"https:\/\/agromt.news\/index.php?rest_route=\/wp\/v2\/posts\/17005\/revisions"}],"wp:featuredmedia":[{"embeddable":true,"href":"https:\/\/agromt.news\/index.php?rest_route=\/wp\/v2\/media\/17006"}],"wp:attachment":[{"href":"https:\/\/agromt.news\/index.php?rest_route=%2Fwp%2Fv2%2Fmedia&parent=17005"}],"wp:term":[{"taxonomy":"category","embeddable":true,"href":"https:\/\/agromt.news\/index.php?rest_route=%2Fwp%2Fv2%2Fcategories&post=17005"},{"taxonomy":"post_tag","embeddable":true,"href":"https:\/\/agromt.news\/index.php?rest_route=%2Fwp%2Fv2%2Ftags&post=17005"}],"curies":[{"name":"wp","href":"https:\/\/api.w.org\/{rel}","templated":true}]}}