{"id":17001,"date":"2025-07-18T14:24:11","date_gmt":"2025-07-18T18:24:11","guid":{"rendered":"https:\/\/agromt.news\/?p=17001"},"modified":"2025-07-18T14:24:11","modified_gmt":"2025-07-18T18:24:11","slug":"projeto-fortalece-pequenos-citricultores-no-interior-de-sao-paulo","status":"publish","type":"post","link":"https:\/\/agromt.news\/?p=17001","title":{"rendered":"Projeto fortalece pequenos citricultores no interior de S\u00e3o Paulo"},"content":{"rendered":"<p> <br \/>\n<\/p>\n<div>\n<p>A citricultura \u00e9 uma das bases da economia rural no <strong>noroeste paulista<\/strong>, especialmente em munic\u00edpios como Estrela d\u2019Oeste, Cosmorama e Jales. Com o aumento de exig\u00eancias t\u00e9cnicas e ambientais no setor, pequenos e m\u00e9dios produtores t\u00eam buscado alternativas para garantir produtividade, sustentabilidade e perman\u00eancia no campo.<\/p>\n<p>Nesse contexto, o <strong>projeto Fruto Resiliente<\/strong>, da <strong><a href=\"https:\/\/solidaridadlatam.org\/brasil\/\">Funda\u00e7\u00e3o Solidaridad<\/a><\/strong>, tem fortalecido a produ\u00e7\u00e3o de laranja por meio de <strong>assist\u00eancia t\u00e9cnica gratuita e personalizada<\/strong>, al\u00e9m de treinamentos, materiais educativos e acompanhamento direto nas propriedades.<\/p>\n<p>Atualmente, mais de <strong>500 produtores<\/strong> participam ativamente da iniciativa, que j\u00e1 atendeu mais de <strong>800 citricultores<\/strong> desde seu in\u00edcio em novembro de 2019. <\/p>\n<p>A <strong><a href=\"https:\/\/solidaridadlatam.org\/brasil\/\">Funda\u00e7\u00e3o Solidaridad <\/a><\/strong>\u00e9 uma organiza\u00e7\u00e3o internacional sem fins lucrativos, que atua no desenvolvimento sustent\u00e1vel das cadeias produtivas do agroneg\u00f3cio, promovendo pr\u00e1ticas respons\u00e1veis, inclus\u00e3o social e melhoria da produtividade.<\/p>\n<h2 class=\"wp-block-heading\" id=\"h-diagnostico-ambiental-e-boas-praticas-no-campo\">Diagn\u00f3stico ambiental e boas pr\u00e1ticas no campo<\/h2>\n<p>O trabalho come\u00e7a com um <strong>diagn\u00f3stico detalhado da propriedade<\/strong>, que considera aspectos legais, ambientais e produtivos. A partir desse mapeamento, s\u00e3o oferecidas recomenda\u00e7\u00f5es personalizadas para cada citricultor.<\/p>\n<p>Entre as pr\u00e1ticas incentivadas est\u00e3o:<\/p>\n<ul class=\"wp-block-list\">\n<li>An\u00e1lise de solo e \u00e1gua para ajustes nutricionais<\/li>\n<li>Monitoramento e controle de pragas e doen\u00e7as<\/li>\n<li>Adequa\u00e7\u00e3o do uso de defensivos<\/li>\n<li>Armazenamento e descarte correto de embalagens<\/li>\n<li>Prote\u00e7\u00e3o de nascentes e \u00e1reas de preserva\u00e7\u00e3o<\/li>\n<\/ul>\n<blockquote class=\"wp-block-quote is-layout-flow wp-block-quote-is-layout-flow\">\n<p>\u201cO <em>feij\u00e3o com arroz<\/em> \u00e9 o que resolve o problema dentro da propriedade. Uma das principais mudan\u00e7as foi a an\u00e1lise de solo. Hoje, praticamente 100% dos produtores da regi\u00e3o j\u00e1 fazem\u201d, destaca <em>o analista de campo Lucas Fim Torres.<\/em><\/p>\n<\/blockquote>\n<hr class=\"wp-block-separator has-alpha-channel-opacity\"\/>\n<h2 class=\"wp-block-heading\" id=\"h-familia-sentinello-aposta-no-futuro-da-laranja\">Fam\u00edlia Sentinello aposta no futuro da laranja<\/h2>\n<p>Em<strong> Estrela d\u2019Oeste (SP<\/strong>), a fam\u00edlia Sentinello carrega uma longa hist\u00f3ria ligada \u00e0 terra. Os av\u00f4s de <strong>Elton Sentinello <\/strong>vieram da It\u00e1lia com amor pela ro\u00e7a e come\u00e7aram a vida rural cultivando caf\u00e9. Foi apenas nos anos 1980 que o pai de Elton iniciou o plantio de laranja, dando in\u00edcio \u00e0 citricultura na propriedade. Hoje, \u00e9 o filho quem conduz a produ\u00e7\u00e3o<\/p>\n<p>Em Estrela d\u2019Oeste (SP), a fam\u00edlia Sentinello carrega uma longa hist\u00f3ria ligada \u00e0 terra. Os av\u00f4s de Elton Sentinello vieram da It\u00e1lia com amor pela ro\u00e7a e come\u00e7aram a vida rural cultivando caf\u00e9. Foi apenas nos anos 1980 que o pai de Elton iniciou o plantio de laranja, dando in\u00edcio \u00e0 citricultura na propriedade. Hoje, \u00e9 o filho quem conduz a produ\u00e7\u00e3o, com base t\u00e9cnica e foco em sustentabilidade.<\/p>\n<p>Com o apoio do <strong>projeto Fruto Resiliente, <\/strong>Elton tem feito ajustes no manejo e investido na recupera\u00e7\u00e3o de \u00e1reas. Ele destaca os resultados obtidos no pomar mais jovem, com dois anos e meio, onde j\u00e1 \u00e9 poss\u00edvel ver frutos em diferentes est\u00e1gios de desenvolvimento. <\/p>\n<\/div>\n<div>\n<figure class=\"wp-block-image size-large\"><img fetchpriority=\"high\" decoding=\"async\" width=\"1024\" height=\"576\" src=\"https:\/\/agromt.news\/wp-content\/uploads\/2025\/07\/Projeto-fortalece-pequenos-citricultores-no-interior-de-Sao-Paulo.jpg\" alt=\"\" class=\"wp-image-4111758\"  \/><figcaption class=\"wp-element-caption\">Elton explica os diferentes est\u00e1gios dos pomares \u2013 Foto: Renato Medeiros<\/figcaption><\/figure>\n<blockquote class=\"wp-block-quote is-layout-flow wp-block-quote-is-layout-flow\">\n<p>\u201cA gente fica feliz de ver o resultado. Tudo isso veio do que o meu pai passou\u201d, afirma.<\/p>\n<\/blockquote>\n<p>A dedica\u00e7\u00e3o ao campo segue em fam\u00edlia. A poucos quil\u00f4metros do s\u00edtio, o cunhado de Elton, ex-tesoureiro F\u00e1bio Martin, trocou a cidade pela zona rural e hoje cultiva mais de 4 mil p\u00e9s de laranja. Ele conta que j\u00e1 havia participado da forma\u00e7\u00e3o de pomares antes, o que serviu de base para tocar a nova propriedade. \u201cNos alegra muito acordar e trabalhar praticamente no quintal de casa\u201d, destaca.<\/p>\n<hr class=\"wp-block-separator has-alpha-channel-opacity\"\/>\n<h2 class=\"wp-block-heading\" id=\"h-enfrentando-os-desafios-climaticos-e-sanitarios\">Enfrentando os desafios clim\u00e1ticos e sanit\u00e1rios<\/h2>\n<p>Em <strong>Cosmorama (SP)<\/strong>, o produtor <strong>Jer\u00f4nimo Ant\u00f4nio Segala<\/strong>, de 71 anos, enfrentava perdas por conta da <strong>leprose e do cancro c\u00edtrico<\/strong>. Com apenas tr\u00eas hectares, ele viu a produtividade cair at\u00e9 receber assist\u00eancia t\u00e9cnica pelo projeto.<\/p>\n<p>A an\u00e1lise da \u00e1gua revelou um pH de 7,6 \u2014 valor que comprometia a efici\u00eancia dos defensivos. Com a corre\u00e7\u00e3o para pH 5, os sintomas da leprose foram controlados. Al\u00e9m disso, Jer\u00f4nimo adaptou o local de armazenamento de defensivos e aprendeu o processo de devolu\u00e7\u00e3o das embalagens.<\/p>\n<blockquote class=\"wp-block-quote is-layout-flow wp-block-quote-is-layout-flow\">\n<p>\u201cHoje a gente guarda os vasilhames no lugar certo e depois devolve. Ficou \u00f3timo\u201d, conta.<\/p>\n<\/blockquote>\n<figure class=\"wp-block-image size-large\"><img decoding=\"async\" width=\"1024\" height=\"604\" src=\"https:\/\/agromt.news\/wp-content\/uploads\/2025\/07\/Projeto-fortalece-pequenos-citricultores-no-interior-de-Sao-Paulo.png\" alt=\"\" class=\"wp-image-4111759\"  \/><figcaption class=\"wp-element-caption\">Jer\u00f4nimo recebe assist\u00eancia t\u00e9cnica do projeto Fruto Resiliente \u2013 Foto: Renato Medeiros<\/figcaption><\/figure>\n<hr class=\"wp-block-separator has-alpha-channel-opacity\"\/>\n<h2 class=\"wp-block-heading\" id=\"h-resultados-que-reforcam-a-permanencia-no-campo\">Resultados que refor\u00e7am a perman\u00eancia no campo<\/h2>\n<p>Com foco na <strong>sustentabilidade e no cumprimento da legisla\u00e7\u00e3o ambiental<\/strong>, o Fruto Resiliente tem contribu\u00eddo para melhorar a renda, a organiza\u00e7\u00e3o da produ\u00e7\u00e3o e o planejamento das propriedades. Al\u00e9m disso, os produtores ganham condi\u00e7\u00f5es para acessar programas de certifica\u00e7\u00e3o, financiamento e inser\u00e7\u00e3o em mercados exigentes.<\/p>\n<h3 class=\"wp-block-heading\" id=\"h-entre-os-principais-resultados-estao\">Entre os principais resultados est\u00e3o:<\/h3>\n<ul class=\"wp-block-list\">\n<li>Redu\u00e7\u00e3o de perdas por doen\u00e7as e manejo inadequado<\/li>\n<li>Melhoria da fertilidade do solo<\/li>\n<li>Aumento da efici\u00eancia no uso de insumos<\/li>\n<li>Adequa\u00e7\u00e3o ambiental das propriedades<\/li>\n<li>Retomada da confian\u00e7a de produtores em continuar na atividade<\/li>\n<\/ul>\n<blockquote class=\"wp-block-quote is-layout-flow wp-block-quote-is-layout-flow\">\n<p><em>\u201cProduzir com responsabilidade, respeitar a legisla\u00e7\u00e3o e buscar as melhores pr\u00e1ticas n\u00e3o \u00e9 mais escolha. \u00c9 obriga\u00e7\u00e3o se o produtor quiser continuar vendendo\u201d, refor\u00e7a o gerente de programas da Funda\u00e7\u00e3o Solidaridad Guilherme Margarido Ortega.<\/em><\/p>\n<\/blockquote>\n<figure class=\"wp-block-embed is-type-video is-provider-youtube wp-block-embed-youtube wp-embed-aspect-16-9 wp-has-aspect-ratio\">\n<p>\n<iframe title=\"Fruto Resiliente: como esse projeto est\u00e1 mudando a realidade de pequenos citricultores\" width=\"800\" height=\"450\" src=\"https:\/\/www.youtube.com\/embed\/qY8ZUUih2R8?feature=oembed\" frameborder=\"0\" allow=\"accelerometer; autoplay; clipboard-write; encrypted-media; gyroscope; picture-in-picture; web-share\" referrerpolicy=\"strict-origin-when-cross-origin\" allowfullscreen><\/iframe>\n<\/p>\n<\/figure><\/div>\n<p><br \/>\n<br \/><a href=\"https:\/\/www.canalrural.com.br\/sustentabilidade\/projeto-fortalece-pequenos-citricultores-no-interior-de-sao-paulo\/\">Source link <\/a><\/p>\n","protected":false},"excerpt":{"rendered":"<p>A citricultura \u00e9 uma das bases da economia rural no noroeste paulista, especialmente em munic\u00edpios como Estrela d\u2019Oeste, Cosmorama e<\/p>\n","protected":false},"author":1,"featured_media":17002,"comment_status":"open","ping_status":"open","sticky":false,"template":"","format":"standard","meta":{"_monsterinsights_skip_tracking":false,"_monsterinsights_sitenote_active":false,"_monsterinsights_sitenote_note":"","_monsterinsights_sitenote_category":0,"_uf_show_specific_survey":0,"_uf_disable_surveys":false,"footnotes":""},"categories":[1],"tags":[],"class_list":["post-17001","post","type-post","status-publish","format-standard","has-post-thumbnail","hentry","category-news"],"_links":{"self":[{"href":"https:\/\/agromt.news\/index.php?rest_route=\/wp\/v2\/posts\/17001"}],"collection":[{"href":"https:\/\/agromt.news\/index.php?rest_route=\/wp\/v2\/posts"}],"about":[{"href":"https:\/\/agromt.news\/index.php?rest_route=\/wp\/v2\/types\/post"}],"author":[{"embeddable":true,"href":"https:\/\/agromt.news\/index.php?rest_route=\/wp\/v2\/users\/1"}],"replies":[{"embeddable":true,"href":"https:\/\/agromt.news\/index.php?rest_route=%2Fwp%2Fv2%2Fcomments&post=17001"}],"version-history":[{"count":0,"href":"https:\/\/agromt.news\/index.php?rest_route=\/wp\/v2\/posts\/17001\/revisions"}],"wp:featuredmedia":[{"embeddable":true,"href":"https:\/\/agromt.news\/index.php?rest_route=\/wp\/v2\/media\/17002"}],"wp:attachment":[{"href":"https:\/\/agromt.news\/index.php?rest_route=%2Fwp%2Fv2%2Fmedia&parent=17001"}],"wp:term":[{"taxonomy":"category","embeddable":true,"href":"https:\/\/agromt.news\/index.php?rest_route=%2Fwp%2Fv2%2Fcategories&post=17001"},{"taxonomy":"post_tag","embeddable":true,"href":"https:\/\/agromt.news\/index.php?rest_route=%2Fwp%2Fv2%2Ftags&post=17001"}],"curies":[{"name":"wp","href":"https:\/\/api.w.org\/{rel}","templated":true}]}}