{"id":16998,"date":"2025-07-18T12:44:55","date_gmt":"2025-07-18T16:44:55","guid":{"rendered":"https:\/\/agromt.news\/?p=16998"},"modified":"2025-07-18T12:44:55","modified_gmt":"2025-07-18T16:44:55","slug":"exportacoes-e-consumo-interno-de-cafe-soluvel-crescem-no-primeiro-semestre-de-2025","status":"publish","type":"post","link":"https:\/\/agromt.news\/?p=16998","title":{"rendered":"Exporta\u00e7\u00f5es e consumo interno de caf\u00e9 sol\u00favel crescem no primeiro semestre de 2025"},"content":{"rendered":"<p> <br \/>\n<br \/><img decoding=\"async\" src=\"https:\/\/agromt.news\/wp-content\/uploads\/2025\/02\/1740315263_cafe.jpg\" \/><\/p>\n<div>\n<p>As exporta\u00e7\u00f5es brasileiras de caf\u00e9 sol\u00favel somaram o equivalente a 1,944 milh\u00e3o de sacas de 60 kg, no primeiro semestre de 2025. O  volume \u00e9 1,3% superior ao registrado no mesmo per\u00edodo do ano passado. Em receita cambial, o valor \u00e9 de US$ 586,925 milh\u00f5es, n\u00famero  45,2% superior no mesmo comparativo anual. Os dados s\u00e3o do relat\u00f3rio estat\u00edstico da Associa\u00e7\u00e3o Brasileira da Ind\u00fastria de Caf\u00e9 Sol\u00favel (Abics).<\/p>\n<\/div>\n<div>\n<pre class=\"wp-block-code\"><code>Entre os 81 pa\u00edses que compraram caf\u00e9 sol\u00favel do Brasil entre janeiro e o fim de junho deste ano, os EUA lideram o ranking, com a importa\u00e7\u00e3o do equivalente a 361.088 sacas do\nproduto. Fechando o top 5, aparecem Argentina, com 193.298 sacas; R\u00fassia, com 138.492 sacas Indon\u00e9sia, com 75.140 sacas; e Peru, com 74.069 sacas.<\/code><\/pre>\n<pre class=\"wp-block-code\"><code>O desempenho do primeiro semestre n\u00e3o foi impactado pela confus\u00e3o tarif\u00e1ria provocada pelo presidente dos EUA, Donald Trump, por isso as ind\u00fastrias brasileiras de caf\u00e9s sol\u00faveis conseguem manter seu ritmo de abastecimento global, consolidando o pa\u00eds como o principal produtor e exportador mundial do produto, analisa Aguinaldo Lima, diretor de Rela\u00e7\u00f5es Institucionais da Abics.<\/code><\/pre>\n<h2 class=\"wp-block-heading\" id=\"h-eua\">EUA<\/h2>\n<pre class=\"wp-block-code\"><code>Por outro lado, o an\u00fancio feito pelo presidente Trump, no \u00faltimo dia 9 de julho, de taxar produtos brasileiros a serem importados pelos norte-americanos em 50% a partir de 1 de agosto, <a href=\"https:\/\/www.canalrural.com.br\/agricultura\/cafe\/tarifa-dos-eua-ameaca-exportacao-de-cafe-negociacao-urgente-defende-cecafe\/\">gera grande preocupa\u00e7\u00e3o<\/a> e pode impactar o desempenho das compras do principal parceiro comercial dos caf\u00e9s sol\u00faveis brasileiros.<\/code><\/pre>\n<pre class=\"wp-block-code\"><code>Atualmente, os EUA respondem por 19% do total, em volume e receita cambial, das exporta\u00e7\u00f5es brasileiras de caf\u00e9 sol\u00favel. Por sua vez, o Brasil \u00e9 o segundo principal fornecedor do produto aos norte-americanos, respondendo por 24% do mercado estadunidense.\n\n<em>Veja em primeira m\u00e3o tudo sobre agricultura, pecu\u00e1ria, economia e previs\u00e3o do tempo: <a href=\"https:\/\/news.google.com\/publications\/CAAqLQgKIidDQklTRndnTWFoTUtFV05oYm1Gc2NuVnlZV3d1WTI5dExtSnlLQUFQAQ?hl=pt-BR&amp;gl=BR&amp;ceid=BR:pt-419\">siga o Canal Rural no Google News!<\/a><\/em><\/code><\/pre>\n<pre class=\"wp-block-code\"><code>Para o presidente da Abics, Fabio Sato, a eventual implanta\u00e7\u00e3o das taxas de 50%, a partir de 1 de agosto, tende a impactar a competitividade do caf\u00e9 sol\u00favel nacional no principal mercado\nconsumidor do mundo.<\/code><\/pre>\n<pre class=\"wp-block-code\"><code>Se isso se tornar realidade, o produto brasileiro, certamente, perder\u00e1 espa\u00e7o para o produzido por outros concorrentes, uma vez que o principal fornecedor, o M\u00e9xico, poder\u00e1 comercializar sem tarifas, e os demais principais fornecedores ser\u00e3o taxados de 10% a, no m\u00e1ximo, 27%, aponta.<\/code><\/pre>\n<h2 class=\"wp-block-heading\" id=\"h-mercado-interno\">Mercado interno<\/h2>\n<pre class=\"wp-block-code\"><code>Conforme dados atualizados pela Abics, a popula\u00e7\u00e3o brasileira consumiu 11,090 mil toneladas (o equivalente a 480.578 sacas) de caf\u00e9 sol\u00favel no primeiro semestre de 2025, apresentando um crescimento de 4,2% na compara\u00e7\u00e3o com o mesmo intervalo de seis meses em 2024.<\/code><\/pre>\n<pre class=\"wp-block-code\"><code>Por tipo de produto consumido, observa-se um avan\u00e7o de 18,7% no freeze dried (liofilizado), para 1,557 mil toneladas, e de 2,5% no spray dried (em p\u00f3), a 11,090 mil toneladas. O consumo de todos os tipos de caf\u00e9 sol\u00favel importado - j\u00e1 inclu\u00eddos no compilado total de spray e freeze dried -, por sua vez, apresentou uma eleva\u00e7\u00e3o de 23%.<\/code><\/pre>\n<pre class=\"wp-block-code\"><code>O diretor de Rela\u00e7\u00f5es Institucionais da Abics acredita que a evolu\u00e7\u00e3o no consumo interno se d\u00e1 por dois motivos: melhor qualidade e novos produtos no mercado e custo mais acess\u00edvel em rela\u00e7\u00e3o aos demais caf\u00e9s.<\/code><\/pre>\n<pre class=\"wp-block-code\"><code>O sol\u00favel tem um custo por x\u00edcara relativamente inferior para os consumidores, al\u00e9m de n\u00e3o demandar gastos com filtros e outros utens\u00edlios em seu preparo, o que gera economia essencial em tempos de infla\u00e7\u00e3o. Al\u00e9m disso, nossas ind\u00fastrias n\u00e3o param de investir e apresentar novidades, melhorando ainda mais a qualidade da bebida e ampliando a diversidade de uso do produto em diversas formas de preparo e processamentos, conclui Lima.<\/code><\/pre>\n<\/p><\/div>\n<p><br \/>\n<br \/><a href=\"https:\/\/www.canalrural.com.br\/diversos\/exportacoes-e-consumo-interno-de-cafe-soluvel-crescem-no-primeiro-semestre-de-2025\/\">Source link <\/a><\/p>\n","protected":false},"excerpt":{"rendered":"<p>As exporta\u00e7\u00f5es brasileiras de caf\u00e9 sol\u00favel somaram o equivalente a 1,944 milh\u00e3o de sacas de 60 kg, no primeiro semestre<\/p>\n","protected":false},"author":1,"featured_media":10016,"comment_status":"open","ping_status":"open","sticky":false,"template":"","format":"standard","meta":{"_monsterinsights_skip_tracking":false,"_monsterinsights_sitenote_active":false,"_monsterinsights_sitenote_note":"","_monsterinsights_sitenote_category":0,"_uf_show_specific_survey":0,"_uf_disable_surveys":false,"footnotes":""},"categories":[1],"tags":[],"class_list":["post-16998","post","type-post","status-publish","format-standard","has-post-thumbnail","hentry","category-news"],"_links":{"self":[{"href":"https:\/\/agromt.news\/index.php?rest_route=\/wp\/v2\/posts\/16998"}],"collection":[{"href":"https:\/\/agromt.news\/index.php?rest_route=\/wp\/v2\/posts"}],"about":[{"href":"https:\/\/agromt.news\/index.php?rest_route=\/wp\/v2\/types\/post"}],"author":[{"embeddable":true,"href":"https:\/\/agromt.news\/index.php?rest_route=\/wp\/v2\/users\/1"}],"replies":[{"embeddable":true,"href":"https:\/\/agromt.news\/index.php?rest_route=%2Fwp%2Fv2%2Fcomments&post=16998"}],"version-history":[{"count":0,"href":"https:\/\/agromt.news\/index.php?rest_route=\/wp\/v2\/posts\/16998\/revisions"}],"wp:featuredmedia":[{"embeddable":true,"href":"https:\/\/agromt.news\/index.php?rest_route=\/wp\/v2\/media\/10016"}],"wp:attachment":[{"href":"https:\/\/agromt.news\/index.php?rest_route=%2Fwp%2Fv2%2Fmedia&parent=16998"}],"wp:term":[{"taxonomy":"category","embeddable":true,"href":"https:\/\/agromt.news\/index.php?rest_route=%2Fwp%2Fv2%2Fcategories&post=16998"},{"taxonomy":"post_tag","embeddable":true,"href":"https:\/\/agromt.news\/index.php?rest_route=%2Fwp%2Fv2%2Ftags&post=16998"}],"curies":[{"name":"wp","href":"https:\/\/api.w.org\/{rel}","templated":true}]}}