{"id":16996,"date":"2025-07-18T11:55:26","date_gmt":"2025-07-18T15:55:26","guid":{"rendered":"https:\/\/agromt.news\/?p=16996"},"modified":"2025-07-18T11:55:26","modified_gmt":"2025-07-18T15:55:26","slug":"festa-do-ovo-de-bastos-sp-e-cancelada-por-causa-da-ameaca-de-gripe-aviaria","status":"publish","type":"post","link":"https:\/\/agromt.news\/?p=16996","title":{"rendered":"Festa do Ovo de Bastos (SP) \u00e9 cancelada por causa da amea\u00e7a de gripe avi\u00e1ria"},"content":{"rendered":"<p> <br \/>\n<br \/><img decoding=\"async\" src=\"https:\/\/agromt.news\/wp-content\/uploads\/2025\/07\/Festa-do-Ovo-de-Bastos-SP-e-cancelada-por-causa.jpg\" \/><\/p>\n<div>\n<p>A tradicional Festa do Ovo, de Bastos, no interior de S\u00e3o Paulo, em sua 64\u00aa edi\u00e7\u00e3o, prevista para ocorrer entre os dias 27 a 31 de agosto do ano de 2025, foi cancelada por conta da amea\u00e7a da <strong><a href=\"http:\/\/www.canalrural.com.br\/tag\/gripe-aviaria\/\">gripe avi\u00e1ria<\/a><\/strong>. Comunicado nesse sentido foi divulgado pela Prefeitura de Bastos, em conjunto com a Associa\u00e7\u00e3o Cultural e Esportiva Nikkey (Acenba) e o sindicato rural da cidade.<\/p>\n<p>\u201cEsta decis\u00e3o foi tomada ap\u00f3s reuni\u00e3o entre o prefeito, os representantes da Acenba e o Sindicato Rural de Bastos, considerando a atual amea\u00e7a da influenza avi\u00e1ria que representa riscos significativos para a avicultura regional\u201d, diz a nota.<\/p>\n<p>Segundo a prefeitura, a medida preventiva adotada demonstra o compromisso das autoridades municipais e do setor produtivo em proteger a avicultura de Bastos, reconhecida como um dos pilares fundamentais da economia local e importante fornecedora para a seguran\u00e7a alimentar nacional.<\/p>\n<p>\u201cA decis\u00e3o de cancelamento, embora dif\u00edcil, prioriza a seguran\u00e7a sanit\u00e1ria e a sustentabilidade da avicultura local\u201d, destacou. \u201cA prefeitura reafirma seu compromisso em avaliar continuamente a situa\u00e7\u00e3o e informar a popula\u00e7\u00e3o sobre eventuais atualiza\u00e7\u00f5es relacionadas ao tema\u201d, concluiu.<\/p>\n<\/div>\n<div>\n<h2 class=\"wp-block-heading\" id=\"h-alerta-da-apa\"><b>Alerta da APA<\/b><\/h2>\n<p>A Associa\u00e7\u00e3o Paulista de Avicultura (APA) refor\u00e7ou em comunicado o alerta sobre a presen\u00e7a do v\u00edrus da influenza avi\u00e1ria em aves silvestres no estado de S\u00e3o Paulo. <\/p>\n<p>\u201cA campanha de orienta\u00e7\u00e3o tem por objetivo conscientizar profissionais do setor av\u00edcola, tutores de aves, turistas e a popula\u00e7\u00e3o em geral sobre os riscos da doen\u00e7a e a import\u00e2ncia de n\u00e3o manipular aves doentes ou mortas. A influenza avi\u00e1ria \u00e9 uma enfermidade viral altamente contagiosa, que representa amea\u00e7a \u00e0 sa\u00fade das aves, ao meio ambiente, \u00e0 economia e \u00e0 sa\u00fade p\u00fablica\u201d, ressaltou a APA.<\/p>\n<p>O diretor-t\u00e9cnico da APA, Jos\u00e9 Roberto Bottura, recomendou que, diante da presen\u00e7a de aves silvestres com sinais cl\u00ednicos como tremores, dificuldades respirat\u00f3rias, asas ca\u00eddas ou comportamento anormal, que a popula\u00e7\u00e3o evite qualquer contato direto. \u201cN\u00e3o toque, n\u00e3o tente socorrer e n\u00e3o remova aves doentes ou mortas\u201d, ressaltou. A orienta\u00e7\u00e3o \u00e9 informar imediatamente a Unidade de Defesa Agropecu\u00e1ria do Estado de S\u00e3o Paulo mais pr\u00f3xima ou entrar em contato pelo e-mail <a href=\"https:\/\/www.canalrural.com.br\/cdn-cgi\/l\/email-protection\" class=\"__cf_email__\" data-cfemail=\"2e5e4b5d4f004d4a4f6e49434f4742004d4143\">[email\u00a0protected]<\/a>.<\/p>\n<p>No litoral paulista, tamb\u00e9m est\u00e3o dispon\u00edveis n\u00fameros de contato de institui\u00e7\u00f5es ambientais para atendimento espec\u00edfico. Essas medidas s\u00e3o fundamentais para conter a dissemina\u00e7\u00e3o do v\u00edrus e proteger a avicultura paulista.<\/p>\n<\/p><\/div>\n<p><br \/>\n<br \/><a href=\"https:\/\/www.canalrural.com.br\/aves-e-suinos\/festa-do-ovo-de-bastos-sp-e-cancelada-por-causa-da-ameaca-de-gripe-aviaria\/\">Source link <\/a><\/p>\n","protected":false},"excerpt":{"rendered":"<p>A tradicional Festa do Ovo, de Bastos, no interior de S\u00e3o Paulo, em sua 64\u00aa edi\u00e7\u00e3o, prevista para ocorrer entre<\/p>\n","protected":false},"author":1,"featured_media":16997,"comment_status":"open","ping_status":"open","sticky":false,"template":"","format":"standard","meta":{"_monsterinsights_skip_tracking":false,"_monsterinsights_sitenote_active":false,"_monsterinsights_sitenote_note":"","_monsterinsights_sitenote_category":0,"_uf_show_specific_survey":0,"_uf_disable_surveys":false,"footnotes":""},"categories":[1],"tags":[],"class_list":["post-16996","post","type-post","status-publish","format-standard","has-post-thumbnail","hentry","category-news"],"_links":{"self":[{"href":"https:\/\/agromt.news\/index.php?rest_route=\/wp\/v2\/posts\/16996"}],"collection":[{"href":"https:\/\/agromt.news\/index.php?rest_route=\/wp\/v2\/posts"}],"about":[{"href":"https:\/\/agromt.news\/index.php?rest_route=\/wp\/v2\/types\/post"}],"author":[{"embeddable":true,"href":"https:\/\/agromt.news\/index.php?rest_route=\/wp\/v2\/users\/1"}],"replies":[{"embeddable":true,"href":"https:\/\/agromt.news\/index.php?rest_route=%2Fwp%2Fv2%2Fcomments&post=16996"}],"version-history":[{"count":0,"href":"https:\/\/agromt.news\/index.php?rest_route=\/wp\/v2\/posts\/16996\/revisions"}],"wp:featuredmedia":[{"embeddable":true,"href":"https:\/\/agromt.news\/index.php?rest_route=\/wp\/v2\/media\/16997"}],"wp:attachment":[{"href":"https:\/\/agromt.news\/index.php?rest_route=%2Fwp%2Fv2%2Fmedia&parent=16996"}],"wp:term":[{"taxonomy":"category","embeddable":true,"href":"https:\/\/agromt.news\/index.php?rest_route=%2Fwp%2Fv2%2Fcategories&post=16996"},{"taxonomy":"post_tag","embeddable":true,"href":"https:\/\/agromt.news\/index.php?rest_route=%2Fwp%2Fv2%2Ftags&post=16996"}],"curies":[{"name":"wp","href":"https:\/\/api.w.org\/{rel}","templated":true}]}}