{"id":16991,"date":"2025-07-18T11:25:17","date_gmt":"2025-07-18T15:25:17","guid":{"rendered":"https:\/\/agromt.news\/?p=16991"},"modified":"2025-07-18T11:25:17","modified_gmt":"2025-07-18T15:25:17","slug":"suco-de-laranja-tarifas-americanas-preocupam-o-setor","status":"publish","type":"post","link":"https:\/\/agromt.news\/?p=16991","title":{"rendered":"Suco de laranja: tarifas americanas preocupam o setor"},"content":{"rendered":"<p> <br \/>\n<\/p>\n<div>\n<figure><img decoding=\"async\" src=\"https:\/\/agromt.news\/wp-content\/uploads\/2025\/07\/Suco-de-laranja-tarifas-americanas-preocupam-o-setor.jpg\" alt=\"Laranja Ind\u00fastria, Fundecitrus\" \/><figcaption>Foto: Citrus BR<\/figcaption><\/figure>\n<\/div>\n<p>A tarifa adicional de 50% sobre as importa\u00e7\u00f5es de suco de laranja brasileiro, imposta pelos EUA, amea\u00e7a a sustentabilidade da cadeia citr\u00edcola nacional e desestabiliza o principal fluxo comercial internacional dessa commodity. \u00c9 isso o que indicam os\u00a0 pesquisadores do\u00a0<a href=\"https:\/\/www.canalrural.com.br\/tag\/cepea\/\">Centro de Estudos Avan\u00e7ados em Economia Aplicada (Cepea).<\/a><\/p>\n<p>A medida compromete a competitividade do Brasil, l\u00edder global em exporta\u00e7\u00f5es de suco. Al\u00e9m disso, imp\u00f5e press\u00f5es inflacion\u00e1rias ao mercado norte-americano, fortemente dependente do fornecimento brasileiro de suco de laranja.\u00a0<\/p>\n<ul class=\"wp-block-list\">\n<li><em>Veja em primeira m\u00e3o tudo sobre agricultura, pecu\u00e1ria, economia e previs\u00e3o do tempo:\u00a0<\/em><a href=\"https:\/\/news.google.com\/publications\/CAAqBwgKMPKZlQswq_mqAw?hl=pt-BR&amp;gl=BR&amp;ceid=BR%3Apt-419\"><em>siga o Canal Rural no Google News!<\/em><\/a><\/li>\n<\/ul>\n<p>Esse cen\u00e1rio \u00e9 visto justamente em um contexto de recupera\u00e7\u00e3o da safra paulista de laranja. Segundo pesquisadores do Cepea, a combina\u00e7\u00e3o entre ampla oferta e entraves comerciais tende a resultar no ac\u00famulo de estoques industriais e na retra\u00e7\u00e3o das cota\u00e7\u00f5es no mercado interno.&nbsp;<\/p>\n<p>Ainda mais, pesquisadores do Cepea indicam que o redirecionamento de volumes originalmente destinados aos Estados Unidos para os mercados europeu e dom\u00e9stico poder\u00e1 intensificar a press\u00e3o sobre os pre\u00e7os internacionais, com efeitos colaterais em toda a cadeia.\u00a0<\/p>\n<p>Dessa forma, no curto prazo, espera-se que esse excedente resulte em desequil\u00edbrios nos estoques e em redu\u00e7\u00e3o das margens da ind\u00fastria.<\/p>\n<p><em>*Sob supervis\u00e3o de Luis Roberto Toledo<\/em><\/p>\n<p>O post <a href=\"https:\/\/www.canalrural.com.br\/agricultura\/hortifruti\/suco-de-laranja-tarifas-americanas-preocupam-o-setor\/\">Suco de laranja: tarifas americanas preocupam o setor<\/a> apareceu primeiro em <a href=\"https:\/\/www.canalrural.com.br\">Canal Rural<\/a>.<\/p>\n<p><br \/>\n<br \/><a href=\"https:\/\/www.canalrural.com.br\/agricultura\/hortifruti\/suco-de-laranja-tarifas-americanas-preocupam-o-setor\/\">Source link <\/a><\/p>\n","protected":false},"excerpt":{"rendered":"<p>Foto: Citrus BR A tarifa adicional de 50% sobre as importa\u00e7\u00f5es de suco de laranja brasileiro, imposta pelos EUA, amea\u00e7a<\/p>\n","protected":false},"author":1,"featured_media":16992,"comment_status":"open","ping_status":"open","sticky":false,"template":"","format":"standard","meta":{"_monsterinsights_skip_tracking":false,"_monsterinsights_sitenote_active":false,"_monsterinsights_sitenote_note":"","_monsterinsights_sitenote_category":0,"_uf_show_specific_survey":0,"_uf_disable_surveys":false,"footnotes":""},"categories":[1],"tags":[],"class_list":["post-16991","post","type-post","status-publish","format-standard","has-post-thumbnail","hentry","category-news"],"_links":{"self":[{"href":"https:\/\/agromt.news\/index.php?rest_route=\/wp\/v2\/posts\/16991"}],"collection":[{"href":"https:\/\/agromt.news\/index.php?rest_route=\/wp\/v2\/posts"}],"about":[{"href":"https:\/\/agromt.news\/index.php?rest_route=\/wp\/v2\/types\/post"}],"author":[{"embeddable":true,"href":"https:\/\/agromt.news\/index.php?rest_route=\/wp\/v2\/users\/1"}],"replies":[{"embeddable":true,"href":"https:\/\/agromt.news\/index.php?rest_route=%2Fwp%2Fv2%2Fcomments&post=16991"}],"version-history":[{"count":0,"href":"https:\/\/agromt.news\/index.php?rest_route=\/wp\/v2\/posts\/16991\/revisions"}],"wp:featuredmedia":[{"embeddable":true,"href":"https:\/\/agromt.news\/index.php?rest_route=\/wp\/v2\/media\/16992"}],"wp:attachment":[{"href":"https:\/\/agromt.news\/index.php?rest_route=%2Fwp%2Fv2%2Fmedia&parent=16991"}],"wp:term":[{"taxonomy":"category","embeddable":true,"href":"https:\/\/agromt.news\/index.php?rest_route=%2Fwp%2Fv2%2Fcategories&post=16991"},{"taxonomy":"post_tag","embeddable":true,"href":"https:\/\/agromt.news\/index.php?rest_route=%2Fwp%2Fv2%2Ftags&post=16991"}],"curies":[{"name":"wp","href":"https:\/\/api.w.org\/{rel}","templated":true}]}}