{"id":16987,"date":"2025-07-18T10:55:38","date_gmt":"2025-07-18T14:55:38","guid":{"rendered":"https:\/\/agromt.news\/?p=16987"},"modified":"2025-07-18T10:55:38","modified_gmt":"2025-07-18T14:55:38","slug":"tarifaco-de-trump-coloca-em-risco-principal-polo-exportador-de-frutas-do-brasil","status":"publish","type":"post","link":"https:\/\/agromt.news\/?p=16987","title":{"rendered":"Tarifa\u00e7o de Trump coloca em risco principal polo exportador de frutas do Brasil"},"content":{"rendered":"<p> <br \/>\n<br \/><img decoding=\"async\" src=\"https:\/\/agromt.news\/wp-content\/uploads\/2025\/07\/Tarifaco-de-Trump-coloca-em-risco-principal-polo-exportador-de.jpg\" \/><\/p>\n<div>\n<p>Considerado o principal polo exportador de frutas do pa\u00eds, a Valexport  (Associa\u00e7\u00e3o dos Produtores e Exportadores de Hortigranjeiros e Derivados do Vale do S\u00e3o Francisco) afirma que a implementa\u00e7\u00e3o da taxa\u00e7\u00e3o de 50% sobre as exporta\u00e7\u00f5es brasileiras pode causar \u201cefeitos devastadores\u201d ao produtores do Nordeste. <\/p>\n<p>De acordo com a Valexport, a fruticultura irrigada do Vale do S\u00e3o Francisco movimenta cerca de US$ 500 milh\u00f5es em exporta\u00e7\u00f5es anuais. O setor de exporta\u00e7\u00e3o de frutas brasileiras gera cerca de 250 mil empregos diretos e 950 mil indiretos. <\/p>\n<p>A associa\u00e7\u00e3o divulgou na \u00faltima quarta-feira (16) uma carta fazendo um apelo para evitar o tarifa\u00e7o. Endere\u00e7ado aos governos do Brasil e dos Estados Unidos, embaixadas, minist\u00e9rios e \u00f3rg\u00e3os de com\u00e9rcio e rela\u00e7\u00f5es exteriores, o documento pede que seja restabelecido o di\u00e1logo diplom\u00e1tico e t\u00e9cnico com m\u00e1xima prioridade.<\/p>\n<p>\u201c\u00c9 imperativo encontrar uma solu\u00e7\u00e3o que permita a manuten\u00e7\u00e3o do fluxo de exporta\u00e7\u00f5es, a preserva\u00e7\u00e3o dos empregos, e o respeito ao esfor\u00e7o de milhares de fam\u00edlias e empresas comprometidas com a produ\u00e7\u00e3o sustent\u00e1vel de alimentos\u201d, diz trecho da carta assinada pelo presidente da entidade, Jos\u00e9 Gualberto de Almeida.<\/p>\n<\/div>\n<div>\n<p>Endere\u00e7ado aos governos do Brasil e dos EUA, embaixadas, minist\u00e9rios e \u00f3rg\u00e3os de com\u00e9rcio e rela\u00e7\u00f5es exteriores, o documento pede que seja restabelecido o di\u00e1logo diplom\u00e1tico e t\u00e9cnico com m\u00e1xima prioridade. \u201c\u00c9 imperativo encontrar uma solu\u00e7\u00e3o que permita a manuten\u00e7\u00e3o do fluxo de exporta\u00e7\u00f5es, a preserva\u00e7\u00e3o dos empregos, e o respeito ao esfor\u00e7o de milhares de fam\u00edlias e empresas comprometidas com a produ\u00e7\u00e3o sustent\u00e1vel de alimentos\u201d, adverte o presidente da entidade, Jos\u00e9 Gualberto de Almeida.<\/p>\n<p><em>Veja em primeira m\u00e3o tudo sobre agricultura, pecu\u00e1ria, economia e previs\u00e3o do tempo:\u00a0<\/em><a href=\"https:\/\/news.google.com\/publications\/CAAqBwgKMPKZlQswq_mqAw?hl=pt-BR&amp;gl=BR&amp;ceid=BR%3Apt-419\"><strong><em>siga o Canal Rural no Google News!<\/em><\/strong><\/a> <\/p>\n<p>A carta dos  produtores e exportadores de frutas ainda afirma que a tarifa inviabiliza totalmente a opera\u00e7\u00e3o log\u00edstica e comercial para os EUA, amea\u00e7ando paralisar a atividade em toda a regi\u00e3o. <\/p>\n<p> \u201cO resultado ser\u00e1 uma queda brusca nos pre\u00e7os, o colapso da rentabilidade do setor e, de forma alarmante, o desemprego em massa no Vale do S\u00e3o Francisco. Contamos com o bom senso, a responsabilidade institucional e o esp\u00edrito de coopera\u00e7\u00e3o que sempre marcaram as rela\u00e7\u00f5es entre nossos pa\u00edses\u201d, concluiu o documento da Valexport. <\/p>\n<\/p><\/div>\n<p><br \/>\n<br \/><a href=\"https:\/\/www.canalrural.com.br\/agricultura\/tarifaco-de-trump-coloca-em-risco-principal-polo-exportador-de-frutas-do-brasil\/\">Source link <\/a><\/p>\n","protected":false},"excerpt":{"rendered":"<p>Considerado o principal polo exportador de frutas do pa\u00eds, a Valexport (Associa\u00e7\u00e3o dos Produtores e Exportadores de Hortigranjeiros e Derivados<\/p>\n","protected":false},"author":1,"featured_media":16988,"comment_status":"open","ping_status":"open","sticky":false,"template":"","format":"standard","meta":{"_monsterinsights_skip_tracking":false,"_monsterinsights_sitenote_active":false,"_monsterinsights_sitenote_note":"","_monsterinsights_sitenote_category":0,"_uf_show_specific_survey":0,"_uf_disable_surveys":false,"footnotes":""},"categories":[1],"tags":[],"class_list":["post-16987","post","type-post","status-publish","format-standard","has-post-thumbnail","hentry","category-news"],"_links":{"self":[{"href":"https:\/\/agromt.news\/index.php?rest_route=\/wp\/v2\/posts\/16987"}],"collection":[{"href":"https:\/\/agromt.news\/index.php?rest_route=\/wp\/v2\/posts"}],"about":[{"href":"https:\/\/agromt.news\/index.php?rest_route=\/wp\/v2\/types\/post"}],"author":[{"embeddable":true,"href":"https:\/\/agromt.news\/index.php?rest_route=\/wp\/v2\/users\/1"}],"replies":[{"embeddable":true,"href":"https:\/\/agromt.news\/index.php?rest_route=%2Fwp%2Fv2%2Fcomments&post=16987"}],"version-history":[{"count":0,"href":"https:\/\/agromt.news\/index.php?rest_route=\/wp\/v2\/posts\/16987\/revisions"}],"wp:featuredmedia":[{"embeddable":true,"href":"https:\/\/agromt.news\/index.php?rest_route=\/wp\/v2\/media\/16988"}],"wp:attachment":[{"href":"https:\/\/agromt.news\/index.php?rest_route=%2Fwp%2Fv2%2Fmedia&parent=16987"}],"wp:term":[{"taxonomy":"category","embeddable":true,"href":"https:\/\/agromt.news\/index.php?rest_route=%2Fwp%2Fv2%2Fcategories&post=16987"},{"taxonomy":"post_tag","embeddable":true,"href":"https:\/\/agromt.news\/index.php?rest_route=%2Fwp%2Fv2%2Ftags&post=16987"}],"curies":[{"name":"wp","href":"https:\/\/api.w.org\/{rel}","templated":true}]}}