{"id":16986,"date":"2025-07-18T10:41:23","date_gmt":"2025-07-18T14:41:23","guid":{"rendered":"https:\/\/agromt.news\/?p=16986"},"modified":"2025-07-18T10:41:23","modified_gmt":"2025-07-18T14:41:23","slug":"ovos-precos-caem-na-primeira-quinzena-de-julho","status":"publish","type":"post","link":"https:\/\/agromt.news\/?p=16986","title":{"rendered":"Ovos: pre\u00e7os caem na primeira quinzena de julho"},"content":{"rendered":"<p> <br \/>\n<br \/><img decoding=\"async\" src=\"https:\/\/agromt.news\/wp-content\/uploads\/2025\/02\/Como-os-auditores-agropecuarios-fiscalizarao-ovos-a-partir-de-5.jpg\" \/><\/p>\n<div>\n<p>Os pre\u00e7os dos ovos encerraram a primeira quinzena de julho em queda em todas as regi\u00f5es acompanhadas pelo <a href=\"https:\/\/www.canalrural.com.br\/tag\/cepea\/\">Centro de Estudos Avan\u00e7ados em Economia Aplicada (Cepea).<\/a><\/p>\n<p>Com a menor demanda, devido sobretudo ao per\u00edodo de f\u00e9rias escolares, produtores acabaram concedendo descontos nas negocia\u00e7\u00f5es, o que intensificou a press\u00e3o sobre os valores.\u00a0<\/p>\n<p>Segundo colaboradores do Cepea, embora as temperaturas mais amenas registradas em diversas regi\u00f5es do Pa\u00eds tenham contribu\u00eddo para uma redu\u00e7\u00e3o da produ\u00e7\u00e3o, o ritmo lento das vendas tem impactado o mercado.\u00a0<\/p>\n<\/div>\n<div>\n<p>Desde a semana passada, o setor nacional de ovos tamb\u00e9m est\u00e1 atento \u00e0s tarifas anunciadas pelo governo dos Estados Unidos.\u00a0<\/p>\n<p>No primeiro semestre deste ano, os EUA adquiriram 61% do volume exportado pelo Brasil, com destaque para o ritmo acelerado das compras, que v\u00eam renovando recordes mensais nos \u00faltimos cinco meses e j\u00e1 acumulam alta expressiva de 1.274% em rela\u00e7\u00e3o ao mesmo per\u00edodo do ano passado.\u00a0<\/p>\n<p>Colaboradores do Cepea est\u00e3o atentos aos desdobramentos da medida, mas, ainda assim, \u00e9 importante destacar que as exporta\u00e7\u00f5es brasileiras de ovos representam menos de 1% da produ\u00e7\u00e3o nacional. Dessa forma, o impacto no mercado interno, num primeiro momento, pode ser mais limitado, diferentemente do que pode ocorrer em outros setores do agroneg\u00f3cio.<\/p>\n<p><em>*Sob supervis\u00e3o de Luis Roberto Toledo<\/em><\/p>\n<\/p><\/div>\n<p><br \/>\n<br \/><a href=\"https:\/\/www.canalrural.com.br\/aves-e-suinos\/ovos-precos-caem-na-primeira-quinzena-de-julho\/\">Source link <\/a><\/p>\n","protected":false},"excerpt":{"rendered":"<p>Os pre\u00e7os dos ovos encerraram a primeira quinzena de julho em queda em todas as regi\u00f5es acompanhadas pelo Centro de<\/p>\n","protected":false},"author":1,"featured_media":9838,"comment_status":"open","ping_status":"open","sticky":false,"template":"","format":"standard","meta":{"_monsterinsights_skip_tracking":false,"_monsterinsights_sitenote_active":false,"_monsterinsights_sitenote_note":"","_monsterinsights_sitenote_category":0,"_uf_show_specific_survey":0,"_uf_disable_surveys":false,"footnotes":""},"categories":[1],"tags":[],"class_list":["post-16986","post","type-post","status-publish","format-standard","has-post-thumbnail","hentry","category-news"],"_links":{"self":[{"href":"https:\/\/agromt.news\/index.php?rest_route=\/wp\/v2\/posts\/16986"}],"collection":[{"href":"https:\/\/agromt.news\/index.php?rest_route=\/wp\/v2\/posts"}],"about":[{"href":"https:\/\/agromt.news\/index.php?rest_route=\/wp\/v2\/types\/post"}],"author":[{"embeddable":true,"href":"https:\/\/agromt.news\/index.php?rest_route=\/wp\/v2\/users\/1"}],"replies":[{"embeddable":true,"href":"https:\/\/agromt.news\/index.php?rest_route=%2Fwp%2Fv2%2Fcomments&post=16986"}],"version-history":[{"count":0,"href":"https:\/\/agromt.news\/index.php?rest_route=\/wp\/v2\/posts\/16986\/revisions"}],"wp:featuredmedia":[{"embeddable":true,"href":"https:\/\/agromt.news\/index.php?rest_route=\/wp\/v2\/media\/9838"}],"wp:attachment":[{"href":"https:\/\/agromt.news\/index.php?rest_route=%2Fwp%2Fv2%2Fmedia&parent=16986"}],"wp:term":[{"taxonomy":"category","embeddable":true,"href":"https:\/\/agromt.news\/index.php?rest_route=%2Fwp%2Fv2%2Fcategories&post=16986"},{"taxonomy":"post_tag","embeddable":true,"href":"https:\/\/agromt.news\/index.php?rest_route=%2Fwp%2Fv2%2Ftags&post=16986"}],"curies":[{"name":"wp","href":"https:\/\/api.w.org\/{rel}","templated":true}]}}