{"id":16985,"date":"2025-07-18T09:48:10","date_gmt":"2025-07-18T13:48:10","guid":{"rendered":"https:\/\/agromt.news\/?p=16985"},"modified":"2025-07-18T09:48:10","modified_gmt":"2025-07-18T13:48:10","slug":"brasil-caminha-para-novo-recorde-no-processamento-de-soja","status":"publish","type":"post","link":"https:\/\/agromt.news\/?p=16985","title":{"rendered":"Brasil caminha para novo recorde no processamento de soja"},"content":{"rendered":"<p> <br \/>\n<\/p>\n<div>\n<p style=\"text-align:justify\">O setor de processamento de <a href=\"https:\/\/www.agrolink.com.br\/culturas\/soja?utm_source=agrolink-detalhe-noticia&amp;utm_medium=detalhe-noticia&amp;utm_campaign=links-internos\" target=\"_blank\" rel=\"noopener\">soja<\/a> segue em trajet\u00f3ria positiva no Brasil e deve alcan\u00e7ar novos recordes em 2025. Segundo avalia\u00e7\u00e3o da Associa\u00e7\u00e3o Brasileira das Ind\u00fastrias de \u00d3leos Vegetais (ABIOVE), o bom desempenho registrado ao longo de 2024 fortalece a confian\u00e7a nas proje\u00e7\u00f5es de crescimento para o Complexo da <a href=\"https:\/\/www.agrolink.com.br\/culturas\/soja?utm_source=agrolink-detalhe-noticia&amp;utm_medium=detalhe-noticia&amp;utm_campaign=links-internos\" target=\"_blank\" rel=\"noopener\">soja<\/a> no pr\u00f3ximo ano.&#13;\n<\/p>\n<p style=\"text-align:justify\">De acordo com dados divulgados pela Abiove, somente no m\u00eas de maio foram processadas 4,87 milh\u00f5es de toneladas de soja no pa\u00eds, o que representa um aumento de 2,1% em rela\u00e7\u00e3o a abril e de 13,6% na compara\u00e7\u00e3o com o mesmo m\u00eas de 2024, ajustado pela base amostral. No acumulado do ano, o volume processado chegou a 21,33 milh\u00f5es de toneladas \u2014 crescimento de 5,9% sobre igual per\u00edodo do ano passado.<\/p>\n<p style=\"text-align:justify\">A entidade destaca que o desempenho est\u00e1 diretamente ligado \u00e0 eleva\u00e7\u00e3o da mistura obrigat\u00f3ria de biodiesel, que incorporou os percentuais B14 e B15 ao longo de 2024. \u201cEstamos vivendo um ano positivo para o processamento de soja, com perspectiva de recorde\u201d, afirma Daniel Furlan Amaral, Diretor de Economia e Assuntos Regulat\u00f3rios da ABIOVE. Ele tamb\u00e9m aponta que a demanda firme por \u00f3leo de soja tem mantido o ritmo de atividade elevado na ind\u00fastria.&#13;\n<\/p>\n<p style=\"text-align:justify\">Para o restante do ano, a previs\u00e3o \u00e9 de continuidade no crescimento. A produ\u00e7\u00e3o nacional de soja deve alcan\u00e7ar 169,7 milh\u00f5es de toneladas, enquanto o volume de esmagamento est\u00e1 projetado em 57,8 milh\u00f5es de toneladas \u2014 ligeira alta de 0,5%. J\u00e1 a produ\u00e7\u00e3o de farelo e \u00f3leo de soja deve atingir 44,5 milh\u00f5es e 11,6 milh\u00f5es de toneladas, respectivamente, com avan\u00e7os de 0,9% e 1,3%.<\/p>\n<p style=\"text-align:justify\">No mercado externo, a expectativa tamb\u00e9m \u00e9 otimista. A exporta\u00e7\u00e3o de soja em gr\u00e3os deve somar 109 milh\u00f5es de toneladas, aumento de 0,9% sobre o ano anterior. J\u00e1 as vendas externas de farelo devem se manter est\u00e1veis em 23,6 milh\u00f5es de toneladas. Por outro lado, as exporta\u00e7\u00f5es de \u00f3leo de soja devem sofrer uma leve retra\u00e7\u00e3o de 3,6%, sendo revisadas para 1,35 milh\u00e3o de toneladas. As importa\u00e7\u00f5es de \u00f3leo e gr\u00e3o de soja devem somar, respectivamente, 100 mil e 500 mil toneladas, como forma de complementar a oferta no mercado interno.&#13;\n<\/p>\n<\/p><\/div>\n<p><script data-cfasync=\"false\">\n    !function (f, b, e, v, n, t, s) {\n        if (f.fbq) return; n = f.fbq = function () {\n            n.callMethod ?\n                n.callMethod.apply(n, arguments) : n.queue.push(arguments)\n        };\n        if (!f._fbq) f._fbq = n; n.push = n; n.loaded = !0; n.version = '2.0';\n        n.queue = []; t = b.createElement(e); t.async = !0;\n        t.src = v; s = b.getElementsByTagName(e)[0];\n        s.parentNode.insertBefore(t, s)\n    }(window, document, 'script',\n        'https:\/\/connect.facebook.net\/en_US\/fbevents.js');\n    fbq('init', '522546078623747');\n    fbq('track', 'PageView');\n<\/script><br \/>\n<br \/><br \/>\n<br \/><a href=\"https:\/\/www.agrolink.com.br\/noticias\/brasil-caminha-para-novo-recorde-no-processamento-de-soja_504030.html\">Source link <\/a><\/p>\n","protected":false},"excerpt":{"rendered":"<p>O setor de processamento de soja segue em trajet\u00f3ria positiva no Brasil e deve alcan\u00e7ar novos recordes em 2025. Segundo<\/p>\n","protected":false},"author":1,"featured_media":1507,"comment_status":"open","ping_status":"open","sticky":false,"template":"","format":"standard","meta":{"_monsterinsights_skip_tracking":false,"_monsterinsights_sitenote_active":false,"_monsterinsights_sitenote_note":"","_monsterinsights_sitenote_category":0,"_uf_show_specific_survey":0,"_uf_disable_surveys":false,"footnotes":""},"categories":[8,1,14],"tags":[],"class_list":["post-16985","post","type-post","status-publish","format-standard","has-post-thumbnail","hentry","category-agro","category-news","category-politica-agro"],"_links":{"self":[{"href":"https:\/\/agromt.news\/index.php?rest_route=\/wp\/v2\/posts\/16985"}],"collection":[{"href":"https:\/\/agromt.news\/index.php?rest_route=\/wp\/v2\/posts"}],"about":[{"href":"https:\/\/agromt.news\/index.php?rest_route=\/wp\/v2\/types\/post"}],"author":[{"embeddable":true,"href":"https:\/\/agromt.news\/index.php?rest_route=\/wp\/v2\/users\/1"}],"replies":[{"embeddable":true,"href":"https:\/\/agromt.news\/index.php?rest_route=%2Fwp%2Fv2%2Fcomments&post=16985"}],"version-history":[{"count":0,"href":"https:\/\/agromt.news\/index.php?rest_route=\/wp\/v2\/posts\/16985\/revisions"}],"wp:featuredmedia":[{"embeddable":true,"href":"https:\/\/agromt.news\/index.php?rest_route=\/wp\/v2\/media\/1507"}],"wp:attachment":[{"href":"https:\/\/agromt.news\/index.php?rest_route=%2Fwp%2Fv2%2Fmedia&parent=16985"}],"wp:term":[{"taxonomy":"category","embeddable":true,"href":"https:\/\/agromt.news\/index.php?rest_route=%2Fwp%2Fv2%2Fcategories&post=16985"},{"taxonomy":"post_tag","embeddable":true,"href":"https:\/\/agromt.news\/index.php?rest_route=%2Fwp%2Fv2%2Ftags&post=16985"}],"curies":[{"name":"wp","href":"https:\/\/api.w.org\/{rel}","templated":true}]}}