{"id":16984,"date":"2025-07-18T09:42:11","date_gmt":"2025-07-18T13:42:11","guid":{"rendered":"https:\/\/agromt.news\/?p=16984"},"modified":"2025-07-18T09:42:11","modified_gmt":"2025-07-18T13:42:11","slug":"precos-reagem-com-a-retomada-gradual-das-exportacoes","status":"publish","type":"post","link":"https:\/\/agromt.news\/?p=16984","title":{"rendered":"pre\u00e7os reagem com a retomada gradual das exporta\u00e7\u00f5es"},"content":{"rendered":"<p> <br \/>\n<br \/><img decoding=\"async\" src=\"https:\/\/agromt.news\/wp-content\/uploads\/2025\/05\/frango-1.jpg\" \/><\/p>\n<div>\n<p>Ap\u00f3s recuar em junho, o poder de compra do avicultor paulista frente aos principais insumos da atividade voltou a apresentar alta nesta parcial de julho. \u00c9 isso o que mostram os levantamentos do <a href=\"https:\/\/www.canalrural.com.br\/tag\/cepea\/\">Centro de Estudos Avan\u00e7ados em Economia Aplicada (Cepea).<\/a><\/p>\n<p>De acordo com pesquisadores do instituto, esse movimento est\u00e1 atrelado \u00e0 recente rea\u00e7\u00e3o nos pre\u00e7os do frango vivo e \u00e0 desvaloriza\u00e7\u00e3o desses insumos.\u00a0<\/p>\n<\/div>\n<div>\n<p>Levantamento do Cepea mostra que as cota\u00e7\u00f5es do animal vivo negociado no estado de S\u00e3o Paulo est\u00e3o reagindo, ap\u00f3s a acentuada desvaloriza\u00e7\u00e3o observada no m\u00eas passado, em fun\u00e7\u00e3o das restri\u00e7\u00f5es impostas por parceiros comerciais devido \u00e0 detec\u00e7\u00e3o um caso de gripe avi\u00e1ria em uma granja comercial no munic\u00edpio de Montenegro (RS).\u00a0<\/p>\n<p>A retomada gradual das exporta\u00e7\u00f5es por parte de alguns pa\u00edses \u00e9 que tem favorecido a recente rea\u00e7\u00e3o nos pre\u00e7os do frango vivo.<\/p>\n<p><em>*Sob supervis\u00e3o de Luis Roberto Toledo<\/em><\/p>\n<\/p><\/div>\n<p><br \/>\n<br \/><a href=\"https:\/\/www.canalrural.com.br\/aves-e-suinos\/frango-precos-reagem-com-a-retomada-gradual-das-exportacoes\/\">Source link <\/a><\/p>\n","protected":false},"excerpt":{"rendered":"<p>Ap\u00f3s recuar em junho, o poder de compra do avicultor paulista frente aos principais insumos da atividade voltou a apresentar<\/p>\n","protected":false},"author":1,"featured_media":14082,"comment_status":"open","ping_status":"open","sticky":false,"template":"","format":"standard","meta":{"_monsterinsights_skip_tracking":false,"_monsterinsights_sitenote_active":false,"_monsterinsights_sitenote_note":"","_monsterinsights_sitenote_category":0,"_uf_show_specific_survey":0,"_uf_disable_surveys":false,"footnotes":""},"categories":[1],"tags":[],"class_list":["post-16984","post","type-post","status-publish","format-standard","has-post-thumbnail","hentry","category-news"],"_links":{"self":[{"href":"https:\/\/agromt.news\/index.php?rest_route=\/wp\/v2\/posts\/16984"}],"collection":[{"href":"https:\/\/agromt.news\/index.php?rest_route=\/wp\/v2\/posts"}],"about":[{"href":"https:\/\/agromt.news\/index.php?rest_route=\/wp\/v2\/types\/post"}],"author":[{"embeddable":true,"href":"https:\/\/agromt.news\/index.php?rest_route=\/wp\/v2\/users\/1"}],"replies":[{"embeddable":true,"href":"https:\/\/agromt.news\/index.php?rest_route=%2Fwp%2Fv2%2Fcomments&post=16984"}],"version-history":[{"count":0,"href":"https:\/\/agromt.news\/index.php?rest_route=\/wp\/v2\/posts\/16984\/revisions"}],"wp:featuredmedia":[{"embeddable":true,"href":"https:\/\/agromt.news\/index.php?rest_route=\/wp\/v2\/media\/14082"}],"wp:attachment":[{"href":"https:\/\/agromt.news\/index.php?rest_route=%2Fwp%2Fv2%2Fmedia&parent=16984"}],"wp:term":[{"taxonomy":"category","embeddable":true,"href":"https:\/\/agromt.news\/index.php?rest_route=%2Fwp%2Fv2%2Fcategories&post=16984"},{"taxonomy":"post_tag","embeddable":true,"href":"https:\/\/agromt.news\/index.php?rest_route=%2Fwp%2Fv2%2Ftags&post=16984"}],"curies":[{"name":"wp","href":"https:\/\/api.w.org\/{rel}","templated":true}]}}