{"id":16979,"date":"2025-07-18T08:42:43","date_gmt":"2025-07-18T12:42:43","guid":{"rendered":"https:\/\/agromt.news\/?p=16979"},"modified":"2025-07-18T08:42:43","modified_gmt":"2025-07-18T12:42:43","slug":"lider-do-pt-diz-que-governo-deve-vetar-uso-do-fundo-social-para-dar-r-30-bi-ao-agro","status":"publish","type":"post","link":"https:\/\/agromt.news\/?p=16979","title":{"rendered":"L\u00edder do PT diz que governo deve vetar uso do Fundo Social para dar R$ 30 bi ao agro"},"content":{"rendered":"<p> <br \/>\n<br \/><img decoding=\"async\" src=\"https:\/\/agromt.news\/wp-content\/uploads\/2025\/04\/Camara-aprova-Lei-da-Reciprocidade-Comercial.jpg\" \/><\/p>\n<div>\n<p>O l\u00edder do PT na C\u00e2mara dos Deputados, Lindbergh Farias (RJ), afirmou ao <i>Estad\u00e3o\/Broadcast Pol\u00edtico<\/i> na quinta-feira (17) que o governo deve vetar o <a href=\"https:\/\/www.canalrural.com.br\/nacional\/deputados-aprovam-uso-de-fundo-social-para-agricultores-atingidos-por-calamidades\/\">projeto que prev\u00ea uso do Fundo Social para financiar pagamento de d\u00edvidas rurais, criando uma linha de R$ 30 bilh\u00f5es para produtores atingidos por eventos clim\u00e1ticos<\/a>, caso seja aprovado no Senado da forma como est\u00e1. Se os senadores fizerem mudan\u00e7as, o texto deve retornar para a C\u00e2mara.<\/p>\n<p>Conforme mostrou o <i>Estad\u00e3o\/Broadcast Pol\u00edtico<\/i>, a C\u00e2mara aprovou na noite da quarta-feira, 16, um projeto que permite o uso do Fundo Social para uma linha de financiamento com teto global de R$ 30 bilh\u00f5es para o agroneg\u00f3cio, com limites individuais de R$ 10 milh\u00f5es por produtor e R$ 50 milh\u00f5es por cooperativa ou condom\u00ednio.<\/p>\n<p>O texto era uma reivindica\u00e7\u00e3o dos produtores ga\u00fachos, mas abrange todo o pa\u00eds e, de \u00faltima hora, o relator incorporou uma amplia\u00e7\u00e3o para benefici\u00e1rios do Nordeste.<\/p>\n<p>\u201cAquilo \u00e9 veto na certa\u201d, afirmou o Lindbergh \u00e0 reportagem. O deputado tamb\u00e9m afirmou que viu a aprova\u00e7\u00e3o do projeto como uma rea\u00e7\u00e3o do Congresso ao <a href=\"https:\/\/www.canalrural.com.br\/politica\/lula-veta-projeto-que-aumenta-numero-de-deputados-para-531\/\">veto do presidente Luiz In\u00e1cio Lula da Silva contra o aumento do n\u00famero de deputados, de 513 para 531<\/a>.<\/p>\n<p>O l\u00edder do PT na C\u00e2mara tamb\u00e9m afirmou que n\u00e3o houve negocia\u00e7\u00e3o para o projeto ter sido aprovado e ressaltou que o agroneg\u00f3cio j\u00e1 recebe altos subs\u00eddios. \u201cFoi golpe aquilo que fizeram. Querem tirar R$ 30 bi do Fundo Social, rapaz. Est\u00e1 maluco? \u00c9 um neg\u00f3cio absurdo.\u201d<\/p>\n<p>O projeto j\u00e1 estava na pauta, mas entre diversos outros, e 15 outras mat\u00e9rias ficaram sem an\u00e1lise. O presidente da C\u00e2mara, Hugo Motta (Republicanos-PB), escolheu pautar a mat\u00e9ria em meio a repercuss\u00f5es dos parlamentares contra a decis\u00e3o de Lula de vetar o aumento do n\u00famero de deputados e \u00e0 vit\u00f3ria do governo no Supremo Tribunal Federal (STF) em rela\u00e7\u00e3o ao Imposto sobre Opera\u00e7\u00f5es Financeiras (IOF).<\/p>\n<\/div>\n<div>\n<p>Durante a aprecia\u00e7\u00e3o do projeto sobre cr\u00e9dito rural, na tribuna da C\u00e2mara, o l\u00edder do governo na C\u00e2mara, Jos\u00e9 Guimar\u00e3es (PT-CE), criticou a bancada do agro e disse que houve quebra de acordo. Segundo o deputado, o relator Afonso Hamm (PP-RS) havia dito que n\u00e3o avan\u00e7aria com o projeto sem entendimento com o governo.<\/p>\n<p>\u201cSe estiv\u00e9ssemos s\u00f3 tratando do Rio Grande do Sul, podemos sentar e conversar. Mas estendeu para todo o Pa\u00eds\u201d, afirmou Guimar\u00e3es. \u201c\u00c9 um liberou geral para uma renegocia\u00e7\u00e3o, n\u00e3o tem inadimplente, qualquer um pode se dirigir a uma entidade banc\u00e1ria para fazer a renegocia\u00e7\u00e3o. Isso n\u00e3o \u00e9 correto, sobretudo para quem fala tanto em responsabilidade fiscal\u201d, criticou.<\/p>\n<p>Ao <i>Estad\u00e3o\/Broadcast Pol\u00edtico<\/i>, o relator do projeto disse que discutiu o texto com o presidente do Banco Central, Gabriel Gal\u00edpolo, e com os minist\u00e9rios da Agricultura e da Fazenda, mas faltava um acordo com a Casa Civil.<\/p>\n<p>Hamm disse ter pedido uma reuni\u00e3o com o ministro Rui Costa na semana passada, mas que a pasta teria dito que n\u00e3o havia agenda. \u201cO governo fugiu da discuss\u00e3o\u201d, disse o deputado. \u201cComo \u00e9 que n\u00f3s vamos esperar uma semana para ter uma audi\u00eancia com o governo? No plen\u00e1rio, eu tive todo o tempo, ele n\u00e3o me procurou\u201d, questionou Hamm.<\/p>\n<p>O relator afirma que o projeto n\u00e3o gera impacto fiscal no exerc\u00edcio de 2025, porque n\u00e3o cria despesas prim\u00e1rias. Al\u00e9m disso, o parlamentar diz que o uso do Fundo Social deve chegar a um valor entre R$ 15 a R$ 20 bi neste ano para financiar a quita\u00e7\u00e3o das d\u00edvidas.<\/p>\n<p>Segundo ele, a celeridade com a pauta se deu pela press\u00e3o do calend\u00e1rio agr\u00edcola. A vota\u00e7\u00e3o aconteceu no fim dos trabalhos legislativos deste semestre. O Congresso entra em recesso a partir desta sexta-feira (18), e fica parado at\u00e9 o dia 31.<\/p>\n<\/p><\/div>\n<p><br \/>\n<br \/><a href=\"https:\/\/www.canalrural.com.br\/agricultura\/agronegocio\/lindbergh-diz-que-governo-deve-vetar-uso-do-fundo-social-para-dar-r-30-bi-ao-agro\/\">Source link <\/a><\/p>\n","protected":false},"excerpt":{"rendered":"<p>O l\u00edder do PT na C\u00e2mara dos Deputados, Lindbergh Farias (RJ), afirmou ao Estad\u00e3o\/Broadcast Pol\u00edtico na quinta-feira (17) que o<\/p>\n","protected":false},"author":1,"featured_media":11883,"comment_status":"open","ping_status":"open","sticky":false,"template":"","format":"standard","meta":{"_monsterinsights_skip_tracking":false,"_monsterinsights_sitenote_active":false,"_monsterinsights_sitenote_note":"","_monsterinsights_sitenote_category":0,"_uf_show_specific_survey":0,"_uf_disable_surveys":false,"footnotes":""},"categories":[1],"tags":[],"class_list":["post-16979","post","type-post","status-publish","format-standard","has-post-thumbnail","hentry","category-news"],"_links":{"self":[{"href":"https:\/\/agromt.news\/index.php?rest_route=\/wp\/v2\/posts\/16979"}],"collection":[{"href":"https:\/\/agromt.news\/index.php?rest_route=\/wp\/v2\/posts"}],"about":[{"href":"https:\/\/agromt.news\/index.php?rest_route=\/wp\/v2\/types\/post"}],"author":[{"embeddable":true,"href":"https:\/\/agromt.news\/index.php?rest_route=\/wp\/v2\/users\/1"}],"replies":[{"embeddable":true,"href":"https:\/\/agromt.news\/index.php?rest_route=%2Fwp%2Fv2%2Fcomments&post=16979"}],"version-history":[{"count":0,"href":"https:\/\/agromt.news\/index.php?rest_route=\/wp\/v2\/posts\/16979\/revisions"}],"wp:featuredmedia":[{"embeddable":true,"href":"https:\/\/agromt.news\/index.php?rest_route=\/wp\/v2\/media\/11883"}],"wp:attachment":[{"href":"https:\/\/agromt.news\/index.php?rest_route=%2Fwp%2Fv2%2Fmedia&parent=16979"}],"wp:term":[{"taxonomy":"category","embeddable":true,"href":"https:\/\/agromt.news\/index.php?rest_route=%2Fwp%2Fv2%2Fcategories&post=16979"},{"taxonomy":"post_tag","embeddable":true,"href":"https:\/\/agromt.news\/index.php?rest_route=%2Fwp%2Fv2%2Ftags&post=16979"}],"curies":[{"name":"wp","href":"https:\/\/api.w.org\/{rel}","templated":true}]}}