{"id":16977,"date":"2025-07-18T07:56:54","date_gmt":"2025-07-18T11:56:54","guid":{"rendered":"https:\/\/agromt.news\/?p=16977"},"modified":"2025-07-18T07:56:54","modified_gmt":"2025-07-18T11:56:54","slug":"para-produtores-rurais-a-comercializacao-ainda-e-o-maior-obstaculo-no-campo","status":"publish","type":"post","link":"https:\/\/agromt.news\/?p=16977","title":{"rendered":"Para produtores rurais, a comercializa\u00e7\u00e3o ainda \u00e9 o maior obst\u00e1culo no campo"},"content":{"rendered":"<p> <br \/>\n<br \/><img decoding=\"async\" src=\"https:\/\/agromt.news\/wp-content\/uploads\/2025\/07\/Para-produtores-rurais-a-comercializacao-ainda-e-o-maior-obstaculo.jpeg\" \/><\/p>\n<div>\n<p>Em Arapongas, Paran\u00e1 (PR), o produtor Jo\u00e3o Machado cultiva tomates cereja org\u00e2nicos em cinco estufas. A rotina no campo \u00e9 intensa, sem pausas ou feriados, mas ele destaca que o grande desafio n\u00e3o est\u00e1 na produ\u00e7\u00e3o, e sim na venda. <\/p>\n<p>\u201cO mais dif\u00edcil n\u00e3o \u00e9 produzir, o mais dif\u00edcil \u00e9 comercializar. Se Deus quiser, cada vez mais portas v\u00e3o se abrir\u201d, diz Machado, que tamb\u00e9m reconhece que \u00e9 gratificante <a href=\"https:\/\/www.canalrural.com.br\/empreendedorismo\/produtores-amapaenses-criam-subprodutos-com-abacaxi-de-porto-grande\/\">produzir tomates<\/a>, sobretudo quando os frutos ganham valor de mercado e chegam \u00e0 mesa do consumidor. <\/p>\n<p>Atualmente, ele tem cinco estufas, que somam aproximadamente 4.500 metros de \u00e1rea plantada. S\u00f3 em uma delas, com 1.000 metros, h\u00e1 1.500 mudas de tomate cereja da variedade \u2018sweet heaven\u2019.\u00a0<\/p>\n<h2 class=\"wp-block-heading\" id=\"h-do-bicho-da-seda-ao-tomate\"><strong>Do <\/strong><strong>Bicho-da-seda<\/strong><strong> ao tomate<\/strong><\/h2>\n<p>Machado est\u00e1 na \u00e1rea rural h\u00e1 quase tr\u00eas d\u00e9cadas. No in\u00edcio, trabalhava com mudas de caf\u00e9 e cria\u00e7\u00e3o de Bicho-da-seda. Com as mudan\u00e7as no mercado, decidiu migrar para a produ\u00e7\u00e3o de tomates e ampliar a atua\u00e7\u00e3o da propriedade. Segundo ele, o que ajudou muito foi o selo de org\u00e2nico que trouxe ainda mais reconhecimento e credibilidade ao trabalho realizado. <\/p>\n<p>\u201cO org\u00e2nico \u00e9 uma b\u00ean\u00e7\u00e3o. Al\u00e9m de agregar valor ao meu produto, passa a ser\u00a0 um produto mais confi\u00e1vel. Quando voc\u00ea tem o selo, a aceita\u00e7\u00e3o \u00e9 100%\u201d, diz com orgulho.<\/p>\n<\/div>\n<div>\n<p>O apoio t\u00e9cnico do <a href=\"https:\/\/pr.agenciasebrae.com.br\/\">Sebrae\/PR,<\/a> tamb\u00e9m foi fundamental para que a produ\u00e7\u00e3o org\u00e2nica ganhasse for\u00e7a e mercado. \u201cO Sebrae tem uma import\u00e2ncia fundamental na ajuda pelo selo, pela certifica\u00e7\u00e3o e tamb\u00e9m com os cursos que nos oferecem\u201d, destaca.<\/p>\n<ul class=\"wp-block-list\">\n<li><em>Participe do Porteira Aberta Empreender: envie perguntas, sugest\u00f5es e conte sua hist\u00f3ria de empreendedorismo pelo\u00a0<\/em><a href=\"https:\/\/api.whatsapp.com\/send?phone=5511932796720&amp;PorteiraAbertaEmpreender=SuaMensagem\">WhatsApp<\/a><\/li>\n<\/ul>\n<h2 class=\"wp-block-heading\" id=\"h-visao-de-futuro-e-mercado-direto\"><strong>Vis\u00e3o de futuro e mercado direto<\/strong><\/h2>\n<p>O conhecimento adquirido com os cursos ampliou a vis\u00e3o de Jo\u00e3o Machado sobre gest\u00e3o, comercializa\u00e7\u00e3o e posicionamento de mercado. <\/p>\n<p>Com isso, o agricultor come\u00e7ou a projetar novos caminhos para resolver o problema da comercializa\u00e7\u00e3o. Entre as propostas, est\u00e1 a cria\u00e7\u00e3o de uma estrutura que facilite o escoamento da produ\u00e7\u00e3o da associa\u00e7\u00e3o da qual faz parte. \u201cLogo, logo queremos fazer um tipo de \u2018miniceasa\u2019, para vender nosso produto e escoar tamb\u00e9m por l\u00e1\u201d, adianta o produtor.<\/p>\n<\/p><\/div>\n<p><br \/>\n<br \/><a href=\"https:\/\/www.canalrural.com.br\/empreendedorismo\/para-produtores-rurais-a-comercializacao-ainda-e-o-maior-obstaculo-no-campo\/\">Source link <\/a><\/p>\n","protected":false},"excerpt":{"rendered":"<p>Em Arapongas, Paran\u00e1 (PR), o produtor Jo\u00e3o Machado cultiva tomates cereja org\u00e2nicos em cinco estufas. A rotina no campo \u00e9<\/p>\n","protected":false},"author":1,"featured_media":16978,"comment_status":"open","ping_status":"open","sticky":false,"template":"","format":"standard","meta":{"_monsterinsights_skip_tracking":false,"_monsterinsights_sitenote_active":false,"_monsterinsights_sitenote_note":"","_monsterinsights_sitenote_category":0,"_uf_show_specific_survey":0,"_uf_disable_surveys":false,"footnotes":""},"categories":[1],"tags":[],"class_list":["post-16977","post","type-post","status-publish","format-standard","has-post-thumbnail","hentry","category-news"],"_links":{"self":[{"href":"https:\/\/agromt.news\/index.php?rest_route=\/wp\/v2\/posts\/16977"}],"collection":[{"href":"https:\/\/agromt.news\/index.php?rest_route=\/wp\/v2\/posts"}],"about":[{"href":"https:\/\/agromt.news\/index.php?rest_route=\/wp\/v2\/types\/post"}],"author":[{"embeddable":true,"href":"https:\/\/agromt.news\/index.php?rest_route=\/wp\/v2\/users\/1"}],"replies":[{"embeddable":true,"href":"https:\/\/agromt.news\/index.php?rest_route=%2Fwp%2Fv2%2Fcomments&post=16977"}],"version-history":[{"count":0,"href":"https:\/\/agromt.news\/index.php?rest_route=\/wp\/v2\/posts\/16977\/revisions"}],"wp:featuredmedia":[{"embeddable":true,"href":"https:\/\/agromt.news\/index.php?rest_route=\/wp\/v2\/media\/16978"}],"wp:attachment":[{"href":"https:\/\/agromt.news\/index.php?rest_route=%2Fwp%2Fv2%2Fmedia&parent=16977"}],"wp:term":[{"taxonomy":"category","embeddable":true,"href":"https:\/\/agromt.news\/index.php?rest_route=%2Fwp%2Fv2%2Fcategories&post=16977"},{"taxonomy":"post_tag","embeddable":true,"href":"https:\/\/agromt.news\/index.php?rest_route=%2Fwp%2Fv2%2Ftags&post=16977"}],"curies":[{"name":"wp","href":"https:\/\/api.w.org\/{rel}","templated":true}]}}