{"id":16975,"date":"2025-07-18T07:51:12","date_gmt":"2025-07-18T11:51:12","guid":{"rendered":"https:\/\/agromt.news\/?p=16975"},"modified":"2025-07-18T07:51:12","modified_gmt":"2025-07-18T11:51:12","slug":"conab-vai-adquirir-mandioca-da-safra-2025-em-tres-estados","status":"publish","type":"post","link":"https:\/\/agromt.news\/?p=16975","title":{"rendered":"Conab vai adquirir mandioca da safra 2025 em tr\u00eas estados"},"content":{"rendered":"<p> <br \/>\n<\/p>\n<div>\n<p style=\"text-align:justify\">Produtores e produtoras de farinha e f\u00e9cula de <a href=\"https:\/\/www.agrolink.com.br\/culturas\/mandioca\/?utm_source=agrolink-detalhe-noticia&amp;utm_medium=detalhe-noticia&amp;utm_campaign=links-internos\" target=\"_blank\" rel=\"noopener\">mandioca<\/a> j\u00e1 podem\u00a0 vender seus produtos para o governo federal. A Companhia Nacional de Abastecimento (Conab) est\u00e1 autorizada a comprar at\u00e9 3 mil toneladas de f\u00e9cula e 3,8 mil toneladas de farinha da raiz da safra de 2025. A compra foi autorizada pelos minist\u00e9rios da Agricultura e Pecu\u00e1ria (Mapa) e do Desenvolvimento Agr\u00e1rio e Agricultura Familiar (MDA) e da Fazenda (MF), e conta com recursos de R$ 20 milh\u00f5es.\u00a0&#13;\n<\/p>\n<p style=\"text-align:justify\">A medida atende aos produtores do Paran\u00e1, Mato Grosso do Sul e de S\u00e3o Paulo.\u00a0 A aquisi\u00e7\u00e3o ser\u00e1 realizada por meio do mecanismo de Aquisi\u00e7\u00e3o do Governo Federal (AGF), previsto na Pol\u00edtica de Garantia de Pre\u00e7os M\u00ednimos (PGPM) e tem por objetivo garantir aos produtores rurais o n\u00edvel de rentabilidade dado pelo pre\u00e7o m\u00ednimo, evitando que tenham que comercializar sua produ\u00e7\u00e3o a pre\u00e7os que inviabilizem a atividade econ\u00f4mica.<\/p>\n<p style=\"text-align:justify\">De acordo com o Manual de Opera\u00e7\u00e3o da Companhia, o limite de venda por produtor \u00e9 de 105 toneladas de farinha, ou seja 2.100 sacas de 50 quilos. J\u00e1 para a f\u00e9cula, o limite \u00e9 de 90 toneladas, o que representa 3.600 sacas de 25 quilos. A compra s\u00f3 ser\u00e1 finalizada pela Conab se o produto atender aos padr\u00f5es exigidos. O cereal adquirido dever\u00e1 ser estocado em unidades armazenadoras pr\u00f3prias ou credenciadas pela estatal.&#13;\n<\/p>\n<p style=\"text-align:justify\">Os interessados em vender a farinha ou a f\u00e9cula de mandioca para a Companhia devem estar cadastrados no Sistema de Cadastro Nacional de Produtores Rurais (Sican) e procurar a regional da Conab nos estados atendidos para orienta\u00e7\u00e3o sobre o preenchimento dos formul\u00e1rios exigidos para a opera\u00e7\u00e3o, bem como a apresenta\u00e7\u00e3o de documentos adicionais que se fizerem necess\u00e1rios.<\/p>\n<p style=\"text-align:justify\">A opera\u00e7\u00e3o d\u00e1 prosseguimento \u00e0s a\u00e7\u00f5es de retomada dos estoques p\u00fablicos no pa\u00eds, al\u00e9m de garantir o apoio aos produtores rurais, uma vez que os pre\u00e7os da raiz e da f\u00e9cula de mandioca est\u00e3o abaixo do m\u00ednimo estabelecido pelo governo federal na regi\u00e3o Centro-Sul do pa\u00eds. Esse cen\u00e1rio \u00e9 explicado pelo aumento da oferta da raiz, uma vez que os agricultores intensificaram a colheita para liberar \u00e1reas para arrendamento, aliado aos elevados estoques industriais. Vale destacar que os estados do Paran\u00e1, Mato Grosso do Sul e S\u00e3o Paulo concentram, aproximadamente, 1\/3 da produ\u00e7\u00e3o nacional de raiz de mandioca e respondem por 95,3% da capacidade instalada de produ\u00e7\u00e3o de f\u00e9cula de mandioca no pa\u00eds.&#13;\n<\/p>\n<p style=\"text-align:justify\">Aquisi\u00e7\u00e3o do Governo Federal \u2013 Instrumento da PGPM, a AGF tem o objetivo de apoiar produtores rurais, agricultores familiares e suas cooperativas por meio da aquisi\u00e7\u00e3o de produtos quando o pre\u00e7o de mercado se apresenta inferior ao pre\u00e7o m\u00ednimo estabelecido para a safra vigente. A aquisi\u00e7\u00e3o depende do repasse, pelo Tesouro Nacional, dos recursos necess\u00e1rios \u00e0 operacionaliza\u00e7\u00e3o das aquisi\u00e7\u00f5es.<\/p>\n<\/p><\/div>\n<p><script data-cfasync=\"false\">\n    !function (f, b, e, v, n, t, s) {\n        if (f.fbq) return; n = f.fbq = function () {\n            n.callMethod ?\n                n.callMethod.apply(n, arguments) : n.queue.push(arguments)\n        };\n        if (!f._fbq) f._fbq = n; n.push = n; n.loaded = !0; n.version = '2.0';\n        n.queue = []; t = b.createElement(e); t.async = !0;\n        t.src = v; s = b.getElementsByTagName(e)[0];\n        s.parentNode.insertBefore(t, s)\n    }(window, document, 'script',\n        'https:\/\/connect.facebook.net\/en_US\/fbevents.js');\n    fbq('init', '522546078623747');\n    fbq('track', 'PageView');\n<\/script><br \/>\n<br \/><br \/>\n<br \/><a href=\"https:\/\/www.agrolink.com.br\/noticias\/produtores-de-mandioca-poderao-vender-fecula-e-farinha--da-safra-2025-para-o-governo-federal_504023.html\">Source link <\/a><\/p>\n","protected":false},"excerpt":{"rendered":"<p>Produtores e produtoras de farinha e f\u00e9cula de mandioca j\u00e1 podem\u00a0 vender seus produtos para o governo federal. A Companhia<\/p>\n","protected":false},"author":1,"featured_media":16976,"comment_status":"open","ping_status":"open","sticky":false,"template":"","format":"standard","meta":{"_monsterinsights_skip_tracking":false,"_monsterinsights_sitenote_active":false,"_monsterinsights_sitenote_note":"","_monsterinsights_sitenote_category":0,"_uf_show_specific_survey":0,"_uf_disable_surveys":false,"footnotes":""},"categories":[8,1,14],"tags":[],"class_list":["post-16975","post","type-post","status-publish","format-standard","has-post-thumbnail","hentry","category-agro","category-news","category-politica-agro"],"_links":{"self":[{"href":"https:\/\/agromt.news\/index.php?rest_route=\/wp\/v2\/posts\/16975"}],"collection":[{"href":"https:\/\/agromt.news\/index.php?rest_route=\/wp\/v2\/posts"}],"about":[{"href":"https:\/\/agromt.news\/index.php?rest_route=\/wp\/v2\/types\/post"}],"author":[{"embeddable":true,"href":"https:\/\/agromt.news\/index.php?rest_route=\/wp\/v2\/users\/1"}],"replies":[{"embeddable":true,"href":"https:\/\/agromt.news\/index.php?rest_route=%2Fwp%2Fv2%2Fcomments&post=16975"}],"version-history":[{"count":0,"href":"https:\/\/agromt.news\/index.php?rest_route=\/wp\/v2\/posts\/16975\/revisions"}],"wp:featuredmedia":[{"embeddable":true,"href":"https:\/\/agromt.news\/index.php?rest_route=\/wp\/v2\/media\/16976"}],"wp:attachment":[{"href":"https:\/\/agromt.news\/index.php?rest_route=%2Fwp%2Fv2%2Fmedia&parent=16975"}],"wp:term":[{"taxonomy":"category","embeddable":true,"href":"https:\/\/agromt.news\/index.php?rest_route=%2Fwp%2Fv2%2Fcategories&post=16975"},{"taxonomy":"post_tag","embeddable":true,"href":"https:\/\/agromt.news\/index.php?rest_route=%2Fwp%2Fv2%2Ftags&post=16975"}],"curies":[{"name":"wp","href":"https:\/\/api.w.org\/{rel}","templated":true}]}}