{"id":16970,"date":"2025-07-18T03:51:48","date_gmt":"2025-07-18T07:51:48","guid":{"rendered":"https:\/\/agromt.news\/?p=16970"},"modified":"2025-07-18T03:51:48","modified_gmt":"2025-07-18T07:51:48","slug":"embrapa-destaca-papel-do-controle-biologico-no-brasil-agrochemshow","status":"publish","type":"post","link":"https:\/\/agromt.news\/?p=16970","title":{"rendered":"Embrapa destaca papel do controle biol\u00f3gico no Brasil AgroChemShow"},"content":{"rendered":"<p> <br \/>\n<\/p>\n<div>\n<p style=\"text-align:justify\"><em>\u2022<span style=\"white-space:pre\"> <\/span>Controle biol\u00f3gico de pragas ganha espa\u00e7o no agro brasileiro, mas ainda enfrenta entraves t\u00e9cnicos e regulat\u00f3rios<\/em><\/p>\n<p style=\"text-align:justify\"><em>\u2022<span style=\"white-space:pre\"> <\/span>Compatibilidade entre bioinsumos e agroqu\u00edmicos \u00e9 vista como essencial para ado\u00e7\u00e3o em larga escala<\/em><\/p>\n<p style=\"text-align:justify\"><em>\u2022<span style=\"white-space:pre\"> <\/span>Evento internacional reunir\u00e1 mais de 1.200 profissionais e 70 expositores nos dias 12 e 13 de agosto, em S\u00e3o Paulo<\/em><\/p>\n<p style=\"text-align:justify\"><em>\u2022<span style=\"white-space:pre\"> <\/span>Palestra do pesquisador Marcos Faria refor\u00e7a a presen\u00e7a da Embrapa no debate sobre inova\u00e7\u00e3o e sustentabilidade no campo<\/em><\/p>\n<div style=\"text-align:justify\">O avan\u00e7o do controle biol\u00f3gico como estrat\u00e9gia sustent\u00e1vel no agroneg\u00f3cio brasileiro tem gerado expectativas e exigido articula\u00e7\u00f5es in\u00e9ditas entre segmentos do setor. A necessidade de compatibilizar o uso de bioinsumos com defensivos qu\u00edmicos ser\u00e1 tema da palestra do entomologista Marcos Faria, pesquisador da Embrapa Recursos Gen\u00e9ticos e Biotecnologia, lotado na Embrapa Meio Ambiente, durante o <a href=\"http:\/\/allierbrasil.com.br\/agrochemshow\">16\u00ba Brasil AgroChemShow<\/a>, marcado para os dias 12 e 13 de agosto, no Expo Center Norte, em S\u00e3o Paulo, e um dos objetivos \u00e9 a discuss\u00e3o de tend\u00eancias na \u00e1rea de bioinsumos.<\/p>\n<\/div>\n<p>\u00a0<\/p>\n<p>Reconhecido por sua atua\u00e7\u00e3o em pesquisa aplicada ao manejo de pragas, Faria vai destacar os principais gargalos e as oportunidades no uso de agentes biol\u00f3gicos no campo. Ele alerta que, apesar do crescimento expressivo, o setor ainda enfrenta obst\u00e1culos t\u00e9cnicos, regulat\u00f3rios e de mercado. \u201cO controle biol\u00f3gico vem experimentando um crescimento vertiginoso nos \u00faltimos anos, mas h\u00e1 grandes desafios para que o ritmo atual seja mantido\u201d, afirma.<\/p>\n<p>\u00a0<\/p>\n<p>Entre os pontos cr\u00edticos apontados pelo pesquisador est\u00e1 a qualidade de parte dos produtos comerciais atualmente dispon\u00edveis. \u201cMuitos deles ainda apresentam desempenho inferior ao esperado em campo\u201d, afirma. Outro desafio diz respeito \u00e0 compatibilidade entre bioinsumos e agroqu\u00edmicos, sobretudo quando usados em misturas de tanque \u2014 pr\u00e1tica comum no manejo integrado. Para superar esse entrave, Faria defende a amplia\u00e7\u00e3o do di\u00e1logo com a ind\u00fastria de defensivos qu\u00edmicos: \u201cSem essa integra\u00e7\u00e3o, o controle biol\u00f3gico n\u00e3o alcan\u00e7ar\u00e1 todo o seu potencial\u201d.<\/p>\n<p>\u00a0<\/p>\n<div style=\"text-align:justify\">A participa\u00e7\u00e3o da Embrapa no evento refor\u00e7a o protagonismo da institui\u00e7\u00e3o nas discuss\u00f5es sobre inova\u00e7\u00e3o tecnol\u00f3gica e sustentabilidade no agroneg\u00f3cio. A palestra de Faria est\u00e1 inserida em uma programa\u00e7\u00e3o voltada ao debate t\u00e9cnico sobre solu\u00e7\u00f5es integradas para o campo, promovendo a troca de experi\u00eancias entre pesquisadores, empresas e tomadores de decis\u00e3o.<\/p>\n<\/div>\n<p>\u00a0<\/p>\n<div style=\"text-align:justify\">O <a href=\"http:\/\/allierbrasil.com.br\/agrochemshow\">16\u00ba Brasil AgroChemShow<\/a> \u00e9 organizado pela AllierBrasil em parceria com a CCPIT Chem-China e \u00e9 considerado uma das principais vitrines de tecnologias e tend\u00eancias do setor de agroqu\u00edmicos, fertilizantes e bioinsumos da Am\u00e9rica Latina. A edi\u00e7\u00e3o deste ano contar\u00e1 com mais de 70 expositores e a participa\u00e7\u00e3o de cerca de 1.200 profissionais de toda a cadeia agr\u00edcola \u2014 incluindo representantes da China, \u00cdndia, Jap\u00e3o, Estados Unidos, Europa e Am\u00e9rica Latina.<\/div>\n<p>\u00a0<\/p>\n<p>Al\u00e9m das exposi\u00e7\u00f5es, a programa\u00e7\u00e3o inclui palestras t\u00e9cnicas com tradu\u00e7\u00e3o simult\u00e2nea em portugu\u00eas, ingl\u00eas e mandarim. O objetivo \u00e9 promover o interc\u00e2mbio internacional de informa\u00e7\u00f5es sobre tecnologias agr\u00edcolas, regulamenta\u00e7\u00e3o, mercado e sustentabilidade, aproximando o Brasil de centros globais de inova\u00e7\u00e3o.<\/p>\n<p>\u00a0<\/p>\n<div style=\"text-align:justify\">O crescimento da ado\u00e7\u00e3o do controle biol\u00f3gico no pa\u00eds reflete um movimento global em busca de pr\u00e1ticas agr\u00edcolas mais sustent\u00e1veis, capazes de reduzir os impactos ambientais dos defensivos qu\u00edmicos convencionais. No Brasil, iniciativas p\u00fablicas e privadas v\u00eam impulsionando o uso de bioinsumos, mas a consolida\u00e7\u00e3o do setor depende de avan\u00e7os coordenados entre ci\u00eancia, ind\u00fastria e regula\u00e7\u00e3o.<\/p>\n<\/div>\n<p>\u00a0<\/p>\n<p>Para a Embrapa, o caminho est\u00e1 na constru\u00e7\u00e3o de solu\u00e7\u00f5es integradas que dialoguem com a realidade do agricultor. \u201cN\u00e3o se trata de substituir totalmente os agroqu\u00edmicos, mas de combin\u00e1-los com tecnologias biol\u00f3gicas de forma estrat\u00e9gica, segura e eficiente\u201d, resume Marcos Faria. Segundo ele, isso exige n\u00e3o apenas produtos de alta qualidade, mas tamb\u00e9m informa\u00e7\u00e3o, capacita\u00e7\u00e3o e mudan\u00e7as na mentalidade de produtores e t\u00e9cnicos.<\/p>\n<p>\u00a0<\/p>\n<div style=\"text-align:justify\">As inscri\u00e7\u00f5es para o Brasil AgroChemShow j\u00e1 est\u00e3o abertas e podem ser feitas no <a href=\"http:\/\/allierbrasil.com.br\/agrochemshow\">site do evento<\/a>. O evento representa uma oportunidade para atualizar conhecimentos, ampliar redes de contato e acompanhar as transforma\u00e7\u00f5es do mercado agroqu\u00edmico nacional e internacional.<\/div>\n<p>\u00a0<\/p>\n<p>SERVI\u00c7O<\/p>\n<p>16\u00ba Brasil AgroChemShow<\/p>\n<p>Data: 12 e 13 de agosto de 2025<\/p>\n<p>Local: Expo Center Norte, S\u00e3o Paulo (SP)<\/p>\n<p style=\"text-align:justify\">\u00a0<\/p>\n<\/p><\/div>\n<p><script data-cfasync=\"false\">\n    !function (f, b, e, v, n, t, s) {\n        if (f.fbq) return; n = f.fbq = function () {\n            n.callMethod ?\n                n.callMethod.apply(n, arguments) : n.queue.push(arguments)\n        };\n        if (!f._fbq) f._fbq = n; n.push = n; n.loaded = !0; n.version = '2.0';\n        n.queue = []; t = b.createElement(e); t.async = !0;\n        t.src = v; s = b.getElementsByTagName(e)[0];\n        s.parentNode.insertBefore(t, s)\n    }(window, document, 'script',\n        'https:\/\/connect.facebook.net\/en_US\/fbevents.js');\n    fbq('init', '522546078623747');\n    fbq('track', 'PageView');\n<\/script><br \/>\n<br \/><br \/>\n<br \/><a href=\"https:\/\/www.agrolink.com.br\/noticias\/embrapa-destaca-papel-do-controle-biologico-no-brasil-agrochemshow_504025.html\">Source link <\/a><\/p>\n","protected":false},"excerpt":{"rendered":"<p>\u2022 Controle biol\u00f3gico de pragas ganha espa\u00e7o no agro brasileiro, mas ainda enfrenta entraves t\u00e9cnicos e regulat\u00f3rios \u2022 Compatibilidade entre<\/p>\n","protected":false},"author":1,"featured_media":1192,"comment_status":"open","ping_status":"open","sticky":false,"template":"","format":"standard","meta":{"_monsterinsights_skip_tracking":false,"_monsterinsights_sitenote_active":false,"_monsterinsights_sitenote_note":"","_monsterinsights_sitenote_category":0,"_uf_show_specific_survey":0,"_uf_disable_surveys":false,"footnotes":""},"categories":[8,1,14],"tags":[],"class_list":["post-16970","post","type-post","status-publish","format-standard","has-post-thumbnail","hentry","category-agro","category-news","category-politica-agro"],"_links":{"self":[{"href":"https:\/\/agromt.news\/index.php?rest_route=\/wp\/v2\/posts\/16970"}],"collection":[{"href":"https:\/\/agromt.news\/index.php?rest_route=\/wp\/v2\/posts"}],"about":[{"href":"https:\/\/agromt.news\/index.php?rest_route=\/wp\/v2\/types\/post"}],"author":[{"embeddable":true,"href":"https:\/\/agromt.news\/index.php?rest_route=\/wp\/v2\/users\/1"}],"replies":[{"embeddable":true,"href":"https:\/\/agromt.news\/index.php?rest_route=%2Fwp%2Fv2%2Fcomments&post=16970"}],"version-history":[{"count":0,"href":"https:\/\/agromt.news\/index.php?rest_route=\/wp\/v2\/posts\/16970\/revisions"}],"wp:featuredmedia":[{"embeddable":true,"href":"https:\/\/agromt.news\/index.php?rest_route=\/wp\/v2\/media\/1192"}],"wp:attachment":[{"href":"https:\/\/agromt.news\/index.php?rest_route=%2Fwp%2Fv2%2Fmedia&parent=16970"}],"wp:term":[{"taxonomy":"category","embeddable":true,"href":"https:\/\/agromt.news\/index.php?rest_route=%2Fwp%2Fv2%2Fcategories&post=16970"},{"taxonomy":"post_tag","embeddable":true,"href":"https:\/\/agromt.news\/index.php?rest_route=%2Fwp%2Fv2%2Ftags&post=16970"}],"curies":[{"name":"wp","href":"https:\/\/api.w.org\/{rel}","templated":true}]}}