{"id":16968,"date":"2025-07-18T02:13:48","date_gmt":"2025-07-18T06:13:48","guid":{"rendered":"https:\/\/agromt.news\/?p=16968"},"modified":"2025-07-18T02:13:48","modified_gmt":"2025-07-18T06:13:48","slug":"mercado-do-acucar-mantem-vies-de-baixa-neste-primeiro-dia-de-julho","status":"publish","type":"post","link":"https:\/\/agromt.news\/?p=16968","title":{"rendered":"Mercado do a\u00e7\u00facar mant\u00e9m vi\u00e9s de baixa neste primeiro dia de julho"},"content":{"rendered":"<p> <br \/>\n<\/p>\n<div>\n<p><img decoding=\"async\" alt=\"Logotipo Not&#xED;cias Agr&#xED;colas\" height=\"21\" src=\"https:\/\/cdn.noticiasagricolas.com.br\/dbimagens\/e12363a00741f9cc7caf23469101a4aa.png\" width=\"106\"\/><\/p>\n<p>Nesta ter\u00e7a-feira (1), o mercado do a\u00e7\u00facar segue pressionado, refletindo as incertezas sobre a demanda global e a expectativa de excedente na oferta. Os contratos com vencimento em outubro\/25 s\u00e3o negociados a 15,80 cents de d\u00f3lar por libra-peso na Bolsa de Nova Iorque, com queda de 2,47%, enquanto o mar\u00e7o\/26 recua 2,13%, cotado a 16,58 cents.<\/p>\n<p>A forte retra\u00e7\u00e3o come\u00e7ou ainda na segunda-feira, quando o a\u00e7\u00facar em NY atingiu a m\u00ednima dos \u00faltimos 4 anos e meio, com destaque para a liquida\u00e7\u00e3o do contrato de julho diante da perspectiva de grandes entregas antes do vencimento. A consultoria Czarnikow agravou o cen\u00e1rio ao projetar um super\u00e1vit global de 7,5 milh\u00f5es de toneladas para 2025\/26 \u2014 o maior em oito anos.<\/p>\n<p>No Brasil, os n\u00fameros da UNICA (Uni\u00e3o da Ind\u00fastria de Cana-de-A\u00e7\u00facar) apontam retra\u00e7\u00e3o nas atividades. Na primeira quinzena de junho, a moagem no Centro-Sul somou 38,78 milh\u00f5es de toneladas, queda de 21,49% ante as 49,40 milh\u00f5es do mesmo per\u00edodo da safra passada. No acumulado at\u00e9 16 de junho, o total processado \u00e9 de 163,58 milh\u00f5es de toneladas, recuo de 14,33% na compara\u00e7\u00e3o anual.<\/p>\n<p>Atualmente, 255 unidades est\u00e3o em opera\u00e7\u00e3o na regi\u00e3o, n\u00famero pr\u00f3ximo ao registrado em 2024, embora as condi\u00e7\u00f5es clim\u00e1ticas estejam dificultando a colheita. \u201cJ\u00e1 operamos com 95% da capacidade ativa, mas o volume colhido est\u00e1 abaixo da m\u00e9dia devido ao excesso de umidade\u201d, explica Luciano Rodrigues, diretor de Intelig\u00eancia Setorial da UNICA.<\/p>\n<p>O indicador de qualidade da mat\u00e9ria-prima tamb\u00e9m recuou. O ATR (A\u00e7\u00facares Totais Recuper\u00e1veis) atingiu 128,66 kg por tonelada de cana na primeira quinzena de junho, contra 134,55 kg\/t no mesmo per\u00edodo de 2024, queda de 4,37%. No acumulado da safra, a retra\u00e7\u00e3o \u00e9 de 4,54%.<\/p>\n<p>A produ\u00e7\u00e3o de a\u00e7\u00facar na quinzena somou 2,45 milh\u00f5es de toneladas, 22,12% inferior aos 3,15 milh\u00f5es de toneladas do ano anterior. No acumulado, a produ\u00e7\u00e3o totaliza 9,40 milh\u00f5es de toneladas, ante 11,02 milh\u00f5es no ciclo anterior (-14,63%).<\/p>\n<p>J\u00e1 a produ\u00e7\u00e3o de etanol caiu 17,97% para o hidratado e 26,97% para o anidro na primeira quinzena de junho. No acumulado da safra, os n\u00fameros mostram recuo de 14,21%, com produ\u00e7\u00e3o total de 7,50 bilh\u00f5es de litros, 4,94 bilh\u00f5es de hidratado e 2,56 bilh\u00f5es de anidro.<\/p>\n<p>No mercado spot paulista, o a\u00e7\u00facar cristal branco registrou seu menor pre\u00e7o nominal desde julho de 2021. Na sexta-feira (27), o Indicador CEPEA\/ESALQ (Icumsa 130-180) fechou em R$ 117,00\/saca de 50 kg, acumulando queda de 4,4% na semana. Mesmo com o cen\u00e1rio de baixa, o produto ainda \u00e9 mais rent\u00e1vel no mercado interno que nas exporta\u00e7\u00f5es.<\/p>\n<p>Por outro lado, o etanol encerrou o m\u00eas em alta. Entre 23 e 27 de junho, o etanol hidratado subiu 1,57%, com o Indicador CEPEA\/ESALQ em R$ 2,6099\/litro (l\u00edquido de ICMS e PIS\/Cofins). O etanol anidro teve alta de 2,84%, cotado a R$ 2,9962\/litro. Segundo o CEPEA, fatores como chuvas, geadas, aumento da mistura obrigat\u00f3ria do anidro para 30% e maior volume de vendas nas usinas sustentaram os pre\u00e7os.<\/p>\n<p>\u00a0<\/p>\n<\/p><\/div>\n<p><script async defer src=\"https:\/\/connect.facebook.net\/en_US\/sdk.js\"><\/script><script>\n  !function(f,b,e,v,n,t,s)\n  {if(f.fbq)return;n=f.fbq=function(){n.callMethod?\n    n.callMethod.apply(n,arguments):n.queue.push(arguments)};\n    if(!f._fbq)f._fbq=n;n.push=n;n.loaded=!0;n.version='2.0';\n    n.queue=[];t=b.createElement(e);t.async=!0;\n    t.src=v;s=b.getElementsByTagName(e)[0];\n    s.parentNode.insertBefore(t,s)}(window, document,'script',\n    'https:\/\/connect.facebook.net\/en_US\/fbevents.js');\n  fbq('init', '153495679422335');\n  fbq('track', 'PageView');\n<\/script><br \/>\n<br \/><br \/>\n<br \/><a href=\"https:\/\/www.noticiasagricolas.com.br\/noticias\/sucroenergetico\/403247-mercado-do-acucar-mantem-vies-de-baixa-neste-primeiro-dia-de-julho.html\">Source link <\/a><\/p>\n","protected":false},"excerpt":{"rendered":"<p>Nesta ter\u00e7a-feira (1), o mercado do a\u00e7\u00facar segue pressionado, refletindo as incertezas sobre a demanda global e a expectativa de<\/p>\n","protected":false},"author":1,"featured_media":16969,"comment_status":"open","ping_status":"open","sticky":false,"template":"","format":"standard","meta":{"_monsterinsights_skip_tracking":false,"_monsterinsights_sitenote_active":false,"_monsterinsights_sitenote_note":"","_monsterinsights_sitenote_category":0,"_uf_show_specific_survey":0,"_uf_disable_surveys":false,"footnotes":""},"categories":[8,1,14,16],"tags":[],"class_list":["post-16968","post","type-post","status-publish","format-standard","has-post-thumbnail","hentry","category-agro","category-news","category-politica-agro","category-safra"],"_links":{"self":[{"href":"https:\/\/agromt.news\/index.php?rest_route=\/wp\/v2\/posts\/16968"}],"collection":[{"href":"https:\/\/agromt.news\/index.php?rest_route=\/wp\/v2\/posts"}],"about":[{"href":"https:\/\/agromt.news\/index.php?rest_route=\/wp\/v2\/types\/post"}],"author":[{"embeddable":true,"href":"https:\/\/agromt.news\/index.php?rest_route=\/wp\/v2\/users\/1"}],"replies":[{"embeddable":true,"href":"https:\/\/agromt.news\/index.php?rest_route=%2Fwp%2Fv2%2Fcomments&post=16968"}],"version-history":[{"count":0,"href":"https:\/\/agromt.news\/index.php?rest_route=\/wp\/v2\/posts\/16968\/revisions"}],"wp:featuredmedia":[{"embeddable":true,"href":"https:\/\/agromt.news\/index.php?rest_route=\/wp\/v2\/media\/16969"}],"wp:attachment":[{"href":"https:\/\/agromt.news\/index.php?rest_route=%2Fwp%2Fv2%2Fmedia&parent=16968"}],"wp:term":[{"taxonomy":"category","embeddable":true,"href":"https:\/\/agromt.news\/index.php?rest_route=%2Fwp%2Fv2%2Fcategories&post=16968"},{"taxonomy":"post_tag","embeddable":true,"href":"https:\/\/agromt.news\/index.php?rest_route=%2Fwp%2Fv2%2Ftags&post=16968"}],"curies":[{"name":"wp","href":"https:\/\/api.w.org\/{rel}","templated":true}]}}