{"id":16964,"date":"2025-07-17T21:43:22","date_gmt":"2025-07-18T01:43:22","guid":{"rendered":"https:\/\/agromt.news\/?p=16964"},"modified":"2025-07-17T21:43:22","modified_gmt":"2025-07-18T01:43:22","slug":"mercado-de-cebola-ganha-reforco-estrategico","status":"publish","type":"post","link":"https:\/\/agromt.news\/?p=16964","title":{"rendered":"Mercado de cebola ganha refor\u00e7o estrat\u00e9gico"},"content":{"rendered":"<p> <br \/>\n<\/p>\n<div>\n<div class=\"row\">\n<div class=\"col-lg col-infos mt-0 mt-lg-0\">\n<div class=\"section-sub-title\">\n<p itemprop=\"description\">&#13;<br \/>\n                                A expectativa \u00e9 que a uni\u00e3o fortale\u00e7a o setor como um todo&#13;\n                            <\/p>\n<\/p><\/div>\n<div class=\"container\">\n<div class=\"row\">\n<div class=\"col-lg p-0\">\n<div>\n<div class=\"block-news-main-infos mt-3 text-start\">\n<p>                                            <strong class=\"fn\" itemprop=\"author\" style=\"color: rgb(112, 112, 112); \">&#13;<br \/>\n                                                <a href=\"https:\/\/www.agrolink.com.br\/noticias\/javascript:;\" class=\"text-uppercase\" target=\"_blank\" style=\"color: rgb(112, 112, 112); \" rel=\"noopener\">Agrolink<\/a>&#13;<br \/>\n&#13;<br \/>\n                                                    &#8211; Leonardo Gottems&#13;<br \/>\n&#13;<br \/>\n                                            <\/strong><br \/>\n                                        <\/p>\n<p>                                            <abbr><time datetime=\"2025-07-17T11:11\" itemprop=\"datePublished dateModified\">Publicado em 17\/07\/2025 \u00e0s 11:11h.<\/time><\/abbr><br \/>\n                                            <\/p><\/div>\n<\/p><\/div>\n<\/p><\/div>\n<div class=\"col-lg p-0 text-lg-end\">\n<div>\n<div id=\"mdEnviarPagina\" class=\"modal fade\" role=\"dialog\">\n<div class=\"modal-dialog\">\n<div class=\"modal-content\">\n<div class=\"modal-body\">\n<p><strong>Estimado usu\u00e1rio.<\/strong><br \/>Preencha o formul\u00e1rio abaixo para remeter a p\u00e1gina.<\/p>\n<\/p><\/div>\n<\/p><\/div>\n<\/p><\/div>\n<\/div><\/div>\n<\/p><\/div>\n<\/p><\/div>\n<\/p><\/div>\n<\/p><\/div>\n<\/p><\/div>\n<div class=\"row justify-content-md-center mt-3\">\n<div class=\"col-lg-auto col-image block-news-main-image\">\n<p>                                <img decoding=\"async\" src=\"https:\/\/www.agrolink.com.br\/upload\/imagens-resizes\/df13c771e7894c82b11f07efdb555dbd_858x483.jpg\" class=\"lazyload img-fluid\" alt=\"A expectativa \u00e9 que a uni\u00e3o fortale\u00e7a o setor como um todo\"\/><br \/>\n                                                <span class=\"d-block mt-1\">A expectativa \u00e9 que a uni\u00e3o fortale\u00e7a o setor como um todo &#8211; Foto: Pixabay<\/span><\/p><\/div>\n<\/p><\/div>\n<div class=\"section-description section-description-noticias mt-3\">\n<p>A Sakata Seed Sudamerica anunciou a aquisi\u00e7\u00e3o total da Agritu Sementes, com sede em Ituporanga (SC), conclu\u00edda em 30 de maio de 2025. A negocia\u00e7\u00e3o foi feita por meio da Sakata Seed Corporation e representa um movimento estrat\u00e9gico para ampliar a atua\u00e7\u00e3o da companhia no mercado sul-americano de cebolas.&#13;\n<\/p>\n<p>Segundo informa\u00e7\u00f5es da empresa, a incorpora\u00e7\u00e3o da Agritu trar\u00e1 um refor\u00e7o relevante ao portf\u00f3lio da Sakata, com destaque para a expans\u00e3o da oferta de variedades de alta performance. Com 30 anos de atua\u00e7\u00e3o, a Agritu \u00e9 reconhecida pela expertise na cebolicultura, investindo constantemente em tecnologia, estrutura e qualifica\u00e7\u00e3o profissional.<\/p>\n<p>\u201cSaber que a nossa expertise acumulada ao longo de muitos anos no segmento da cebolicultura, na constru\u00e7\u00e3o de uma marca de alto valor para o mercado regional, ter\u00e1 o seu potencial ampliado para alcan\u00e7ar novos patamares, nos deixa muito satisfeitos e seguros acerca desta decis\u00e3o. E, tudo isto, potencializando a qualidade, a confian\u00e7a e o foco em inova\u00e7\u00e3o que nos trouxeram at\u00e9 aqui, valores compartilhados com a Sakata, que certamente trar\u00e3o in\u00fameros benef\u00edcios para os nossos clientes, parceiros e colaboradores\u201d, destacam Arno Zimmermann e Sebasti\u00e3o M\u00fcller, co-fundadores da Agritu.&#13;\n<\/p>\n<p>Mesmo ap\u00f3s a aquisi\u00e7\u00e3o, ambas as empresas manter\u00e3o suas opera\u00e7\u00f5es e marcas de forma independente, respeitando os v\u00ednculos com colaboradores, clientes e fornecedores. O objetivo \u00e9 preservar as identidades constru\u00eddas e potencializar os pontos fortes de cada uma.<\/p>\n<p>A expectativa \u00e9 que a uni\u00e3o fortale\u00e7a o setor como um todo, com o lan\u00e7amento de novas cultivares e amplia\u00e7\u00e3o da cobertura aos produtores da Am\u00e9rica do Sul. Nos pr\u00f3ximos meses, Sakata e Agritu realizar\u00e3o comunica\u00e7\u00f5es diretas com seus p\u00fablicos para esclarecer os pr\u00f3ximos passos da integra\u00e7\u00e3o.<br \/>&#13;<br \/>\n\u00a0&#13;\n<\/p>\n<\/p><\/div>\n<\/p><\/div>\n<p><script data-cfasync=\"false\">\n    !function (f, b, e, v, n, t, s) {\n        if (f.fbq) return; n = f.fbq = function () {\n            n.callMethod ?\n                n.callMethod.apply(n, arguments) : n.queue.push(arguments)\n        };\n        if (!f._fbq) f._fbq = n; n.push = n; n.loaded = !0; n.version = '2.0';\n        n.queue = []; t = b.createElement(e); t.async = !0;\n        t.src = v; s = b.getElementsByTagName(e)[0];\n        s.parentNode.insertBefore(t, s)\n    }(window, document, 'script',\n        'https:\/\/connect.facebook.net\/en_US\/fbevents.js');\n    fbq('init', '522546078623747');\n    fbq('track', 'PageView');\n<\/script><br \/>\n<br \/><br \/>\n<br \/><a href=\"https:\/\/www.agrolink.com.br\/noticias\/mercado-de-cebola-ganha-reforco-estrategico_504033.html\">Source link <\/a><\/p>\n","protected":false},"excerpt":{"rendered":"<p>&#13; A expectativa \u00e9 que a uni\u00e3o fortale\u00e7a o setor como um todo&#13; &#13; Agrolink&#13; &#13; &#8211; Leonardo Gottems&#13; &#13;<\/p>\n","protected":false},"author":1,"featured_media":5309,"comment_status":"open","ping_status":"open","sticky":false,"template":"","format":"standard","meta":{"_monsterinsights_skip_tracking":false,"_monsterinsights_sitenote_active":false,"_monsterinsights_sitenote_note":"","_monsterinsights_sitenote_category":0,"_uf_show_specific_survey":0,"_uf_disable_surveys":false,"footnotes":""},"categories":[8,1,14],"tags":[],"class_list":["post-16964","post","type-post","status-publish","format-standard","has-post-thumbnail","hentry","category-agro","category-news","category-politica-agro"],"_links":{"self":[{"href":"https:\/\/agromt.news\/index.php?rest_route=\/wp\/v2\/posts\/16964"}],"collection":[{"href":"https:\/\/agromt.news\/index.php?rest_route=\/wp\/v2\/posts"}],"about":[{"href":"https:\/\/agromt.news\/index.php?rest_route=\/wp\/v2\/types\/post"}],"author":[{"embeddable":true,"href":"https:\/\/agromt.news\/index.php?rest_route=\/wp\/v2\/users\/1"}],"replies":[{"embeddable":true,"href":"https:\/\/agromt.news\/index.php?rest_route=%2Fwp%2Fv2%2Fcomments&post=16964"}],"version-history":[{"count":0,"href":"https:\/\/agromt.news\/index.php?rest_route=\/wp\/v2\/posts\/16964\/revisions"}],"wp:featuredmedia":[{"embeddable":true,"href":"https:\/\/agromt.news\/index.php?rest_route=\/wp\/v2\/media\/5309"}],"wp:attachment":[{"href":"https:\/\/agromt.news\/index.php?rest_route=%2Fwp%2Fv2%2Fmedia&parent=16964"}],"wp:term":[{"taxonomy":"category","embeddable":true,"href":"https:\/\/agromt.news\/index.php?rest_route=%2Fwp%2Fv2%2Fcategories&post=16964"},{"taxonomy":"post_tag","embeddable":true,"href":"https:\/\/agromt.news\/index.php?rest_route=%2Fwp%2Fv2%2Ftags&post=16964"}],"curies":[{"name":"wp","href":"https:\/\/api.w.org\/{rel}","templated":true}]}}