{"id":16953,"date":"2025-07-17T17:33:27","date_gmt":"2025-07-17T21:33:27","guid":{"rendered":"https:\/\/agromt.news\/?p=16953"},"modified":"2025-07-17T17:33:27","modified_gmt":"2025-07-17T21:33:27","slug":"saiba-as-cotacoes-da-soja-em-dia-de-alta-em-chicago","status":"publish","type":"post","link":"https:\/\/agromt.news\/?p=16953","title":{"rendered":"Saiba as cota\u00e7\u00f5es da soja em dia de alta em Chicago"},"content":{"rendered":"<p> <br \/>\n<br \/><img decoding=\"async\" src=\"https:\/\/agromt.news\/wp-content\/uploads\/2024\/11\/Inflacao-e-gastos-publicos-o-que-esperar-do-proximo-ano.jpg\" \/><\/p>\n<div>\n<p>O <a href=\"https:\/\/www.canalrural.com.br\/?s=soja\">mercado <\/a>brasileiro de soja registrou movimenta\u00e7\u00e3o nesta quinta-feira (17), com volume expressivo de neg\u00f3cios tanto nos portos quanto nas pra\u00e7as do interior. De acordo com o analista Rafael Silveira, da consultoria <a href=\"https:\/\/safras.com.br\/\">Safras &amp; Mercado<\/a>, a combina\u00e7\u00e3o entre valoriza\u00e7\u00e3o na Bolsa de Chicago e recuo do d\u00f3lar ao longo do dia incentivou os produtores a comercializar o gr\u00e3o.<\/p>\n<ul class=\"wp-block-list\">\n<li><strong><em>Fique por dentro das novidades e not\u00edcias recentes sobre a soja! Participe da nossa comunidade atrav\u00e9s do\u00a0<a href=\"https:\/\/chat.whatsapp.com\/BmMRwA0TZ2DHGyhzoaVEWu\">link<\/a>! \ud83c\udf31<\/em><\/strong><\/li>\n<\/ul>\n<p>Os pr\u00eamios nos portos se mantiveram relativamente est\u00e1veis, sustentados por uma demanda s\u00f3lida. No interior do pa\u00eds, o basis permaneceu fortalecido, o que tamb\u00e9m contribuiu para a liquidez. \u201cComo resultado, tivemos um spread positivo e um dia de forte movimenta\u00e7\u00e3o no mercado\u201d, avalia Silveira.<\/p>\n<h2 class=\"wp-block-heading\" id=\"h-soja-no-brasil\">Soja no Brasil<\/h2>\n<ul class=\"wp-block-list\">\n<li><strong>Passo Fundo (RS)<\/strong>: manteve em R$ 132,00<\/li>\n<li><strong>Santa Rosa (RS)<\/strong>: caiu de R$ 133,00 pra R$ 132,00<\/li>\n<li><strong>Rio Grande (RS)<\/strong>: manteve em R$ 140,00<\/li>\n<li><strong>Cascavel (PR)<\/strong>: manteve em R$ 131,00<\/li>\n<li><strong>Paranagu\u00e1 (PR)<\/strong>: subiu de R$ 138,00 pra R$ 139,00<\/li>\n<li><strong>Rondon\u00f3polis (MT)<\/strong>: manteve em R$ 120,00<\/li>\n<li><strong>Dourados (MS)<\/strong>: subiu de R$ 122,00 pra R$ 125,00<\/li>\n<li><strong>Rio Verde (GO)<\/strong>: manteve em R$ 122,00<\/li>\n<\/ul>\n<h2 class=\"wp-block-heading\" id=\"h-chicago\">Chicago<\/h2>\n<p>Os contratos futuros da soja negociados na Bolsa de Mercadorias de Chicago (CBOT) fecharam o dia em alta, ap\u00f3s uma semana de perdas. A recupera\u00e7\u00e3o foi puxada por compras t\u00e9cnicas, impulsionadas pelo apetite por risco nos mercados internacionais e pela valoriza\u00e7\u00e3o do \u00f3leo de soja e do petr\u00f3leo.<\/p>\n<\/div>\n<div>\n<p>As exporta\u00e7\u00f5es semanais norte-americanas tamb\u00e9m deram suporte ao movimento, com 503 mil toneladas embarcadas para a temporada 2024\/25 e mais 248,4 mil para 2025\/26 dentro das expectativas dos analistas.<\/p>\n<h2 class=\"wp-block-heading\" id=\"h-contratos-futuros-de-soja\">Contratos futuros de soja <\/h2>\n<p>O contrato da soja em gr\u00e3o para agosto subiu 8,00 centavos de d\u00f3lar, a US$ 10,12 por bushel. A posi\u00e7\u00e3o novembro teve alta de 6,00 centavos, cotada a US$ 10,26 \u00bd por bushel.<\/p>\n<p>Nos subprodutos, o farelo de soja para agosto avan\u00e7ou US$ 0,30, a US$ 268,70 por tonelada. O \u00f3leo de soja, no mesmo vencimento, subiu 1,40 centavo, fechando a 56,22 centavos de d\u00f3lar por libra-peso.<\/p>\n<h2 class=\"wp-block-heading\" id=\"h-cambio\">C\u00e2mbio<\/h2>\n<p>O d\u00f3lar comercial encerrou o dia com queda de 0,25%, negociado a R$ 5,5467 para venda. A moeda norte-americana oscilou entre R$ 5,5429 na m\u00ednima e R$ 5,6099 na m\u00e1xima do dia, favorecendo os pre\u00e7os da soja brasileira e fortalecendo o ritmo de comercializa\u00e7\u00e3o no mercado interno.<\/p>\n<\/p><\/div>\n<p><br \/>\n<br \/><a href=\"https:\/\/www.canalrural.com.br\/agricultura\/projeto-soja-brasil\/saiba-as-cotacoes-da-soja-em-dia-de-alta-em-chicago\/\">Source link <\/a><\/p>\n","protected":false},"excerpt":{"rendered":"<p>O mercado brasileiro de soja registrou movimenta\u00e7\u00e3o nesta quinta-feira (17), com volume expressivo de neg\u00f3cios tanto nos portos quanto nas<\/p>\n","protected":false},"author":1,"featured_media":16954,"comment_status":"open","ping_status":"open","sticky":false,"template":"","format":"standard","meta":{"_monsterinsights_skip_tracking":false,"_monsterinsights_sitenote_active":false,"_monsterinsights_sitenote_note":"","_monsterinsights_sitenote_category":0,"_uf_show_specific_survey":0,"_uf_disable_surveys":false,"footnotes":""},"categories":[1],"tags":[],"class_list":["post-16953","post","type-post","status-publish","format-standard","has-post-thumbnail","hentry","category-news"],"_links":{"self":[{"href":"https:\/\/agromt.news\/index.php?rest_route=\/wp\/v2\/posts\/16953"}],"collection":[{"href":"https:\/\/agromt.news\/index.php?rest_route=\/wp\/v2\/posts"}],"about":[{"href":"https:\/\/agromt.news\/index.php?rest_route=\/wp\/v2\/types\/post"}],"author":[{"embeddable":true,"href":"https:\/\/agromt.news\/index.php?rest_route=\/wp\/v2\/users\/1"}],"replies":[{"embeddable":true,"href":"https:\/\/agromt.news\/index.php?rest_route=%2Fwp%2Fv2%2Fcomments&post=16953"}],"version-history":[{"count":0,"href":"https:\/\/agromt.news\/index.php?rest_route=\/wp\/v2\/posts\/16953\/revisions"}],"wp:featuredmedia":[{"embeddable":true,"href":"https:\/\/agromt.news\/index.php?rest_route=\/wp\/v2\/media\/16954"}],"wp:attachment":[{"href":"https:\/\/agromt.news\/index.php?rest_route=%2Fwp%2Fv2%2Fmedia&parent=16953"}],"wp:term":[{"taxonomy":"category","embeddable":true,"href":"https:\/\/agromt.news\/index.php?rest_route=%2Fwp%2Fv2%2Fcategories&post=16953"},{"taxonomy":"post_tag","embeddable":true,"href":"https:\/\/agromt.news\/index.php?rest_route=%2Fwp%2Fv2%2Ftags&post=16953"}],"curies":[{"name":"wp","href":"https:\/\/api.w.org\/{rel}","templated":true}]}}