{"id":16951,"date":"2025-07-17T17:17:44","date_gmt":"2025-07-17T21:17:44","guid":{"rendered":"https:\/\/agromt.news\/?p=16951"},"modified":"2025-07-17T17:17:44","modified_gmt":"2025-07-17T21:17:44","slug":"conheca-karvadi-o-touro-que-mudou-a-pecuaria-brasileira","status":"publish","type":"post","link":"https:\/\/agromt.news\/?p=16951","title":{"rendered":"conhe\u00e7a Karvadi, o touro que mudou a pecu\u00e1ria brasileira"},"content":{"rendered":"<p> <br \/>\n<br \/><img decoding=\"async\" src=\"https:\/\/agromt.news\/wp-content\/uploads\/2025\/07\/conheca-Karvadi-o-touro-que-mudou-a-pecuaria-brasileira.png\" \/><\/p>\n<div>\n<p>O Nelore \u00e9, sem d\u00favida, a espinha dorsal da pecu\u00e1ria de corte brasileira. Presente em cerca de 80% do rebanho nacional, segundo a Associa\u00e7\u00e3o dos Criadores de Nelore do Brasil (ACNB), a ra\u00e7a se consolidou como s\u00edmbolo de produtividade, rusticidade e adapta\u00e7\u00e3o ao clima tropical. No dia 17 de julho, data em que se celebra o <strong>Dia Nacional do Nelore<\/strong>, produtores, criadores e apaixonados pela ra\u00e7a aproveitam para homenagear n\u00e3o apenas a trajet\u00f3ria da sele\u00e7\u00e3o gen\u00e9tica no pa\u00eds, mas tamb\u00e9m os animais que marcaram \u00e9poca, como o lend\u00e1rio <strong>Karvadi<\/strong>.<\/p>\n<p><a href=\"https:\/\/www.instagram.com\/p\/DGnrxTxOqr8\/\">Assista aqui e compartilhe essa hist\u00f3ria<\/a><\/p>\n<h2 class=\"wp-block-heading\" id=\"h-karvadi-o-touro-indiano-que-virou-lenda-no-brasil\">Karvadi: o touro indiano que virou lenda no Brasil<\/h2>\n<p>Importado da \u00cdndia em 1963, Karvadi chegou ao Brasil j\u00e1 com fama: era campe\u00e3o em competi\u00e7\u00f5es de tra\u00e7\u00e3o, respeitado por sua for\u00e7a e impon\u00eancia. Mas foi na pecu\u00e1ria brasileira que ele se consagrou como um divisor de \u00e1guas no melhoramento gen\u00e9tico do Nelore.<\/p>\n<p>Com uma impressionante <strong>forma\u00e7\u00e3o racial<\/strong>, <strong>alta fertilidade<\/strong> e <strong>estrutura robusta<\/strong>, Karvadi se destacou entre os primeiros animais a compor os programas de sele\u00e7\u00e3o no pa\u00eds. Sua gen\u00e9tica influenciou gera\u00e7\u00f5es: atualmente, estima-se que sua linhagem esteja presente em <strong>13 dos 15 milh\u00f5es de Nelores puros<\/strong> existentes no Brasil.<\/p>\n<h2 class=\"wp-block-heading\" id=\"h-imortalizado-no-museu-do-zebu-em-uberaba\">Imortalizado no Museu do Zebu, em Uberaba<\/h2>\n<p>Ap\u00f3s sua morte, em 1972, Karvadi foi <strong>embalsamado<\/strong> e transformado na principal atra\u00e7\u00e3o do <strong>Museu do Zebu<\/strong>, em Uberaba (MG). O espa\u00e7o preserva sua hist\u00f3ria e serve como ponto de encontro para quem deseja conhecer a origem da ra\u00e7a que sustenta a pecu\u00e1ria de corte brasileira.<\/p>\n<\/div>\n<div>\n<p>Mais que um s\u00edmbolo, Karvadi representa o in\u00edcio de uma nova era na bovinocultura nacional, marcada pelo investimento em <strong>melhoramento gen\u00e9tico<\/strong>, produtividade e efici\u00eancia.<\/p>\n<p><a href=\"https:\/\/www.canalrural.com.br\/pecuaria\/\">Saiba mais sobre a pecu\u00e1ria nacional<\/a><\/p>\n<h2 class=\"wp-block-heading\" id=\"h-o-legado-de-karvadi-vive-no-campo\">O legado de Karvadi vive no campo<\/h2>\n<p>A influ\u00eancia de Karvadi segue presente em diversos plant\u00e9is de elite e programas de sele\u00e7\u00e3o gen\u00e9tica em todo o pa\u00eds. Seu legado \u00e9 celebrado por criadores e especialistas que reconhecem seu papel fundamental na constru\u00e7\u00e3o de um <strong>rebanho mais eficiente, adaptado e competitivo<\/strong>.<\/p>\n<p>Neste Dia do Nelore, a hist\u00f3ria de Karvadi refor\u00e7a o orgulho de quem cria e a for\u00e7a de quem investe em gen\u00e9tica.<\/p>\n<\/p><\/div>\n<p><script async src=\"\/\/www.instagram.com\/embed.js\"><\/script><br \/>\n<br \/><br \/>\n<br \/><a href=\"https:\/\/www.canalrural.com.br\/diversos\/dia-do-nelore-karvadi-o-touro-que-mudou-a-pecuaria\/\">Source link <\/a><\/p>\n","protected":false},"excerpt":{"rendered":"<p>O Nelore \u00e9, sem d\u00favida, a espinha dorsal da pecu\u00e1ria de corte brasileira. Presente em cerca de 80% do rebanho<\/p>\n","protected":false},"author":1,"featured_media":16952,"comment_status":"open","ping_status":"open","sticky":false,"template":"","format":"standard","meta":{"_monsterinsights_skip_tracking":false,"_monsterinsights_sitenote_active":false,"_monsterinsights_sitenote_note":"","_monsterinsights_sitenote_category":0,"_uf_show_specific_survey":0,"_uf_disable_surveys":false,"footnotes":""},"categories":[1],"tags":[],"class_list":["post-16951","post","type-post","status-publish","format-standard","has-post-thumbnail","hentry","category-news"],"_links":{"self":[{"href":"https:\/\/agromt.news\/index.php?rest_route=\/wp\/v2\/posts\/16951"}],"collection":[{"href":"https:\/\/agromt.news\/index.php?rest_route=\/wp\/v2\/posts"}],"about":[{"href":"https:\/\/agromt.news\/index.php?rest_route=\/wp\/v2\/types\/post"}],"author":[{"embeddable":true,"href":"https:\/\/agromt.news\/index.php?rest_route=\/wp\/v2\/users\/1"}],"replies":[{"embeddable":true,"href":"https:\/\/agromt.news\/index.php?rest_route=%2Fwp%2Fv2%2Fcomments&post=16951"}],"version-history":[{"count":0,"href":"https:\/\/agromt.news\/index.php?rest_route=\/wp\/v2\/posts\/16951\/revisions"}],"wp:featuredmedia":[{"embeddable":true,"href":"https:\/\/agromt.news\/index.php?rest_route=\/wp\/v2\/media\/16952"}],"wp:attachment":[{"href":"https:\/\/agromt.news\/index.php?rest_route=%2Fwp%2Fv2%2Fmedia&parent=16951"}],"wp:term":[{"taxonomy":"category","embeddable":true,"href":"https:\/\/agromt.news\/index.php?rest_route=%2Fwp%2Fv2%2Fcategories&post=16951"},{"taxonomy":"post_tag","embeddable":true,"href":"https:\/\/agromt.news\/index.php?rest_route=%2Fwp%2Fv2%2Ftags&post=16951"}],"curies":[{"name":"wp","href":"https:\/\/api.w.org\/{rel}","templated":true}]}}