{"id":16949,"date":"2025-07-17T17:03:53","date_gmt":"2025-07-17T21:03:53","guid":{"rendered":"https:\/\/agromt.news\/?p=16949"},"modified":"2025-07-17T17:03:53","modified_gmt":"2025-07-17T21:03:53","slug":"congresso-andav-em-agosto-debate-o-papel-do-agro-na-cop30","status":"publish","type":"post","link":"https:\/\/agromt.news\/?p=16949","title":{"rendered":"Congresso Andav em agosto debate o papel do agro na COP30"},"content":{"rendered":"<p> <br \/>\n<\/p>\n<div>\n<p>Confer\u00eancia das Na\u00e7\u00f5es Unidas sobre Mudan\u00e7as Clim\u00e1ticas (COP30) ser\u00e1 realizada em novembro em Bel\u00e9m, no Par\u00e1 e, por ser um evento que coloca o pa\u00eds em destaque no cen\u00e1rio internacional, tem sido motivo de muitas discuss\u00f5es. O tema ter\u00e1 um painel exclusivo no primeiro dia do <strong><a href=\"https:\/\/www.eventosandav.com.br\/\">Congresso Andav,<\/a><\/strong> que acontece de 5 a 7 de agosto no Transam\u00e9rica Expo Center, em S\u00e3o Paulo.<\/p>\n<p>Com media\u00e7\u00e3o da advogada <strong>Samanta Pineda<\/strong>, especialista em Direito Socioambiental, s\u00f3cia do escrit\u00f3rio Pineda e Krahn, o painel <em>COP30 no Brasil<\/em> contar\u00e1 com <strong>Eduardo Bastos<\/strong>, diretor executivo do Instituto de Estudos do Agroneg\u00f3cio da Abag, e <strong>Silvia Massruh\u00e1<\/strong>, presidente da Embrapa.<\/p>\n<p>O setor do agroneg\u00f3cio se organiza desde o in\u00edcio do ano para uma ampla e ativa participa\u00e7\u00e3o na COP30. Uma das principais a\u00e7\u00f5es em curso \u00e9 a estrutura\u00e7\u00e3o de uma in\u00e9dita \u201cAgriZone\u201d, ou \u201czona do agro\u201d, uma alus\u00e3o \u00e0s tradicionais blue zone (\u00e1rea das autoridades) e green zone (\u00e1rea das entidades) que costumam existir em todas as COPs. <\/p>\n<blockquote class=\"wp-block-quote is-layout-flow wp-block-quote-is-layout-flow\">\n<p>\u201cGra\u00e7as \u00e0 presen\u00e7a do dr. Roberto Rodrigues e \u00e0 sensibilidade do embaixador Andr\u00e9 Aranha Corr\u00eaa do Lago, que \u00e9 o presidente designado da COP30, n\u00f3s teremos um espa\u00e7o designado para mostrar o quanto o agro faz parte dessa discuss\u00e3o de mudan\u00e7a clim\u00e1tica, que \u00e9 algo pouco representativo nas outras confer\u00eancias e aqui no Brasil n\u00f3s vamos ter\u201d, comemora Pineda. <\/p>\n<\/blockquote>\n<p>O terceiro ponto que ela abordar\u00e1 durante sua media\u00e7\u00e3o \u00e9 a impossibilidade de <strong>acordo de financiamento clim\u00e1tico,<\/strong> cujo valor estimado de US$ 1,3 trilh\u00e3o n\u00e3o tem a concord\u00e2ncia entre pa\u00edses desenvolvidos, al\u00e9m da <strong>transi\u00e7\u00e3o energ\u00e9tica justa<\/strong> e as <strong>medidas de adapta\u00e7\u00e3o a eventos extremos<\/strong>.<\/p>\n<p>Outro ponto forte do 14\u00aa edi\u00e7\u00e3o do Congresso Andav ser\u00e1 o <em>Painel Distribuidor: Acesso Mercado<\/em>, mediado pelo gerente de Rela\u00e7\u00f5es Institucionais da Adubos Real, <strong>Alberto Yoshida<\/strong>, com a participa\u00e7\u00e3o de <strong>Benhur Vion<\/strong>e, diretor de Insumos da 3tentos; <strong>Mario Augusto<\/strong>, CEO da Agroshop; e <strong>Ricardo Bonacin<\/strong>, CEO N\u00facleo Agr\u00edcola. <\/p>\n<blockquote class=\"wp-block-quote is-layout-flow wp-block-quote-is-layout-flow\">\n<p>\u201cO nosso painel destaca o papel estrat\u00e9gico da Distribui\u00e7\u00e3o, que oferece mais do que insumos ao campo, mas entrega confian\u00e7a, previsibilidade e resultado. \u00c9 isso que sustenta rela\u00e7\u00f5es de longo prazo. O que iremos debater aqui \u00e9 a import\u00e2ncia da gest\u00e3o profissional, da organiza\u00e7\u00e3o e da governan\u00e7a. Nosso segmento, ano ap\u00f3s ano, demonstra que \u00e9 capaz de crescer com consist\u00eancia e responsabilidade\u201d, antecipa Yoshida.<\/p>\n<\/blockquote>\n<\/div>\n<div>\n<p>O mediador tamb\u00e9m pretende refor\u00e7ar o protagonismo do distribuidor no dia a dia do campo. \u201cO distribuidor est\u00e1 ao lado do produtor, enfrentando os desafios que impactam diretamente o nosso agro. E \u00e9 neste painel que vamos discutir esses temas e trazer uma vis\u00e3o detalhada dos bastidores das empresas que hoje s\u00e3o refer\u00eancia em seus modelos de neg\u00f3cio e pr\u00e1ticas de gest\u00e3o\u201d, completa Yoshida.<\/p>\n<p>A programa\u00e7\u00e3o inclui ainda o Painel <em>Inova\u00e7\u00e3o e Tecnologia<\/em> mediado pela jornalista e Apresentadora da CBN Brasil, <strong>C\u00e1ssia Godoy<\/strong>, com a participa\u00e7\u00e3o de <strong>Alexandre Dal Forno,<\/strong> diretor de Desenvolvimento de Mercado IoT &amp; 5G TIM; <strong>Frederico Logemann,<\/strong> head de Estrat\u00e9gia de Inova\u00e7\u00e3o da SLC Agr\u00edcola; e <strong>Gustavo Spadotti,<\/strong> chefe-geral Embrapa Territorial.<\/p>\n<p>Em tempos de restri\u00e7\u00e3o ao cr\u00e9dito e alta taxa de juros, o <strong>\u201cPainel Cr\u00e9dito na Distribui\u00e7\u00e3o\u201d<\/strong>, com media\u00e7\u00e3o do consultor <strong>Andr\u00e9 Pessoa<\/strong>, vai abordar temas como revolu\u00e7\u00e3o digital, solu\u00e7\u00f5es financeiras e estrat\u00e9gias para ampliar o acesso ao cr\u00e9dito no agro. Participam desse painel o diretor de Agroneg\u00f3cios do Banco Santander, <strong>Carlos Aguiar Neto<\/strong>; o s\u00f3cio-fundador Unibarter (Grupo Uniagro), <strong>Filipe Paiva<\/strong>; e o s\u00f3cio-fundador da Ecoagro, <strong>Moacir Teixeira.<\/strong><\/p>\n<p>O <strong><a href=\"https:\/\/www.eventosandav.com.br\/\">Congresso Andav <\/a><\/strong>\u00e9 considerado o principal encontro do segmento de distribui\u00e7\u00e3o de insumos agropecu\u00e1rios no Brasil e re\u00fane executivos, distribuidores, fornecedores e especialistas para debater tend\u00eancias, desafios e oportunidades para o setor. Com <strong>quatro pavilh\u00f5es e mais de 24 mil metros quadrados de exposi\u00e7\u00e3o,<\/strong> o Congresso Andav 2025 ter\u00e1 a participa\u00e7\u00e3o de 250 marcas expositoras e expectativa de 14 mil participantes.<\/p>\n<h3 class=\"wp-block-heading\" id=\"h-sobre-os-organizadores\">Sobre os organizadores<\/h3>\n<p><strong>Andav<\/strong><br \/>A Associa\u00e7\u00e3o Nacional dos Distribuidores de Insumo Agr\u00edcolas e Veterin\u00e1rios (Andav) h\u00e1 34 anos representa o Distribuidor de Insumos Agropecu\u00e1rios e atualmente re\u00fane mais de 3.700 unidades comerciais de todas as regi\u00f5es do Brasil, respons\u00e1veis por levar as boas pr\u00e1ticas ao campo e acima de tudo zelar pelo bom funcionamento da cadeia produtiva, ao estender conhecimento, produtos, servi\u00e7os e tecnologia.<\/p>\n<p><strong>Zest Eventos<\/strong><br \/>A Zest Eventos nasce da uni\u00e3o de mais de uma d\u00e9cada de excel\u00eancia e sucesso em construir eventos e trabalhar em equipe. Uma empresa dedicada a entregar experi\u00eancias: al\u00e9m de criar e promover eventos f\u00edsicos, digitais e h\u00edbridos, \u00e9 especialista em desenvolver consultorias especializadas em marketing, vendas e projetos especiais para o setor B2B.<\/p>\n<h2 class=\"wp-block-heading\" id=\"h-congresso-andav-2025\">Congresso Andav 2025<\/h2>\n<p><strong>Data:<\/strong> 5 a 7 de agosto de 2025<br \/><strong>Hor\u00e1rio da Plen\u00e1ria:<\/strong> dia 5 e 6 das 10h \u00e0s 16h45 | dia 7 das 10h \u00e0s 16h<br \/><strong>Hor\u00e1rio de Exposi\u00e7\u00e3o:<\/strong><br \/>dia 5 das 9 \u00e0s 21h<br \/>dia 6 das 9h \u00e0s 21h<br \/>dia 7 das 9h \u00e0s 18h<br \/><strong>Local: <\/strong>Transamerica Expo Center<br \/><strong>Endere\u00e7o: <\/strong>Av. Dr. M\u00e1rio Villas Boas Rodrigues, 387 \u2013 Santo Amaro \u2013 S\u00e3o Paulo-SP \u2013 Entrada pelo Pavilh\u00e3o G<br \/>Mais informa\u00e7\u00f5es: <strong><a href=\"https:\/\/eventosandav.com.br\/\">https:\/\/eventosandav.com.br\/<\/a><\/strong><\/p>\n<figure class=\"wp-block-image size-large\"><img fetchpriority=\"high\" decoding=\"async\" width=\"1024\" height=\"672\" src=\"https:\/\/agromt.news\/wp-content\/uploads\/2025\/07\/Congresso-Andav-em-agosto-debate-o-papel-do-agro-na.jpeg\" alt=\"\" class=\"wp-image-4111602\"  \/><\/figure>\n<\/p><\/div>\n<p><br \/>\n<br \/><a href=\"https:\/\/www.canalrural.com.br\/projetos\/conteudo-patrocinado\/congresso-andav-em-agosto-debate-o-papel-do-agro-na-cop30\/\">Source link <\/a><\/p>\n","protected":false},"excerpt":{"rendered":"<p>Confer\u00eancia das Na\u00e7\u00f5es Unidas sobre Mudan\u00e7as Clim\u00e1ticas (COP30) ser\u00e1 realizada em novembro em Bel\u00e9m, no Par\u00e1 e, por ser um<\/p>\n","protected":false},"author":1,"featured_media":16950,"comment_status":"open","ping_status":"open","sticky":false,"template":"","format":"standard","meta":{"_monsterinsights_skip_tracking":false,"_monsterinsights_sitenote_active":false,"_monsterinsights_sitenote_note":"","_monsterinsights_sitenote_category":0,"_uf_show_specific_survey":0,"_uf_disable_surveys":false,"footnotes":""},"categories":[1],"tags":[],"class_list":["post-16949","post","type-post","status-publish","format-standard","has-post-thumbnail","hentry","category-news"],"_links":{"self":[{"href":"https:\/\/agromt.news\/index.php?rest_route=\/wp\/v2\/posts\/16949"}],"collection":[{"href":"https:\/\/agromt.news\/index.php?rest_route=\/wp\/v2\/posts"}],"about":[{"href":"https:\/\/agromt.news\/index.php?rest_route=\/wp\/v2\/types\/post"}],"author":[{"embeddable":true,"href":"https:\/\/agromt.news\/index.php?rest_route=\/wp\/v2\/users\/1"}],"replies":[{"embeddable":true,"href":"https:\/\/agromt.news\/index.php?rest_route=%2Fwp%2Fv2%2Fcomments&post=16949"}],"version-history":[{"count":0,"href":"https:\/\/agromt.news\/index.php?rest_route=\/wp\/v2\/posts\/16949\/revisions"}],"wp:featuredmedia":[{"embeddable":true,"href":"https:\/\/agromt.news\/index.php?rest_route=\/wp\/v2\/media\/16950"}],"wp:attachment":[{"href":"https:\/\/agromt.news\/index.php?rest_route=%2Fwp%2Fv2%2Fmedia&parent=16949"}],"wp:term":[{"taxonomy":"category","embeddable":true,"href":"https:\/\/agromt.news\/index.php?rest_route=%2Fwp%2Fv2%2Fcategories&post=16949"},{"taxonomy":"post_tag","embeddable":true,"href":"https:\/\/agromt.news\/index.php?rest_route=%2Fwp%2Fv2%2Ftags&post=16949"}],"curies":[{"name":"wp","href":"https:\/\/api.w.org\/{rel}","templated":true}]}}