{"id":16943,"date":"2025-07-17T16:17:29","date_gmt":"2025-07-17T20:17:29","guid":{"rendered":"https:\/\/agromt.news\/?p=16943"},"modified":"2025-07-17T16:17:29","modified_gmt":"2025-07-17T20:17:29","slug":"dia-nacional-de-protecao-as-florestas-produtores-como-aliados-durante-a-estiagem","status":"publish","type":"post","link":"https:\/\/agromt.news\/?p=16943","title":{"rendered":"Dia nacional de prote\u00e7\u00e3o \u00e0s florestas: produtores como aliados durante a estiagem"},"content":{"rendered":"<p> <br \/>\n<br \/><img decoding=\"async\" src=\"https:\/\/agromt.news\/wp-content\/uploads\/2025\/07\/Dia-nacional-de-protecao-as-florestas-produtores-como-aliados-durante.jpg\" \/><\/p>\n<div>\n<p>Hoje, dia 17 de julho, \u00e9 celebrado o Dia Nacional de Prote\u00e7\u00e3o \u00e0s Florestas e, nesta data, o protagonismo dos produtores rurais de todo o pa\u00eds ganha destaque. Durante o per\u00edodo de <a href=\"https:\/\/www.canalrural.com.br\/?s=estiagem\">estiagem<\/a>, quando os riscos de inc\u00eandios aumentam devido \u00e0 seca, os <a href=\"https:\/\/www.canalrural.com.br\/?s=produtor+rural\">agricultores <\/a>assumem a responsabilidade de prevenir e combater o fogo. Com isso, protegem suas propriedades e, tamb\u00e9m, \u00e1reas de preserva\u00e7\u00e3o e florestas nativas.<\/p>\n<p>A constru\u00e7\u00e3o de aceiros, a forma\u00e7\u00e3o de brigadas, a manuten\u00e7\u00e3o de equipamentos e a capacita\u00e7\u00e3o das equipes refor\u00e7am o papel dos produtores como aliados fundamentais na preserva\u00e7\u00e3o ambiental.<\/p>\n<ul class=\"wp-block-list\">\n<li><strong><em>Fique por dentro das novidades e not\u00edcias recentes sobre a soja! Participe da nossa comunidade atrav\u00e9s do\u00a0<a href=\"https:\/\/chat.whatsapp.com\/BmMRwA0TZ2DHGyhzoaVEWu\">link<\/a>! \ud83c\udf31<\/em><\/strong><\/li>\n<\/ul>\n<h2 class=\"wp-block-heading\" id=\"h-apoio-aos-produtores\">Apoio aos produtores <\/h2>\n<p>A Associa\u00e7\u00e3o dos Produtores de Soja e Milho de Mato Grosso (<a href=\"https:\/\/aprosoja.com.br\/\">Aprosoja MT<\/a>) reconhece e apoia esse protagonismo dos agricultores, com apoio anual de campanhas educativas e distribuindo cartilhas com orienta\u00e7\u00f5es sobre como se preparar para o per\u00edodo de seca. Por isso, a associa\u00e7\u00e3o tamb\u00e9m integra o Comit\u00ea Estadual de Gest\u00e3o do Fogo (CEGF), atuando em parceria com \u00f3rg\u00e3os p\u00fablicos e institui\u00e7\u00f5es no enfrentamento aos inc\u00eandios no estado.<\/p>\n<\/div>\n<div>\n<p>Para Rafael Krzyzanski, delegado do n\u00facleo de Sorriso, o agricultor \u00e9 um agente essencial na defesa do meio ambiente, j\u00e1 que precisa proteger sua produ\u00e7\u00e3o e o territ\u00f3rio onde vive. Qualquer foco de inc\u00eandio, segundo ele, representa amea\u00e7a \u00e0 atividade rural e \u00e0 sustentabilidade do campo.<\/p>\n<p>Em regi\u00f5es distantes do Corpo de Bombeiros, como Juara, a a\u00e7\u00e3o dos pr\u00f3prios produtores \u00e9 decisiva. Jaqueline Piovezan, delegada do n\u00facleo do Vale do Arinos, enfrentou um inc\u00eandio em sua fazenda no ano passado e contou com o apoio de vizinhos e da prepara\u00e7\u00e3o adquirida por meio das cartilhas e capacita\u00e7\u00f5es da Aprosoja MT.<\/p>\n<p>Para o vice-presidente da entidade, Luiz Pedro Bier, o produtor rural \u00e9 o verdadeiro guardi\u00e3o das florestas no Brasil. Ele destaca que boa parte da vegeta\u00e7\u00e3o nativa se mant\u00e9m preservada em propriedades privadas, por meio de reservas legais e \u00e1reas de prote\u00e7\u00e3o permanente, o que refor\u00e7a o compromisso ambiental do setor produtivo.<\/p>\n<\/p><\/div>\n<p><br \/>\n<br \/><a href=\"https:\/\/www.canalrural.com.br\/agricultura\/projeto-soja-brasil\/dia-de-protecao-as-florestas-o-protagonismo-dos-produtores-durante-a-estiagem\/\">Source link <\/a><\/p>\n","protected":false},"excerpt":{"rendered":"<p>Hoje, dia 17 de julho, \u00e9 celebrado o Dia Nacional de Prote\u00e7\u00e3o \u00e0s Florestas e, nesta data, o protagonismo dos<\/p>\n","protected":false},"author":1,"featured_media":16944,"comment_status":"open","ping_status":"open","sticky":false,"template":"","format":"standard","meta":{"_monsterinsights_skip_tracking":false,"_monsterinsights_sitenote_active":false,"_monsterinsights_sitenote_note":"","_monsterinsights_sitenote_category":0,"_uf_show_specific_survey":0,"_uf_disable_surveys":false,"footnotes":""},"categories":[1],"tags":[],"class_list":["post-16943","post","type-post","status-publish","format-standard","has-post-thumbnail","hentry","category-news"],"_links":{"self":[{"href":"https:\/\/agromt.news\/index.php?rest_route=\/wp\/v2\/posts\/16943"}],"collection":[{"href":"https:\/\/agromt.news\/index.php?rest_route=\/wp\/v2\/posts"}],"about":[{"href":"https:\/\/agromt.news\/index.php?rest_route=\/wp\/v2\/types\/post"}],"author":[{"embeddable":true,"href":"https:\/\/agromt.news\/index.php?rest_route=\/wp\/v2\/users\/1"}],"replies":[{"embeddable":true,"href":"https:\/\/agromt.news\/index.php?rest_route=%2Fwp%2Fv2%2Fcomments&post=16943"}],"version-history":[{"count":0,"href":"https:\/\/agromt.news\/index.php?rest_route=\/wp\/v2\/posts\/16943\/revisions"}],"wp:featuredmedia":[{"embeddable":true,"href":"https:\/\/agromt.news\/index.php?rest_route=\/wp\/v2\/media\/16944"}],"wp:attachment":[{"href":"https:\/\/agromt.news\/index.php?rest_route=%2Fwp%2Fv2%2Fmedia&parent=16943"}],"wp:term":[{"taxonomy":"category","embeddable":true,"href":"https:\/\/agromt.news\/index.php?rest_route=%2Fwp%2Fv2%2Fcategories&post=16943"},{"taxonomy":"post_tag","embeddable":true,"href":"https:\/\/agromt.news\/index.php?rest_route=%2Fwp%2Fv2%2Ftags&post=16943"}],"curies":[{"name":"wp","href":"https:\/\/api.w.org\/{rel}","templated":true}]}}