{"id":16862,"date":"2025-07-16T12:56:12","date_gmt":"2025-07-16T16:56:12","guid":{"rendered":"https:\/\/agromt.news\/?p=16862"},"modified":"2025-07-16T12:56:12","modified_gmt":"2025-07-16T16:56:12","slug":"brasil-envia-carta-para-os-eua-pedindo-negociacao-e-destacando-aspectos-negativos-do-tarifaco","status":"publish","type":"post","link":"https:\/\/agromt.news\/?p=16862","title":{"rendered":"Brasil envia carta para os EUA pedindo negocia\u00e7\u00e3o e destacando aspectos negativos do tarifa\u00e7o"},"content":{"rendered":"<p> <br \/>\n<br \/><img decoding=\"async\" src=\"https:\/\/agromt.news\/wp-content\/uploads\/2025\/07\/Brasil-envia-carta-para-os-EUA-pedindo-negociacao-e-destacando.jpg\" \/><\/p>\n<div>\n<p>O Minist\u00e9rio das Rela\u00e7\u00f5es Exteriores divulgou nesta quarta-feira (16) carta enviada para o governo dos EUA sobre o tarifa\u00e7o anunciada por Donald Trump no dia 9 de julho. No documento, autoridades brasileiras refor\u00e7am o pedido de negocia\u00e7\u00e3o com os norte-americanos, ressaltando que o Brasil  est\u00e1 em desvantagem na balan\u00e7a comercial com os EUA.<\/p>\n<p>\u201cO Brasil tem dialogado de boa-f\u00e9 com as autoridades norte-americanas em busca de alternativas para aprimorar o com\u00e9rcio bilateral, apesar de o Brasil acumular com os Estados Unidos grandes d\u00e9ficits comerciais tanto em bens quanto em servi\u00e7os, que montam, nos \u00faltimos 15 anos, a quase US$ 410 bilh\u00f5es, segundo dados do governo dos Estados Unidos\u2019, diz um trecho da carta.<\/p>\n<p>Assinada pelo vice-presidente e ministro do Desenvolvimento, Geraldo Alckmin, e o ministro das Rela\u00e7\u00f5es Exteriores, Mauro Vieira, a carta destinada ao secret\u00e1rio de comercio dos EUA Howard Lutnick e ao representante de com\u00e9rcio dos EUA, Jamieson Greer, ressalta os impactos negativos da medida.<\/p>\n<\/div>\n<div>\n<p>\u201cA imposi\u00e7\u00e3o das tarifas ter\u00e1 impacto muito negativo em setores importantes de ambas as economias, colocando em risco uma parceria econ\u00f4mica historicamente forte e profunda entre nossos pa\u00edses. Nos dois s\u00e9culos de relacionamento bilateral entre o Brasil e os Estados Unidos, o com\u00e9rcio provou ser um dos alicerces mais importantes da coopera\u00e7\u00e3o e da prosperidade entre as duas maiores economias das Am\u00e9ricas\u201d<\/p>\n<p>A carta finaliza com a cobran\u00e7a de uma resposta de uma proposta de negocia\u00e7\u00e3o feita pelo governo brasileiro em 16 de maio de 2025.<\/p>\n<p>\u201cCom base nessas considera\u00e7\u00f5es e \u00e0 luz da urg\u00eancia do tema, o Governo do Brasil reitera seu interesse em receber coment\u00e1rios do governo dos EUA sobre a proposta brasileira. O Brasil permanece pronto para dialogar com as autoridades americanas e negociar uma solu\u00e7\u00e3o mutuamente aceit\u00e1vel sobre os aspectos comerciais da agenda bilateral, com o objetivo de preservar e aprofundar o relacionamento hist\u00f3rico entre os dois pa\u00edses e mitigar os impactos negativos da eleva\u00e7\u00e3o de tarifas em nosso com\u00e9rcio bilateral\u201d, diz o trecho final do documento.<\/p>\n<\/p><\/div>\n<p><br \/>\n<br \/><a href=\"https:\/\/www.canalrural.com.br\/nacional\/brasil-envia-carta-para-os-eua-pedindo-negociacao-e-destacando-aspectos-negativos-do-tarifaco\/\">Source link <\/a><\/p>\n","protected":false},"excerpt":{"rendered":"<p>O Minist\u00e9rio das Rela\u00e7\u00f5es Exteriores divulgou nesta quarta-feira (16) carta enviada para o governo dos EUA sobre o tarifa\u00e7o anunciada<\/p>\n","protected":false},"author":1,"featured_media":16863,"comment_status":"open","ping_status":"open","sticky":false,"template":"","format":"standard","meta":{"_monsterinsights_skip_tracking":false,"_monsterinsights_sitenote_active":false,"_monsterinsights_sitenote_note":"","_monsterinsights_sitenote_category":0,"_uf_show_specific_survey":0,"_uf_disable_surveys":false,"footnotes":""},"categories":[1],"tags":[],"class_list":["post-16862","post","type-post","status-publish","format-standard","has-post-thumbnail","hentry","category-news"],"_links":{"self":[{"href":"https:\/\/agromt.news\/index.php?rest_route=\/wp\/v2\/posts\/16862"}],"collection":[{"href":"https:\/\/agromt.news\/index.php?rest_route=\/wp\/v2\/posts"}],"about":[{"href":"https:\/\/agromt.news\/index.php?rest_route=\/wp\/v2\/types\/post"}],"author":[{"embeddable":true,"href":"https:\/\/agromt.news\/index.php?rest_route=\/wp\/v2\/users\/1"}],"replies":[{"embeddable":true,"href":"https:\/\/agromt.news\/index.php?rest_route=%2Fwp%2Fv2%2Fcomments&post=16862"}],"version-history":[{"count":0,"href":"https:\/\/agromt.news\/index.php?rest_route=\/wp\/v2\/posts\/16862\/revisions"}],"wp:featuredmedia":[{"embeddable":true,"href":"https:\/\/agromt.news\/index.php?rest_route=\/wp\/v2\/media\/16863"}],"wp:attachment":[{"href":"https:\/\/agromt.news\/index.php?rest_route=%2Fwp%2Fv2%2Fmedia&parent=16862"}],"wp:term":[{"taxonomy":"category","embeddable":true,"href":"https:\/\/agromt.news\/index.php?rest_route=%2Fwp%2Fv2%2Fcategories&post=16862"},{"taxonomy":"post_tag","embeddable":true,"href":"https:\/\/agromt.news\/index.php?rest_route=%2Fwp%2Fv2%2Ftags&post=16862"}],"curies":[{"name":"wp","href":"https:\/\/api.w.org\/{rel}","templated":true}]}}