{"id":16860,"date":"2025-07-16T12:42:12","date_gmt":"2025-07-16T16:42:12","guid":{"rendered":"https:\/\/agromt.news\/?p=16860"},"modified":"2025-07-16T12:42:12","modified_gmt":"2025-07-16T16:42:12","slug":"exposicao-nacional-do-mangalarga-marchador-reune-mais-de-1-600-cavalos-em-bh","status":"publish","type":"post","link":"https:\/\/agromt.news\/?p=16860","title":{"rendered":"Exposi\u00e7\u00e3o Nacional do Mangalarga Marchador re\u00fane mais de 1.600 cavalos em BH"},"content":{"rendered":"<p> <br \/>\n<br \/><img decoding=\"async\" src=\"https:\/\/agromt.news\/wp-content\/uploads\/2025\/07\/Exposicao-Nacional-do-Mangalarga-Marchador-reune-mais-de-1600-cavalos.jpg\" \/><\/p>\n<div>\n<p>A Associa\u00e7\u00e3o Brasileira dos Criadores do Cavalo Mangalarga Marchador<strong><a href=\"http:\/\/www.canalrural.com.br\/tag\/abccmm\/\"> (ABCCMM)<\/a><\/strong> realizar\u00e1, entre os dias 19 de julho e 2 de agosto de 2025, a <strong>42\u00aa Exposi\u00e7\u00e3o Nacional do Cavalo Mangalarga Marchador<\/strong>. O evento ser\u00e1 no Parque de Exposi\u00e7\u00f5es da Gameleira, em <strong>Belo Horizonte (MG)<\/strong>, e contar\u00e1 com a presen\u00e7a de <strong>mais de 1.600 animais de 18 estados brasileiros<\/strong>.<\/p>\n<p>Durante os 15 dias de programa\u00e7\u00e3o, ser\u00e3o realizados julgamentos de marcha e morfologia, provas esportivas e provas sociais, al\u00e9m de palestras t\u00e9cnicas voltadas \u00e0 equideocultura. A <strong>Solenidade Oficial est\u00e1 marcada para o dia 26 de julho, \u00e0s 17h<\/strong>.<\/p>\n<p>A expectativa da organiza\u00e7\u00e3o \u00e9 de que <strong>cerca de 200 mil pessoas visitem o evento<\/strong>, que tamb\u00e9m oferecer\u00e1 atra\u00e7\u00f5es ao p\u00fablico, como a Vila Kids, \u00e1reas gastron\u00f4micas e experi\u00eancias imersivas ligadas \u00e0 ra\u00e7a, como a <strong>\u201cCal\u00e7ada da Marcha\u201d<\/strong> e a <strong>\u201cVitrine Viva\u201d<\/strong>, com proje\u00e7\u00f5es interativas sobre o universo do cavalo no campo.<\/p>\n<p>Criada em 1982, a Exposi\u00e7\u00e3o Nacional do Mangalarga Marchador \u00e9 considerada um dos principais eventos do agroneg\u00f3cio nacional e do setor equino. Ao longo dos anos, o n\u00famero de participantes cresceu de 413 animais na primeira edi\u00e7\u00e3o para mais de 1.600 em 2025, com a participa\u00e7\u00e3o de <strong>505 expositores<\/strong>.<\/p>\n<\/div>\n<div>\n<p>A ABCCMM re\u00fane atualmente <strong>26 mil associados<\/strong> e um plantel com mais de <strong>775 mil animais ativos<\/strong>, consolidando-se como uma das maiores associa\u00e7\u00f5es de equinos da Am\u00e9rica Latina.<\/p>\n<p>Segundo dados do <strong>Estudo do Complexo do Agroneg\u00f3cio do Cavalo<\/strong>, realizado pela Esalq\/USP, a <strong>equideocultura movimenta cerca de R$ 38 bilh\u00f5es ao ano no Brasil<\/strong>. Deste total, cerca de <strong>R$ 11,7 bilh\u00f5es s\u00e3o atribu\u00eddos \u00e0 cadeia do mangalarga marchador<\/strong>, que representa aproximadamente <strong>31% do rebanho equino brasileiro<\/strong>.<\/p>\n<p>A programa\u00e7\u00e3o completa da exposi\u00e7\u00e3o ser\u00e1 transmitida ao vivo pelo <strong>canal oficial da ABCCMM no YouTube<\/strong>, com cobertura dos julgamentos feita pela equipe do programa <strong>Resenha do Marchador<\/strong>.<\/p>\n<h2 class=\"wp-block-heading\" id=\"h-42\u00aa-exposicao-nacional-do-cavalo-mangalarga-marchador\">42\u00aa Exposi\u00e7\u00e3o Nacional do Cavalo Mangalarga Marchador<\/h2>\n<p><strong>Data:<\/strong> 19 de julho a 2 de agosto de 2025<br \/><strong>Local:<\/strong> Parque da Gameleira \u2013 Av. Amazonas, 6020 \u2013 Belo Horizonte (MG)<br \/><strong>Ingressos:<\/strong> <a href=\"http:\/\/www.nacionalmarchador.com.br\">www.nacionalmarchador.com.br<\/a><br \/><strong>Mais informa\u00e7\u00f5es:<\/strong> <a href=\"http:\/\/www.abccmm.org.br\/projeto\/42nacional\">www.abccmm.org.br\/projeto\/42nacional<\/a><br \/><strong>Redes sociais:<\/strong> @abccmmoficial (Instagram, YouTube e X)<\/p>\n<\/p><\/div>\n<p><br \/>\n<br \/><a href=\"https:\/\/www.canalrural.com.br\/economia\/exposicao-nacional-do-mangalarga-marchador-reune-mais-de-1-600-cavalos-em-bh\/\">Source link <\/a><\/p>\n","protected":false},"excerpt":{"rendered":"<p>A Associa\u00e7\u00e3o Brasileira dos Criadores do Cavalo Mangalarga Marchador (ABCCMM) realizar\u00e1, entre os dias 19 de julho e 2 de<\/p>\n","protected":false},"author":1,"featured_media":16861,"comment_status":"open","ping_status":"open","sticky":false,"template":"","format":"standard","meta":{"_monsterinsights_skip_tracking":false,"_monsterinsights_sitenote_active":false,"_monsterinsights_sitenote_note":"","_monsterinsights_sitenote_category":0,"_uf_show_specific_survey":0,"_uf_disable_surveys":false,"footnotes":""},"categories":[1],"tags":[],"class_list":["post-16860","post","type-post","status-publish","format-standard","has-post-thumbnail","hentry","category-news"],"_links":{"self":[{"href":"https:\/\/agromt.news\/index.php?rest_route=\/wp\/v2\/posts\/16860"}],"collection":[{"href":"https:\/\/agromt.news\/index.php?rest_route=\/wp\/v2\/posts"}],"about":[{"href":"https:\/\/agromt.news\/index.php?rest_route=\/wp\/v2\/types\/post"}],"author":[{"embeddable":true,"href":"https:\/\/agromt.news\/index.php?rest_route=\/wp\/v2\/users\/1"}],"replies":[{"embeddable":true,"href":"https:\/\/agromt.news\/index.php?rest_route=%2Fwp%2Fv2%2Fcomments&post=16860"}],"version-history":[{"count":0,"href":"https:\/\/agromt.news\/index.php?rest_route=\/wp\/v2\/posts\/16860\/revisions"}],"wp:featuredmedia":[{"embeddable":true,"href":"https:\/\/agromt.news\/index.php?rest_route=\/wp\/v2\/media\/16861"}],"wp:attachment":[{"href":"https:\/\/agromt.news\/index.php?rest_route=%2Fwp%2Fv2%2Fmedia&parent=16860"}],"wp:term":[{"taxonomy":"category","embeddable":true,"href":"https:\/\/agromt.news\/index.php?rest_route=%2Fwp%2Fv2%2Fcategories&post=16860"},{"taxonomy":"post_tag","embeddable":true,"href":"https:\/\/agromt.news\/index.php?rest_route=%2Fwp%2Fv2%2Ftags&post=16860"}],"curies":[{"name":"wp","href":"https:\/\/api.w.org\/{rel}","templated":true}]}}