{"id":16857,"date":"2025-07-16T12:22:57","date_gmt":"2025-07-16T16:22:57","guid":{"rendered":"https:\/\/agromt.news\/?p=16857"},"modified":"2025-07-16T12:22:57","modified_gmt":"2025-07-16T16:22:57","slug":"como-reduzir-custos-da-logistica-no-agro","status":"publish","type":"post","link":"https:\/\/agromt.news\/?p=16857","title":{"rendered":"Como reduzir custos da log\u00edstica no agro"},"content":{"rendered":"<p> <br \/>\n<\/p>\n<div>\n<div class=\"row\">\n<div class=\"col-lg col-infos mt-0 mt-lg-0\">\n<div class=\"section-sub-title\">\n<p itemprop=\"description\">&#13;<br \/>\n                                Com base em geometrias espec\u00edficas, \u00e9 poss\u00edvel classificar trechos por ve\u00edculo&#13;\n                            <\/p>\n<\/p><\/div>\n<div class=\"container\">\n<div class=\"row\">\n<div class=\"col-lg p-0\">\n<div>\n<div class=\"block-news-main-infos mt-3 text-start\">\n<p>                                            <strong class=\"fn\" itemprop=\"author\" style=\"color: rgb(112, 112, 112); \">&#13;<br \/>\n                                                <a href=\"https:\/\/www.agrolink.com.br\/noticias\/javascript:;\" class=\"text-uppercase\" target=\"_blank\" style=\"color: rgb(112, 112, 112); \" rel=\"noopener\">Agrolink<\/a>&#13;<br \/>\n&#13;<br \/>\n                                                    &#8211; Leonardo Gottems&#13;<br \/>\n&#13;<br \/>\n                                            <\/strong><br \/>\n                                        <\/p>\n<p>                                            <abbr><time datetime=\"2025-07-16T06:39\" itemprop=\"datePublished dateModified\">Publicado em 16\/07\/2025 \u00e0s 06:39h.<\/time><\/abbr><br \/>\n                                            <\/p><\/div>\n<\/p><\/div>\n<\/p><\/div>\n<div class=\"col-lg p-0 text-lg-end\">\n<div>\n<div id=\"mdEnviarPagina\" class=\"modal fade\" role=\"dialog\">\n<div class=\"modal-dialog\">\n<div class=\"modal-content\">\n<div class=\"modal-body\">\n<p><strong>Estimado usu\u00e1rio.<\/strong><br \/>Preencha o formul\u00e1rio abaixo para remeter a p\u00e1gina.<\/p>\n<\/p><\/div>\n<\/p><\/div>\n<\/p><\/div>\n<\/div><\/div>\n<\/p><\/div>\n<\/p><\/div>\n<\/p><\/div>\n<\/p><\/div>\n<\/p><\/div>\n<div class=\"row justify-content-md-center mt-3\">\n<div class=\"col-lg-auto col-image block-news-main-image\">\n<p>                                <img decoding=\"async\" src=\"https:\/\/www.agrolink.com.br\/upload\/imagens-resizes\/c9150e1e251d420ba95edf71f84ed8d0_858x483.jpg\" class=\"lazyload img-fluid\" alt=\"Com base em geometrias espec\u00edficas, \u00e9 poss\u00edvel classificar trechos por tipo de ve\u00edculo\"\/><br \/>\n                                                <span class=\"d-block mt-1\">Com base em geometrias espec\u00edficas, \u00e9 poss\u00edvel classificar trechos por tipo de ve\u00edculo &#8211; Foto: Sheila Flores<\/span><\/p><\/div>\n<\/p><\/div>\n<div class=\"section-description section-description-noticias mt-3\">\n<p>Uma nova plataforma digital est\u00e1 revolucionando a log\u00edstica agr\u00edcola ao tornar mais eficiente o deslocamento de ve\u00edculos em \u00e1reas rurais. Integrando ambiente web e aplicativo mobile, o Roteirizador de Campo permite criar rotas inteligentes adaptadas \u00e0 realidade de opera\u00e7\u00f5es agr\u00edcolas diversas, incluindo cultivos como <a href=\"https:\/\/www.agrolink.com.br\/culturas\/soja?utm_source=agrolink-detalhe-noticia&amp;utm_medium=detalhe-noticia&amp;utm_campaign=links-internos\" target=\"_blank\" rel=\"noopener\">soja<\/a>, <a href=\"https:\/\/www.agrolink.com.br\/culturas\/milho?utm_source=agrolink-detalhe-noticia&amp;utm_medium=detalhe-noticia&amp;utm_campaign=links-internos&#9;\" target=\"_blank\" rel=\"noopener\">milho<\/a>, <a href=\"https:\/\/www.agrolink.com.br\/culturas\/algodao\/\" target=\"_blank\" rel=\"noopener\">algod\u00e3o<\/a>, caf\u00e9, <a href=\"https:\/\/www.agrolink.com.br\/culturas\/laranja?utm_source=agrolink-detalhe-noticia&amp;utm_medium=detalhe-noticia&amp;utm_campaign=links-internos\" target=\"_blank\" rel=\"noopener\">laranja<\/a> e <a href=\"https:\/\/www.agrolink.com.br\/culturas\/cana-de-acucar\/?utm_source=agrolink-detalhe-noticia&amp;utm_medium=detalhe-noticia&amp;utm_campaign=links-internos\" target=\"_blank\" rel=\"noopener\">cana-de-a\u00e7\u00facar<\/a>. A ferramenta atua mesmo em locais sem conex\u00e3o \u00e0 internet, oferecendo precis\u00e3o, agilidade e redu\u00e7\u00e3o de desperd\u00edcios nas atividades di\u00e1rias.&#13;\n<\/p>\n<p>Com base em geometrias espec\u00edficas, \u00e9 poss\u00edvel classificar trechos por tipo de ve\u00edculo (como treminh\u00f5es ou caminh\u00f5es leves), calcular rotas conforme restri\u00e7\u00f5es e velocidade m\u00e9dia, al\u00e9m de ajustar trajetos automaticamente em caso de imprevistos. \u201cCom essa ferramenta \u00e9 poss\u00edvel fazer um mapeamento personalizado da malha vi\u00e1ria dos clientes, das usinas, dos produtores e agroind\u00fastrias. S\u00e3o dados que n\u00e3o est\u00e3o dispon\u00edveis nos aplicativos p\u00fablicos tradicionais\u201d, explica Fernando Bortolazzo, l\u00edder da equipe de desenvolvimento da empresa.<\/p>\n<p>Voltada para opera\u00e7\u00f5es em larga escala, a solu\u00e7\u00e3o impacta diretamente nos custos ao reduzir o tempo de deslocamento, o consumo de combust\u00edvel e a necessidade de manuten\u00e7\u00e3o. Tamb\u00e9m otimiza o uso das m\u00e1quinas na colheita, aplica\u00e7\u00e3o de produtos, transporte e monitoramento. H\u00e1 ainda ganhos em sustentabilidade, com menor emiss\u00e3o de CO2, rastreabilidade e apoio \u00e0 conformidade ambiental.&#13;\n<\/p>\n<p>Com dashboards atualizados em tempo real, os gestores conseguem identificar gargalos operacionais e ajustar o planejamento com agilidade. O lan\u00e7amento oficial da ferramenta ocorre durante o Congresso Conecta Agro (CCAgro), de 2 a 4 de julho, em Campinas (SP), onde o p\u00fablico poder\u00e1 conhecer de perto essa e outras inova\u00e7\u00f5es voltadas \u00e0 transforma\u00e7\u00e3o digital do agroneg\u00f3cio.<br \/>&#13;<br \/>\n\u00a0<\/p>\n<\/p><\/div>\n<\/p><\/div>\n<p><script data-cfasync=\"false\">\n    !function (f, b, e, v, n, t, s) {\n        if (f.fbq) return; n = f.fbq = function () {\n            n.callMethod ?\n                n.callMethod.apply(n, arguments) : n.queue.push(arguments)\n        };\n        if (!f._fbq) f._fbq = n; n.push = n; n.loaded = !0; n.version = '2.0';\n        n.queue = []; t = b.createElement(e); t.async = !0;\n        t.src = v; s = b.getElementsByTagName(e)[0];\n        s.parentNode.insertBefore(t, s)\n    }(window, document, 'script',\n        'https:\/\/connect.facebook.net\/en_US\/fbevents.js');\n    fbq('init', '522546078623747');\n    fbq('track', 'PageView');\n<\/script><br \/>\n<br \/><br \/>\n<br \/><a href=\"https:\/\/www.agrolink.com.br\/noticias\/como-reduzir-custos-da-logistica-no-agro_503972.html\">Source link <\/a><\/p>\n","protected":false},"excerpt":{"rendered":"<p>&#13; Com base em geometrias espec\u00edficas, \u00e9 poss\u00edvel classificar trechos por ve\u00edculo&#13; &#13; Agrolink&#13; &#13; &#8211; Leonardo Gottems&#13; &#13; Publicado<\/p>\n","protected":false},"author":1,"featured_media":4008,"comment_status":"open","ping_status":"open","sticky":false,"template":"","format":"standard","meta":{"_monsterinsights_skip_tracking":false,"_monsterinsights_sitenote_active":false,"_monsterinsights_sitenote_note":"","_monsterinsights_sitenote_category":0,"_uf_show_specific_survey":0,"_uf_disable_surveys":false,"footnotes":""},"categories":[8,1,14],"tags":[],"class_list":["post-16857","post","type-post","status-publish","format-standard","has-post-thumbnail","hentry","category-agro","category-news","category-politica-agro"],"_links":{"self":[{"href":"https:\/\/agromt.news\/index.php?rest_route=\/wp\/v2\/posts\/16857"}],"collection":[{"href":"https:\/\/agromt.news\/index.php?rest_route=\/wp\/v2\/posts"}],"about":[{"href":"https:\/\/agromt.news\/index.php?rest_route=\/wp\/v2\/types\/post"}],"author":[{"embeddable":true,"href":"https:\/\/agromt.news\/index.php?rest_route=\/wp\/v2\/users\/1"}],"replies":[{"embeddable":true,"href":"https:\/\/agromt.news\/index.php?rest_route=%2Fwp%2Fv2%2Fcomments&post=16857"}],"version-history":[{"count":0,"href":"https:\/\/agromt.news\/index.php?rest_route=\/wp\/v2\/posts\/16857\/revisions"}],"wp:featuredmedia":[{"embeddable":true,"href":"https:\/\/agromt.news\/index.php?rest_route=\/wp\/v2\/media\/4008"}],"wp:attachment":[{"href":"https:\/\/agromt.news\/index.php?rest_route=%2Fwp%2Fv2%2Fmedia&parent=16857"}],"wp:term":[{"taxonomy":"category","embeddable":true,"href":"https:\/\/agromt.news\/index.php?rest_route=%2Fwp%2Fv2%2Fcategories&post=16857"},{"taxonomy":"post_tag","embeddable":true,"href":"https:\/\/agromt.news\/index.php?rest_route=%2Fwp%2Fv2%2Ftags&post=16857"}],"curies":[{"name":"wp","href":"https:\/\/api.w.org\/{rel}","templated":true}]}}