{"id":16855,"date":"2025-07-16T12:14:18","date_gmt":"2025-07-16T16:14:18","guid":{"rendered":"https:\/\/agromt.news\/?p=16855"},"modified":"2025-07-16T12:14:18","modified_gmt":"2025-07-16T16:14:18","slug":"alckimin-alcolumbre-e-motta-criticam-tarifaco-e-pregam-defesa-da-soberania-nacional","status":"publish","type":"post","link":"https:\/\/agromt.news\/?p=16855","title":{"rendered":"Alckimin, Alcolumbre e Motta criticam tarifa\u00e7o e pregam defesa da soberania nacional"},"content":{"rendered":"<p> <br \/>\n<br \/><img decoding=\"async\" src=\"https:\/\/agromt.news\/wp-content\/uploads\/2025\/07\/Alckimin-Alcolumbre-e-Motta-criticam-tarifaco-e-pregam-defesa-da.jpg\" \/><\/p>\n<div>\n<p>O vice-presidente e ministro da Ind\u00fastria, Com\u00e9rcio Exterior e Servi\u00e7os, Geraldo Alckmin, e os presidentes do Senado, Davi Alcolumbre, e da C\u00e2mara dos Deputados, Hugo Motta, se reuniram nesta quarta-feira (16) para falar sobre as tarifas de 50% impostas pelo mandat\u00e1rio norte-americano, Donald Trump, ao Brasil, e divulgaram um v\u00eddeo com discursos das tr\u00eas autoridades.<\/p>\n<p>\u201cO parlamento brasileiro est\u00e1 unido em torno da defesa dos interesses nacionais. Tenho<br \/>conversado muito com o presidente Hugo Motta em rela\u00e7\u00e3o a esses \u00faltimos acontecimentos e n\u00f3s temos a compreens\u00e3o, a C\u00e2mara dos Deputados e o Senado Federal, o poder legislativo, que n\u00f3s vamos defender a soberania nacional, vamos defender os empregos dos brasileiros, vamos defender os empres\u00e1rios brasileiros que geram a riqueza para o Brasil e tenho convic\u00e7\u00e3o tamb\u00e9m que esse processo tem que ser liderado pelo poder executivo\u201d, afirmou Alcolumbre.<\/p>\n<figure class=\"wp-block-embed is-type-rich is-provider-instagram wp-block-embed-instagram\">\n<p><iframe title=\"Instagram frame\" loading=\"lazy\" height=\"628\" class=\"instagram-embed-iframe\" src=\"https:\/\/www.canalrural.com.br\/nacional\/alckimin-alcolumbre-e-motta-criticam-tarifaco-e-pregam-defesa-da-soberania-nacional\/about:blank\" allowtransparency=\"true\" frameborder=\"0\" scrolling=\"no\" onload=\"(function(o){window.instagramIframe = window.instagramIframe || []; window.instagramIframe.push(o);})(this)\" style=\"border: 0px; margin: 0 auto; max-width: 658px; width: calc(100% - 2px); border-radius: 4px; box-shadow: rgba(0, 0, 0, 0.498039) 0px 0px 1px 0px, rgba(0, 0, 0, 0.14902) 0px 1px 10px 0px; display: block; padding: 0px; background: rgb(255, 255, 255);\" data-rocket-lazyload=\"fitvidscompatible\" data-lazy-src=\"https:\/\/www.instagram.com\/reel\/DMK5LA_sZVq\/embed\/\"><\/iframe><noscript><iframe title=\"Instagram frame\" loading=\"lazy\" height=\"628\" class=\"instagram-embed-iframe\" src=\"https:\/\/www.instagram.com\/reel\/DMK5LA_sZVq\/embed\/\" allowtransparency=\"true\" frameborder=\"0\" scrolling=\"no\" onload=\"(function(o){window.instagramIframe = window.instagramIframe || []; window.instagramIframe.push(o);})(this)\" style=\"border: 0px; margin: 0 auto; max-width: 658px; width: calc(100% - 2px); border-radius: 4px; box-shadow: rgba(0, 0, 0, 0.498039) 0px 0px 1px 0px, rgba(0, 0, 0, 0.14902) 0px 1px 10px 0px; display: block; padding: 0px; background: rgb(255, 255, 255);\"><\/iframe><\/noscript><\/p>\n<\/figure>\n<p>Alcolumbre refor\u00e7ou que o relacionamento entre Brasil e EUA deve ser feita pelo presidente Luiz In\u00e1cio Lula da Silva, que \u00e9 o chefe de governo e de estado, e elogiou a atua\u00e7\u00e3o de Alckmin nas negocia\u00e7\u00f5es com o empresariado brasileiro.<\/p>\n<p>\u201cAcho que o presidente Lula acertou com a sua equipe de lhe empoderar para que o senhor possa conduzir todas essas tratativas. sem em nenhum momento abrir m\u00e3o da nossa soberania\u201d. Ele tamb\u00e9m destacou que as tratativas entre EUA e Brasil devem ser feitas pelo governo \u201cao lado do congresso brasileiro\u201d.<\/p>\n<\/div>\n<div>\n<p><em>Veja em primeira m\u00e3o tudo sobre agricultura, pecu\u00e1ria, economia e previs\u00e3o do tempo:<\/em><a href=\"https:\/\/news.google.com\/publications\/CAAqBwgKMPKZlQswq_mqAw?hl=pt-BR&amp;gl=BR&amp;ceid=BR%3Apt-419\"><em>\u00a0<\/em><strong><em>siga o Canal Rural no Google News!<\/em><\/strong><\/a><\/p>\n<p>Na sequ\u00eancia, Hugo Motta afirmou que o momento atual trouxe uma unidade nacional em favor do pa\u00eds. \u201cTemos uma unidade em favor do pa\u00eds, de prote\u00e7\u00e3o \u00e0 nossa ind\u00fastria, aos nossos empregos, as nossas rela\u00e7\u00f5es diplom\u00e1ticas com os demais pa\u00edses e dizer que, assim como fizemos na aprova\u00e7\u00e3o da lei da reciprocidade, onde tanto no Senado como na C\u00e2mara, aprovamos por unanimidade um instrumento que o governo brasileiro hoje tem para garantir a prote\u00e7\u00e3o do nosso pa\u00eds, dos nossos neg\u00f3cios\u201d.<\/p>\n<p>Motta continuou dizendo que a popula\u00e7\u00e3o entende que \u201co Brasil n\u00e3o pode ser levado a decis\u00f5es externas venham a interferir na nossa soberania. O Brasil hoje tem uma import\u00e2ncia muito grande no cen\u00e1rio mundial e n\u00f3s n\u00e3o temos a menor d\u00favida que com uni\u00e3o, com compromisso e muita responsabilidade n\u00f3s iremos superar esse momento protegendo todos os brasileiros e brasileiras\u201d.<\/p>\n<p>O vice-presidente Geraldo Alckmin agradeceu Alcolumbre e Motta, e disse que est\u00e3o unidos para defender a soberania nacional. \u201cO presidente Lula tem enfatizado isso e a separa\u00e7\u00e3o dos poderes \u00e9 pedra basilar do Estado de direito, da democracia. Na quest\u00e3o comercial, entendemos que \u00e9 um equ\u00edvoco, do governo americano, porque eles t\u00eam super\u00e1vit na balan\u00e7a comercial com o Brasil, dos 10 produtos que eles mais exportam, oito n\u00e3o pagam nada, nada de imposto e a tarifa m\u00e9dia de importa\u00e7\u00e3o \u00e9 2,7%. Ent\u00e3o, \u00e9 totalmente inadequado, injusto e n\u00f3s vamos trabalhar juntos para reverter essa situa\u00e7\u00e3o\u201d.<\/p>\n<\/p><\/div>\n<p><script async src=\"\/\/www.instagram.com\/embed.js\"><\/script><br \/>\n<br \/><br \/>\n<br \/><a href=\"https:\/\/www.canalrural.com.br\/nacional\/alckimin-alcolumbre-e-motta-criticam-tarifaco-e-pregam-defesa-da-soberania-nacional\/\">Source link <\/a><\/p>\n","protected":false},"excerpt":{"rendered":"<p>O vice-presidente e ministro da Ind\u00fastria, Com\u00e9rcio Exterior e Servi\u00e7os, Geraldo Alckmin, e os presidentes do Senado, Davi Alcolumbre, e<\/p>\n","protected":false},"author":1,"featured_media":16856,"comment_status":"open","ping_status":"open","sticky":false,"template":"","format":"standard","meta":{"_monsterinsights_skip_tracking":false,"_monsterinsights_sitenote_active":false,"_monsterinsights_sitenote_note":"","_monsterinsights_sitenote_category":0,"_uf_show_specific_survey":0,"_uf_disable_surveys":false,"footnotes":""},"categories":[1],"tags":[],"class_list":["post-16855","post","type-post","status-publish","format-standard","has-post-thumbnail","hentry","category-news"],"_links":{"self":[{"href":"https:\/\/agromt.news\/index.php?rest_route=\/wp\/v2\/posts\/16855"}],"collection":[{"href":"https:\/\/agromt.news\/index.php?rest_route=\/wp\/v2\/posts"}],"about":[{"href":"https:\/\/agromt.news\/index.php?rest_route=\/wp\/v2\/types\/post"}],"author":[{"embeddable":true,"href":"https:\/\/agromt.news\/index.php?rest_route=\/wp\/v2\/users\/1"}],"replies":[{"embeddable":true,"href":"https:\/\/agromt.news\/index.php?rest_route=%2Fwp%2Fv2%2Fcomments&post=16855"}],"version-history":[{"count":0,"href":"https:\/\/agromt.news\/index.php?rest_route=\/wp\/v2\/posts\/16855\/revisions"}],"wp:featuredmedia":[{"embeddable":true,"href":"https:\/\/agromt.news\/index.php?rest_route=\/wp\/v2\/media\/16856"}],"wp:attachment":[{"href":"https:\/\/agromt.news\/index.php?rest_route=%2Fwp%2Fv2%2Fmedia&parent=16855"}],"wp:term":[{"taxonomy":"category","embeddable":true,"href":"https:\/\/agromt.news\/index.php?rest_route=%2Fwp%2Fv2%2Fcategories&post=16855"},{"taxonomy":"post_tag","embeddable":true,"href":"https:\/\/agromt.news\/index.php?rest_route=%2Fwp%2Fv2%2Ftags&post=16855"}],"curies":[{"name":"wp","href":"https:\/\/api.w.org\/{rel}","templated":true}]}}